{"id":39545,"date":"2025-08-05T07:31:59","date_gmt":"2025-08-05T05:31:59","guid":{"rendered":"https:\/\/www.lintelligentdabidjan.info\/news\/?p=39545"},"modified":"2025-08-05T07:32:05","modified_gmt":"2025-08-05T05:32:05","slug":"apres-lannonce-de-la-candidature-de-ouattara-a-la-presidentielle-ce-que-les-mabristes-preparent","status":"publish","type":"post","link":"https:\/\/www.lintelligentdabidjan.info\/news\/apres-lannonce-de-la-candidature-de-ouattara-a-la-presidentielle-ce-que-les-mabristes-preparent\/","title":{"rendered":"Apr\u00e8s l\u2019annonce de la  candidature de Ouattara  \u00e0 la pr\u00e9sidentielle-   Ce que les  Mabristes  pr\u00e9parent"},"content":{"rendered":"<p><em><strong>Ce que les   Mabristes  pr\u00e9parent apr\u00e8s l\u2019annonce de la  candidature de Ouattara  \u00e0 la pr\u00e9sidentielle.<\/strong><\/em><\/p>\n<p>Le R\u00e9seau des Mabristes pour ADO (REM-ADO) affiche clairement sa position en faveur de la candidature du pr\u00e9sident Alassane Ouattara \u00e0 l\u2019\u00e9lection pr\u00e9sidentielle d\u2019octobre 2025. <\/p>\n<p>Dans un communiqu\u00e9 re\u00e7u le dimanche 3 ao\u00fbt, le  pr\u00e9sident coordonnateur national du R\u00e9seau des Mabristes pour ADO, Siassieu Mah Rapha\u00ebl, salue une \u00ab d\u00e9cision historique \u00bb : celle du chef de l\u2019\u00c9tat de r\u00e9pondre \u00e0 l\u2019appel du peuple ivoirien en se portant candidat.<\/p>\n<p>Selon lui, cette candidature s\u2019inscrit dans la continuit\u00e9 d\u2019une vision de paix, de stabilit\u00e9 et de d\u00e9veloppement. \u00ab Le Pr\u00e9sident ADO reste le garant des acquis de ces derni\u00e8res ann\u00e9es. Son leadership est plus que jamais n\u00e9cessaire pour conduire la C\u00f4te d\u2019Ivoire vers un avenir prosp\u00e8re \u00bb, affirme-t-il.<\/p>\n<p><strong>Le REM-ADO entend jouer un r\u00f4le central dans cette dynamique. <\/strong><\/p>\n<p>Pour ce faire, le r\u00e9seau promet d\u2019intensifier sa pr\u00e9sence sur le terrain, de renforcer la communication de proximit\u00e9 et d\u2019activer ses relais tant en C\u00f4te d\u2019Ivoire qu\u2019\u00e0 l\u2019\u00e9tranger. Objectif affich\u00e9 : une victoire \u00e9clatante d\u00e8s le premier tour.<\/p>\n<p>Point d\u2019orgue de cette mobilisation, une r\u00e9union nationale d\u2019envergure est pr\u00e9vue le 30 ao\u00fbt 2025 \u00e0 Yamoussoukro, dans la mythique salle des Quatre Masques de l\u2019H\u00f4tel Le Pr\u00e9sident. <\/p>\n<p>Initialement pr\u00e9vue le 2 ao\u00fbt, cette rencontre se tiendra sous le th\u00e8me : \u00ab Le R\u00e9seau des Mabristes pour ADO face aux d\u00e9fis de la victoire du Pr\u00e9sident ADO \u00bb.<\/p>\n<p>Cette journ\u00e9e strat\u00e9gique rassemblera plusieurs personnalit\u00e9s politiques, notamment des cadres du RHDP. <\/p>\n<p>Sont attendus, entre autres, le Dr Son J\u00e9r\u00f4me, chef de cabinet politique du ministre-conseiller Mabri Toikeusse, ainsi que trois conf\u00e9renciers de renom : l\u2019honorable Zi\u00e9 Coulibaly, le s\u00e9nateur Kon\u00e9 Bouba et le Dr Gnol\u00e9ba Moustapha Martin.<\/p>\n<p>Pour Siassieu Mah Rapha\u00ebl, cette rencontre d\u00e9passe les enjeux politiques habituels. \u00ab Il s\u2019agit d\u2019un engagement solennel de tous ceux qui croient en la vision du Pr\u00e9sident Ouattara. J\u2019appelle tous les coordinateurs, responsables de sections, superviseurs et militants de la diaspora \u00e0 se mobiliser massivement. \u00bb<\/p>\n<p>Guid\u00e9 par la vision du Dr Abdallah Toikeusse Mabri, le REM-ADO r\u00e9affirme ainsi sa fid\u00e9lit\u00e9 au Pr\u00e9sident Alassane Ouattara, qu\u2019il consid\u00e8re comme le candidat de la continuit\u00e9 et de la transformation.<\/p>\n<p><strong>Beker Yao <\/strong><\/p>\n","protected":false},"excerpt":{"rendered":"<p>Ce que les Mabristes pr\u00e9parent apr\u00e8s l\u2019annonce de la candidature de Ouattara \u00e0 la pr\u00e9sidentielle. Le R\u00e9seau des Mabristes pour ADO (REM-ADO) affiche clairement sa position en faveur de la candidature du pr\u00e9sident Alassane Ouattara \u00e0 l\u2019\u00e9lection pr\u00e9sidentielle d\u2019octobre 2025. Dans un communiqu\u00e9 re\u00e7u le dimanche 3 ao\u00fbt, le pr\u00e9sident coordonnateur national du R\u00e9seau des [&hellip;]<\/p>\n","protected":false},"author":4,"featured_media":39546,"comment_status":"closed","ping_status":"closed","sticky":false,"template":"","format":"standard","meta":{"footnotes":""},"categories":[2,17],"tags":[2941,5877,4599],"class_list":["post-39545","post","type-post","status-publish","format-standard","has-post-thumbnail","hentry","category-featured","category-politique","tag-candidature-de-ouattara","tag-mabristes","tag-presidentielle"],"_links":{"self":[{"href":"https:\/\/www.lintelligentdabidjan.info\/news\/wp-json\/wp\/v2\/posts\/39545","targetHints":{"allow":["GET"]}}],"collection":[{"href":"https:\/\/www.lintelligentdabidjan.info\/news\/wp-json\/wp\/v2\/posts"}],"about":[{"href":"https:\/\/www.lintelligentdabidjan.info\/news\/wp-json\/wp\/v2\/types\/post"}],"author":[{"embeddable":true,"href":"https:\/\/www.lintelligentdabidjan.info\/news\/wp-json\/wp\/v2\/users\/4"}],"replies":[{"embeddable":true,"href":"https:\/\/www.lintelligentdabidjan.info\/news\/wp-json\/wp\/v2\/comments?post=39545"}],"version-history":[{"count":1,"href":"https:\/\/www.lintelligentdabidjan.info\/news\/wp-json\/wp\/v2\/posts\/39545\/revisions"}],"predecessor-version":[{"id":39547,"href":"https:\/\/www.lintelligentdabidjan.info\/news\/wp-json\/wp\/v2\/posts\/39545\/revisions\/39547"}],"wp:featuredmedia":[{"embeddable":true,"href":"https:\/\/www.lintelligentdabidjan.info\/news\/wp-json\/wp\/v2\/media\/39546"}],"wp:attachment":[{"href":"https:\/\/www.lintelligentdabidjan.info\/news\/wp-json\/wp\/v2\/media?parent=39545"}],"wp:term":[{"taxonomy":"category","embeddable":true,"href":"https:\/\/www.lintelligentdabidjan.info\/news\/wp-json\/wp\/v2\/categories?post=39545"},{"taxonomy":"post_tag","embeddable":true,"href":"https:\/\/www.lintelligentdabidjan.info\/news\/wp-json\/wp\/v2\/tags?post=39545"}],"curies":[{"name":"wp","href":"https:\/\/api.w.org\/{rel}","templated":true}]}}