{"id":39548,"date":"2025-08-05T07:36:23","date_gmt":"2025-08-05T05:36:23","guid":{"rendered":"https:\/\/www.lintelligentdabidjan.info\/news\/?p=39548"},"modified":"2025-08-05T07:36:29","modified_gmt":"2025-08-05T05:36:29","slug":"journee-dexcellence-a-adjame-sylla-meita-epouse-konare-salue-une-initiative-porteuse-de-valeurs","status":"publish","type":"post","link":"https:\/\/www.lintelligentdabidjan.info\/news\/journee-dexcellence-a-adjame-sylla-meita-epouse-konare-salue-une-initiative-porteuse-de-valeurs\/","title":{"rendered":"Journ\u00e9e d\u2019excellence \u00e0 Adjam\u00e9 &#8211;  Sylla Me\u00efta \u00e9pouse Konar\u00e9 salue une initiative porteuse de valeurs"},"content":{"rendered":"<p><em><strong>Le samedi 2 ao\u00fbt 2025, Williamsville, un quartier de la commune d\u2019Adjam\u00e9 a vibr\u00e9 au rythme de la premi\u00e8re \u00e9dition de la Journ\u00e9e de l\u2019Excellence, organis\u00e9e par l\u2019Amicale des Jeunes La Renaissance de Williamsville (AJRW). Une c\u00e9r\u00e9monie d\u00e9di\u00e9e \u00e0 la c\u00e9l\u00e9bration des meilleurs \u00e9l\u00e8ves des \u00e9tablissements scolaires locaux, sous le parrainage du diplomate Sylla Mohamed, repr\u00e9sent\u00e9 par sa s\u0153ur, Madame Sylla Me\u00efta \u00e9pouse Konar\u00e9.<\/strong><\/em><\/p>\n<p>Au  nom du parrain, Sylla Me\u00efta \u00e9pouse Konar\u00e9 a livr\u00e9 un message fort, empreint d\u2019engagement et de sagesse. Elle a salu\u00e9 une initiative \u00ab loin d\u2019\u00eatre une simple remise de prix \u00bb, mais plut\u00f4t un levier puissant de valorisation des valeurs fondamentales que sont le travail, le m\u00e9rite et l\u2019excellence au sein de la communaut\u00e9.<\/p>\n<p>\u00ab Cette initiative vise \u00e0 raviver chez les jeunes et leurs encadrants l\u2019esprit d\u2019effort, de discipline et de pers\u00e9v\u00e9rance \u00bb, a-t-elle soulign\u00e9, mettant en lumi\u00e8re l\u2019importance d\u2019un encadrement \u00e9ducatif s\u00e9rieux, capable de construire une jeunesse responsable et vertueuse.<\/p>\n<p>Fervente d\u00e9fenseure de l\u2019\u00e9ducation, Sylla Me\u00efta a f\u00e9licit\u00e9 la mobilisation collective autour de la cause \u00e9ducative, qu\u2019elle consid\u00e8re comme un pilier fondamental, en particulier pour l\u2019avenir des jeunes filles, m\u00e8res et s\u0153urs de notre soci\u00e9t\u00e9.<\/p>\n<p><strong>Un vibrant hommage \u00e0 ses proches disparus<\/strong><\/p>\n<p>Sylla Me\u00efta \u00e9pouse Konar\u00e9 a profit\u00e9 de cette tribune pour rendre un hommage appuy\u00e9 \u00e0 ses d\u00e9funts parents, qui ont fortement marqu\u00e9 la vie de la commune d\u2019Adjam\u00e9. Elle a \u00e9voqu\u00e9 avec \u00e9motion son p\u00e8re, El Hadj Sylla Youssouf, ancien maire d\u2019Adjam\u00e9, dont elle a salu\u00e9 le leadership visionnaire et l\u2019engagement sans faille au service de la collectivit\u00e9. Elle a \u00e9galement honor\u00e9 la m\u00e9moire de sa grande s\u0153ur, Kady Sylla, dont le d\u00e9part pr\u00e9matur\u00e9 a inspir\u00e9 la cr\u00e9ation de l\u2019ONG Kadis Vie, aujourd\u2019hui active dans l\u2019accompagnement \u00e9ducatif et social des enfants et jeunes en difficult\u00e9.<\/p>\n<p>Madame Konar\u00e9 a f\u00e9licit\u00e9 Kouakou Kevin L\u00e9once, pr\u00e9sident de l\u2019AJRW et initiateur de la Journ\u00e9e de l\u2019Excellence, qu\u2019elle a qualifi\u00e9 de v\u00e9ritable bouff\u00e9e d\u2019esp\u00e9rance pour la jeunesse.<\/p>\n<p>\u00ab Merci, jeune fr\u00e8re, pour ce que tu fais pour ces enfants. Que Dieu t\u2019accompagne toujours \u00bb, a-t-elle d\u00e9clar\u00e9, saluant son d\u00e9vouement et sa vision. Elle a par ailleurs assur\u00e9 que l\u2019ONG Kadis Vie continuerait de soutenir toutes les initiatives allant dans le sens de l\u2019excellence scolaire. Cette Journ\u00e9e de l\u2019Excellence a permis de distinguer les \u00e9l\u00e8ves les plus brillants des \u00e9tablissements de la commune. \u00c0 l\u2019issue de la c\u00e9r\u00e9monie, des ordinateurs, tablettes, kits scolaires et divers cadeaux ont \u00e9t\u00e9 remis aux laur\u00e9ats, en reconnaissance de leurs efforts et de leur comportement exemplaire.<\/p>\n<p>En somme, cette premi\u00e8re \u00e9dition a tenu toutes ses promesses et donne rendez-vous pour les prochaines, sous le signe d\u2019un engagement renouvel\u00e9 en faveur de l\u2019\u00e9ducation, de l\u2019excellence et du m\u00e9rite.<\/p>\n<p><strong>Olivier Dion avec G\u00e9rard Batoua <\/strong><\/p>\n","protected":false},"excerpt":{"rendered":"<p>Le samedi 2 ao\u00fbt 2025, Williamsville, un quartier de la commune d\u2019Adjam\u00e9 a vibr\u00e9 au rythme de la premi\u00e8re \u00e9dition de la Journ\u00e9e de l\u2019Excellence, organis\u00e9e par l\u2019Amicale des Jeunes La Renaissance de Williamsville (AJRW). Une c\u00e9r\u00e9monie d\u00e9di\u00e9e \u00e0 la c\u00e9l\u00e9bration des meilleurs \u00e9l\u00e8ves des \u00e9tablissements scolaires locaux, sous le parrainage du diplomate Sylla Mohamed, [&hellip;]<\/p>\n","protected":false},"author":4,"featured_media":39549,"comment_status":"closed","ping_status":"closed","sticky":false,"template":"","format":"standard","meta":{"_monsterinsights_skip_tracking":false,"_monsterinsights_sitenote_active":false,"_monsterinsights_sitenote_note":"","_monsterinsights_sitenote_category":0,"footnotes":""},"categories":[2,3],"tags":[357,2224,5204,5878],"class_list":["post-39548","post","type-post","status-publish","format-standard","has-post-thumbnail","hentry","category-featured","category-societe","tag-adjame","tag-initiative","tag-journee-dexcellence","tag-sylla-meita-epouse-konare"],"_links":{"self":[{"href":"https:\/\/www.lintelligentdabidjan.info\/news\/wp-json\/wp\/v2\/posts\/39548","targetHints":{"allow":["GET"]}}],"collection":[{"href":"https:\/\/www.lintelligentdabidjan.info\/news\/wp-json\/wp\/v2\/posts"}],"about":[{"href":"https:\/\/www.lintelligentdabidjan.info\/news\/wp-json\/wp\/v2\/types\/post"}],"author":[{"embeddable":true,"href":"https:\/\/www.lintelligentdabidjan.info\/news\/wp-json\/wp\/v2\/users\/4"}],"replies":[{"embeddable":true,"href":"https:\/\/www.lintelligentdabidjan.info\/news\/wp-json\/wp\/v2\/comments?post=39548"}],"version-history":[{"count":1,"href":"https:\/\/www.lintelligentdabidjan.info\/news\/wp-json\/wp\/v2\/posts\/39548\/revisions"}],"predecessor-version":[{"id":39550,"href":"https:\/\/www.lintelligentdabidjan.info\/news\/wp-json\/wp\/v2\/posts\/39548\/revisions\/39550"}],"wp:featuredmedia":[{"embeddable":true,"href":"https:\/\/www.lintelligentdabidjan.info\/news\/wp-json\/wp\/v2\/media\/39549"}],"wp:attachment":[{"href":"https:\/\/www.lintelligentdabidjan.info\/news\/wp-json\/wp\/v2\/media?parent=39548"}],"wp:term":[{"taxonomy":"category","embeddable":true,"href":"https:\/\/www.lintelligentdabidjan.info\/news\/wp-json\/wp\/v2\/categories?post=39548"},{"taxonomy":"post_tag","embeddable":true,"href":"https:\/\/www.lintelligentdabidjan.info\/news\/wp-json\/wp\/v2\/tags?post=39548"}],"curies":[{"name":"wp","href":"https:\/\/api.w.org\/{rel}","templated":true}]}}