{"id":39554,"date":"2025-08-06T07:12:39","date_gmt":"2025-08-06T05:12:39","guid":{"rendered":"https:\/\/www.lintelligentdabidjan.info\/news\/?p=39554"},"modified":"2025-08-06T07:12:47","modified_gmt":"2025-08-06T05:12:47","slug":"bouake-fete-de-lindependance-le-judo-club-ivoire-se-mobilise-aux-cotes-de-paul-dakuyo","status":"publish","type":"post","link":"https:\/\/www.lintelligentdabidjan.info\/news\/bouake-fete-de-lindependance-le-judo-club-ivoire-se-mobilise-aux-cotes-de-paul-dakuyo\/","title":{"rendered":"Bouak\u00e9 \u2013 F\u00eate de l\u2019ind\u00e9pendance:  Le Judo Club Ivoire se mobilise aux c\u00f4t\u00e9s de Paul Dakuyo"},"content":{"rendered":"<p><strong>Dans le cadre des pr\u00e9paratifs des festivit\u00e9s du 65e anniversaire de l\u2019ind\u00e9pendance de la C\u00f4te d\u2019Ivoire, le Judo Club Ivoire de Bouak\u00e9 a organis\u00e9, le lundi 4 ao\u00fbt 2025, une activit\u00e9 citoyenne baptis\u00e9e \u00ab Fondi \u00bb, signifiant paix en langue baoul\u00e9. L\u2019\u00e9v\u00e9nement s\u2019est tenu devant l\u2019\u00e9tat civil du quartier Belleville, en pr\u00e9sence du parrain de la c\u00e9r\u00e9monie, le d\u00e9put\u00e9-maire de Bouak\u00e9, Dr Paul Dakuyo.<\/strong><\/p>\n<p>Cette initiative visait \u00e0 promouvoir la coh\u00e9sion sociale \u00e0 travers le sport, tout en valorisant les performances des jeunes athl\u00e8tes locaux. \u00c0 cette occasion, le club a pr\u00e9sent\u00e9 ses judokas, ainsi que les troph\u00e9es remport\u00e9s lors des comp\u00e9titions nationales en 2024.<\/p>\n<p>Ma\u00eetre Houphou\u00ebt Nicolas, fondateur du Judo Club Ivoire, s\u2019est r\u00e9joui de la vitalit\u00e9 de cette discipline dans la commune.<\/p>\n<p>\u00ab Aujourd\u2019hui, nous faisons partie des meilleurs clubs de judo en C\u00f4te d\u2019Ivoire. Nous sommes fiers de repr\u00e9senter dignement Bouak\u00e9. Contrairement aux pr\u00e9jug\u00e9s, le judo n\u2019est pas r\u00e9serv\u00e9 qu\u2019aux hommes. Nos champions sont aussi \u00e0 l\u2019universit\u00e9 et contribuent \u00e0 la fiert\u00e9 de la ville \u00bb, a-t-il d\u00e9clar\u00e9.<\/p>\n<p><strong>Il a \u00e9galement rappel\u00e9 les vertus \u00e9ducatives de ce sport.<\/strong><\/p>\n<p>\u00ab Le judo rend plus sage. Il favorise l\u2019\u00e9panouissement, l\u2019ouverture d\u2019esprit et la ma\u00eetrise de soi. Nos jeunes arrivent \u00e0 concilier \u00e9tudes et sport avec brio \u00bb, a-t-il soulign\u00e9.<\/p>\n<p>De son c\u00f4t\u00e9, le parrain de l\u2019activit\u00e9, le Premier adjoint au maire et d\u00e9put\u00e9 de Bouak\u00e9, Paul Dakuyo, a salu\u00e9 l\u2019initiative du club et la pertinence du th\u00e8me choisi.<\/p>\n<p>\u00ab \u00c0 l\u2019approche de l\u2019ind\u00e9pendance, il est important de mobiliser la population autour d\u2019activit\u00e9s porteuses de sens. C\u2019est pour cr\u00e9er cette ambiance festive que nous avons soutenu cet \u00e9v\u00e9nement \u00bb, a-t-il expliqu\u00e9. Il a \u00e9galement rappel\u00e9 l&#8217;importance du sport comme levier de d\u00e9veloppement personnel.<\/p>\n<p>\u00ab Le sport, c\u2019est aussi se fixer des d\u00e9fis et apprendre \u00e0 les surmonter. C\u2019est un v\u00e9ritable outil de pr\u00e9paration \u00e0 la r\u00e9ussite dans la vie \u00bb, a-t-il ajout\u00e9, tout en adressant ses encouragements aux jeunes athl\u00e8tes du Gb\u00eak\u00ea.<\/p>\n<p>La c\u00e9r\u00e9monie a \u00e9t\u00e9 ponctu\u00e9e par des d\u00e9monstrations techniques des judokas, dont certains sont champions ou vice-champions de C\u00f4te d\u2019Ivoire dans diverses cat\u00e9gories, illustrant ainsi le dynamisme du club et le potentiel de la jeunesse sportive de Bouak\u00e9.<\/p>\n<p><strong>Nambac\u00e9r\u00e9 Jo\u00ebl <\/strong><\/p>\n","protected":false},"excerpt":{"rendered":"<p>Dans le cadre des pr\u00e9paratifs des festivit\u00e9s du 65e anniversaire de l\u2019ind\u00e9pendance de la C\u00f4te d\u2019Ivoire, le Judo Club Ivoire de Bouak\u00e9 a organis\u00e9, le lundi 4 ao\u00fbt 2025, une activit\u00e9 citoyenne baptis\u00e9e \u00ab Fondi \u00bb, signifiant paix en langue baoul\u00e9. L\u2019\u00e9v\u00e9nement s\u2019est tenu devant l\u2019\u00e9tat civil du quartier Belleville, en pr\u00e9sence du parrain de [&hellip;]<\/p>\n","protected":false},"author":4,"featured_media":39555,"comment_status":"closed","ping_status":"closed","sticky":false,"template":"","format":"standard","meta":{"_monsterinsights_skip_tracking":false,"_monsterinsights_sitenote_active":false,"_monsterinsights_sitenote_note":"","_monsterinsights_sitenote_category":0,"footnotes":""},"categories":[2,3,23],"tags":[125,5871,5879,4195,4548],"class_list":["post-39554","post","type-post","status-publish","format-standard","has-post-thumbnail","hentry","category-featured","category-societe","category-sport","tag-bouake","tag-fete-de-lindependance","tag-le-judo-club-ivoire","tag-mobilise","tag-paul-dakuyo"],"_links":{"self":[{"href":"https:\/\/www.lintelligentdabidjan.info\/news\/wp-json\/wp\/v2\/posts\/39554","targetHints":{"allow":["GET"]}}],"collection":[{"href":"https:\/\/www.lintelligentdabidjan.info\/news\/wp-json\/wp\/v2\/posts"}],"about":[{"href":"https:\/\/www.lintelligentdabidjan.info\/news\/wp-json\/wp\/v2\/types\/post"}],"author":[{"embeddable":true,"href":"https:\/\/www.lintelligentdabidjan.info\/news\/wp-json\/wp\/v2\/users\/4"}],"replies":[{"embeddable":true,"href":"https:\/\/www.lintelligentdabidjan.info\/news\/wp-json\/wp\/v2\/comments?post=39554"}],"version-history":[{"count":1,"href":"https:\/\/www.lintelligentdabidjan.info\/news\/wp-json\/wp\/v2\/posts\/39554\/revisions"}],"predecessor-version":[{"id":39556,"href":"https:\/\/www.lintelligentdabidjan.info\/news\/wp-json\/wp\/v2\/posts\/39554\/revisions\/39556"}],"wp:featuredmedia":[{"embeddable":true,"href":"https:\/\/www.lintelligentdabidjan.info\/news\/wp-json\/wp\/v2\/media\/39555"}],"wp:attachment":[{"href":"https:\/\/www.lintelligentdabidjan.info\/news\/wp-json\/wp\/v2\/media?parent=39554"}],"wp:term":[{"taxonomy":"category","embeddable":true,"href":"https:\/\/www.lintelligentdabidjan.info\/news\/wp-json\/wp\/v2\/categories?post=39554"},{"taxonomy":"post_tag","embeddable":true,"href":"https:\/\/www.lintelligentdabidjan.info\/news\/wp-json\/wp\/v2\/tags?post=39554"}],"curies":[{"name":"wp","href":"https:\/\/api.w.org\/{rel}","templated":true}]}}