{"id":39566,"date":"2025-08-06T07:31:32","date_gmt":"2025-08-06T05:31:32","guid":{"rendered":"https:\/\/www.lintelligentdabidjan.info\/news\/?p=39566"},"modified":"2025-08-06T07:31:38","modified_gmt":"2025-08-06T05:31:38","slug":"prix-national-dexcellence-kano-yahanatou-flore-dedie-sa-distinction-a-ses-collaborateurs","status":"publish","type":"post","link":"https:\/\/www.lintelligentdabidjan.info\/news\/prix-national-dexcellence-kano-yahanatou-flore-dedie-sa-distinction-a-ses-collaborateurs\/","title":{"rendered":"Prix national d&#8217;Excellence &#8211; Kano Yahanatou Flore d\u00e9die sa distinction  \u00e0 ses collaborateurs"},"content":{"rendered":"<p><strong>Laur\u00e9ate du Prix national d\u2019excellence de la meilleure entreprise du commerce int\u00e9rieur lors de la 12e \u00e9dition de ce prix, la directrice g\u00e9n\u00e9rale du Bureau Informatique T\u00e9l\u00e9communication (Burinfort), Kano Yahanatou Flore, a \u00e9t\u00e9 c\u00e9l\u00e9br\u00e9e par ses collaborateurs, le lundi 4 ao\u00fbt 2025 \u00e0 Abidjan-Cocody-Angr\u00e9.<\/strong><\/p>\n<p>La distinction de l\u2019entreprise Burinfort par le Prix national d\u2019excellence de la meilleure entreprise du commerce int\u00e9rieur vise \u00e0 reconna\u00eetre et \u00e0 r\u00e9compenser cette structure du secteur du commerce qui se d\u00e9marque par son excellence op\u00e9rationnelle et son engagement ind\u00e9fectible en faveur de l\u2019\u00e9conomie nationale. \u00ab Ce qui a milit\u00e9 en notre faveur pour l\u2019obtention de ce prix national d&#8217;excellence, c\u2019est notre organisation, notre s\u00e9rieux et notre engagement national. L\u2019un de nos points forts est de soutenir la C\u00f4te d\u2019Ivoire \u00bb, a d\u00e9clar\u00e9 la directrice g\u00e9n\u00e9rale, Kano Yahanatou Flore. Pour elle, cette reconnaissance est le fruit d\u2019une synergie d\u2019actions et d\u2019engagements entrepris par son \u00e9quipe et l\u2019ensemble du personnel. C\u2019est pourquoi elle a d\u00e9di\u00e9 cette performance \u00e0 l\u2019ensemble de ses collaborateurs, les incitant \u00e0 s&#8217;investir davantage pour atteindre des objectifs encore plus grands. Par ailleurs, elle a soulign\u00e9 que cette r\u00e9compense confirme son ambition de faire rayonner son entreprise au niveau national, mais aussi de la faire reconna\u00eetre dans la sous-r\u00e9gion et \u00e0 l\u2019international. Elle entend s\u2019inscrire durablement dans le tissu \u00e9conomique ivoirien et contribuer activement \u00e0 l\u2019ind\u00e9pendance \u00e9conomique du pays. \u00ab Mon ambition est de hisser Burinfort au rang de champion national et de contribuer activement au d\u00e9veloppement harmonieux de notre pays \u00bb, a-t-elle indiqu\u00e9, soulignant que Burinfort entend dynamiser l\u2019\u00e9conomie ivoirienne gr\u00e2ce \u00e0 des solutions technologiques adapt\u00e9es aux entreprises, cr\u00e9er de la valeur ajout\u00e9e pour l\u2019ensemble des parties prenantes et innover pour r\u00e9pondre aux d\u00e9fis \u00e9conomiques actuels et futurs.<\/p>\n<p><strong>Olivier Dion avec A. Traor\u00e9 avec Sercom<\/strong><\/p>\n","protected":false},"excerpt":{"rendered":"<p>Laur\u00e9ate du Prix national d\u2019excellence de la meilleure entreprise du commerce int\u00e9rieur lors de la 12e \u00e9dition de ce prix, la directrice g\u00e9n\u00e9rale du Bureau Informatique T\u00e9l\u00e9communication (Burinfort), Kano Yahanatou Flore, a \u00e9t\u00e9 c\u00e9l\u00e9br\u00e9e par ses collaborateurs, le lundi 4 ao\u00fbt 2025 \u00e0 Abidjan-Cocody-Angr\u00e9. La distinction de l\u2019entreprise Burinfort par le Prix national d\u2019excellence de [&hellip;]<\/p>\n","protected":false},"author":4,"featured_media":39567,"comment_status":"closed","ping_status":"closed","sticky":false,"template":"","format":"standard","meta":{"_monsterinsights_skip_tracking":false,"_monsterinsights_sitenote_active":false,"_monsterinsights_sitenote_note":"","_monsterinsights_sitenote_category":0,"footnotes":""},"categories":[2,3],"tags":[5888,5887,4030],"class_list":["post-39566","post","type-post","status-publish","format-standard","has-post-thumbnail","hentry","category-featured","category-societe","tag-collaborateurs","tag-kano-yahanatou-flore","tag-prix-national-dexcellence"],"_links":{"self":[{"href":"https:\/\/www.lintelligentdabidjan.info\/news\/wp-json\/wp\/v2\/posts\/39566","targetHints":{"allow":["GET"]}}],"collection":[{"href":"https:\/\/www.lintelligentdabidjan.info\/news\/wp-json\/wp\/v2\/posts"}],"about":[{"href":"https:\/\/www.lintelligentdabidjan.info\/news\/wp-json\/wp\/v2\/types\/post"}],"author":[{"embeddable":true,"href":"https:\/\/www.lintelligentdabidjan.info\/news\/wp-json\/wp\/v2\/users\/4"}],"replies":[{"embeddable":true,"href":"https:\/\/www.lintelligentdabidjan.info\/news\/wp-json\/wp\/v2\/comments?post=39566"}],"version-history":[{"count":1,"href":"https:\/\/www.lintelligentdabidjan.info\/news\/wp-json\/wp\/v2\/posts\/39566\/revisions"}],"predecessor-version":[{"id":39568,"href":"https:\/\/www.lintelligentdabidjan.info\/news\/wp-json\/wp\/v2\/posts\/39566\/revisions\/39568"}],"wp:featuredmedia":[{"embeddable":true,"href":"https:\/\/www.lintelligentdabidjan.info\/news\/wp-json\/wp\/v2\/media\/39567"}],"wp:attachment":[{"href":"https:\/\/www.lintelligentdabidjan.info\/news\/wp-json\/wp\/v2\/media?parent=39566"}],"wp:term":[{"taxonomy":"category","embeddable":true,"href":"https:\/\/www.lintelligentdabidjan.info\/news\/wp-json\/wp\/v2\/categories?post=39566"},{"taxonomy":"post_tag","embeddable":true,"href":"https:\/\/www.lintelligentdabidjan.info\/news\/wp-json\/wp\/v2\/tags?post=39566"}],"curies":[{"name":"wp","href":"https:\/\/api.w.org\/{rel}","templated":true}]}}