{"id":39569,"date":"2025-08-06T07:35:15","date_gmt":"2025-08-06T05:35:15","guid":{"rendered":"https:\/\/www.lintelligentdabidjan.info\/news\/?p=39569"},"modified":"2025-08-06T13:19:04","modified_gmt":"2025-08-06T11:19:04","slug":"sante-mentale-le-programme-take-care-accompagne-les-jeunes-vers-une-vie-epanouie","status":"publish","type":"post","link":"https:\/\/www.lintelligentdabidjan.info\/news\/sante-mentale-le-programme-take-care-accompagne-les-jeunes-vers-une-vie-epanouie\/","title":{"rendered":"Sant\u00e9 mentale-  Le programme \u00ab Take Care \u00bb accompagne les jeunes vers une vie \u00e9panouie"},"content":{"rendered":"<p style=\"text-align: center;\"><strong>La troisi\u00e8me \u00e9dition du programme Take Care s\u2019est tenue le samedi 2 ao\u00fbt 2025 dans un \u00e9tablissement scolaire Abidjan-Cocody. Port\u00e9 par \u00c9liane Kobenan,coach certifi\u00e9e en d\u00e9veloppement personnel sp\u00e9cialis\u00e9 dans l\u2019accompagnement des adolescents, ce programme se veut un espace d\u2019\u00e9coute, de communication et de relation d\u2019aide, destin\u00e9 \u00e0 promouvoir le bien-\u00eatre psychologique des jeunes.<\/strong><\/p>\n<p>Intitul\u00e9e \u00ab Journ\u00e9e d\u2019\u00e9coute, de communication et de relation d\u2019aide \u00bb, cette rencontre a rassembl\u00e9 plusieurs jeunes, \u00e2g\u00e9s de 10 \u00e0 24 ans, venus de plusieurs communes d\u2019Abidjan et de l\u2019int\u00e9rieur du pays. Une forte mobilisation qui t\u00e9moigne de la pertinence du programme face aux r\u00e9alit\u00e9s v\u00e9cues par cette tranche d\u2019\u00e2ge.<\/p>\n<p><strong>Une r\u00e9ponse aux d\u00e9fis que rencontrent les jeunes<\/strong><\/p>\n<p>\u00ab Aujourd\u2019hui, les adolescents et les jeunes adultes sont confront\u00e9s \u00e0 de nombreuses probl\u00e9matiques telles que la drogue, les grossesses pr\u00e9coces, les violences, le manque de dialogue avec les parents ou les figures d\u2019autorit\u00e9 \u00bb, explique \u00c9liane Kobena. Pour elle, il est essentiel de cr\u00e9er des espaces o\u00f9 les jeunes peuvent s\u2019exprimer librement, se sentir \u00e9cout\u00e9s et trouver des r\u00e9ponses \u00e0 leurs interrogations.<\/p>\n<p>Le programme Take Care s\u2019inscrit dans cette logique, en favorisant l\u2019\u00e9change et la construction de rep\u00e8res solides pour une jeunesse souvent en perte de direction. \u00ab L\u2019adolescence est une phase inconfortable, mais temporaire. Le plus important, c\u2019est de ne pas rester seul. Il faut parler, s\u2019ouvrir, exprimer ce que l\u2019on vit \u00bb, insiste-t-elle.<\/p>\n<p><strong>Des r\u00e9sultats concrets et encourageants<\/strong><\/p>\n<p>Depuis son lancement, Take Care a permis \u00e0 plusieurs jeunes de transformer positivement leur parcours. Environ 238 participants jusqu\u2019\u00e0 ce jour. Parmi eux, d\u2019autres ont t\u00e9moign\u00e9 des changements significatifs qu\u2019ils ont eu gr\u00e2ce au programme comme l\u2019arr\u00eat de la consommation d\u2019alcool ou de drogue, retour sur les bancs de l\u2019\u00e9cole, reprise de confiance en soi\u2026<\/p>\n<p>\u00ab Le bien-\u00eatre des enfants passe par une bonne estime de soi, des relations saines et la capacit\u00e9 \u00e0 communiquer ce qu\u2019ils vivent \u00bb, rappelle \u00c9liane Kobena. Elle ajoute que cette initiative est n\u00e9e d\u2019une conviction forte : celle que chaque jeune m\u00e9rite d\u2019\u00eatre soutenu, entendu et valoris\u00e9.<br \/>\n<strong><br \/>\nUn projet en pleine expansion<\/strong><\/p>\n<p>Avec le succ\u00e8s de cette troisi\u00e8me \u00e9dition, Take Care confirme son impact et son importance dans l\u2019\u00e9cosyst\u00e8me \u00e9ducatif et psychosocial ivoirien. Le programme se positionne d\u00e9sormais comme une r\u00e9f\u00e9rence en mati\u00e8re de soutien psychologique et de d\u00e9veloppement personnel pour les jeunes.<\/p>\n<p><strong>Par : G\u00e9rard Batoua avec sercom<\/strong><\/p>\n","protected":false},"excerpt":{"rendered":"<p>La troisi\u00e8me \u00e9dition du programme Take Care s\u2019est tenue le samedi 2 ao\u00fbt 2025 dans un \u00e9tablissement scolaire Abidjan-Cocody. Port\u00e9 par \u00c9liane Kobenan,coach certifi\u00e9e en d\u00e9veloppement personnel sp\u00e9cialis\u00e9 dans l\u2019accompagnement des adolescents, ce programme se veut un espace d\u2019\u00e9coute, de communication et de relation d\u2019aide, destin\u00e9 \u00e0 promouvoir le bien-\u00eatre psychologique des jeunes. Intitul\u00e9e \u00ab [&hellip;]<\/p>\n","protected":false},"author":4,"featured_media":39570,"comment_status":"closed","ping_status":"closed","sticky":false,"template":"","format":"standard","meta":{"_monsterinsights_skip_tracking":false,"_monsterinsights_sitenote_active":false,"_monsterinsights_sitenote_note":"","_monsterinsights_sitenote_category":0,"footnotes":""},"categories":[2,3],"tags":[701,5805,5889,5890],"class_list":["post-39569","post","type-post","status-publish","format-standard","has-post-thumbnail","hentry","category-featured","category-societe","tag-jeunes","tag-sante-mentale","tag-take-care","tag-vie-epanouie"],"_links":{"self":[{"href":"https:\/\/www.lintelligentdabidjan.info\/news\/wp-json\/wp\/v2\/posts\/39569","targetHints":{"allow":["GET"]}}],"collection":[{"href":"https:\/\/www.lintelligentdabidjan.info\/news\/wp-json\/wp\/v2\/posts"}],"about":[{"href":"https:\/\/www.lintelligentdabidjan.info\/news\/wp-json\/wp\/v2\/types\/post"}],"author":[{"embeddable":true,"href":"https:\/\/www.lintelligentdabidjan.info\/news\/wp-json\/wp\/v2\/users\/4"}],"replies":[{"embeddable":true,"href":"https:\/\/www.lintelligentdabidjan.info\/news\/wp-json\/wp\/v2\/comments?post=39569"}],"version-history":[{"count":3,"href":"https:\/\/www.lintelligentdabidjan.info\/news\/wp-json\/wp\/v2\/posts\/39569\/revisions"}],"predecessor-version":[{"id":39580,"href":"https:\/\/www.lintelligentdabidjan.info\/news\/wp-json\/wp\/v2\/posts\/39569\/revisions\/39580"}],"wp:featuredmedia":[{"embeddable":true,"href":"https:\/\/www.lintelligentdabidjan.info\/news\/wp-json\/wp\/v2\/media\/39570"}],"wp:attachment":[{"href":"https:\/\/www.lintelligentdabidjan.info\/news\/wp-json\/wp\/v2\/media?parent=39569"}],"wp:term":[{"taxonomy":"category","embeddable":true,"href":"https:\/\/www.lintelligentdabidjan.info\/news\/wp-json\/wp\/v2\/categories?post=39569"},{"taxonomy":"post_tag","embeddable":true,"href":"https:\/\/www.lintelligentdabidjan.info\/news\/wp-json\/wp\/v2\/tags?post=39569"}],"curies":[{"name":"wp","href":"https:\/\/api.w.org\/{rel}","templated":true}]}}