{"id":39572,"date":"2025-08-06T07:41:04","date_gmt":"2025-08-06T05:41:04","guid":{"rendered":"https:\/\/www.lintelligentdabidjan.info\/news\/?p=39572"},"modified":"2025-08-06T07:41:10","modified_gmt":"2025-08-06T05:41:10","slug":"insertion-professionnelle-10-jeunes-talents-beneficient-dun-accompagnement","status":"publish","type":"post","link":"https:\/\/www.lintelligentdabidjan.info\/news\/insertion-professionnelle-10-jeunes-talents-beneficient-dun-accompagnement\/","title":{"rendered":"Insertion professionnelle- 10 jeunes talents b\u00e9n\u00e9ficient d&#8217;un accompagnement"},"content":{"rendered":"<p><em><strong>Le programme Canal + Jeunes Talents a \u00e9t\u00e9 lanc\u00e9 dans le but d\u2019accompagner 10 jeunes Ivoiriens vers une insertion professionnelle r\u00e9ussie.<\/strong><\/em><\/p>\n<p>La premi\u00e8re \u00e9dition du programme d\u2019insertion professionnelle d\u00e9nomm\u00e9 Canal + Jeunes Talents a \u00e9t\u00e9 officiellement lanc\u00e9e le jeudi 31 juillet 2025, \u00e0 Abidjan-Cocody.<\/p>\n<p>Cette initiative vise \u00e0 s\u00e9lectionner 10 jeunes dipl\u00f4m\u00e9s du syst\u00e8me universitaire ivoirien, \u00e2g\u00e9s de moins de 25 ans, titulaires d\u2019un Master obtenu avec la mention \u00ab Tr\u00e8s bien \u00bb ou \u00ab Bien \u00bb. Au terme d\u2019un processus de s\u00e9lection exigeant, combinant \u00e9valuation sur dossier, tests, entretiens et v\u00e9rifications des r\u00e9f\u00e9rences, et apr\u00e8s un stage de 12 mois au sein des diff\u00e9rentes entit\u00e9s de cette entreprise audiovisuelle, chaque participant b\u00e9n\u00e9ficiera d\u2019un bilan de comp\u00e9tences qui lui permettra de valoriser ses acquis et d\u2019envisager une carri\u00e8re professionnelle avec plus de clart\u00e9.<\/p>\n<p>\u00ab Depuis plusieurs ann\u00e9es, notre groupe a mis un point d&#8217;honneur \u00e0 s&#8217;int\u00e9grer dans son environnement, \u00e0 travers des actions de responsabilit\u00e9 soci\u00e9tale. Ce programme n\u2019est pas qu\u2019un simple stage, mais un acc\u00e9l\u00e9rateur de carri\u00e8re. Gr\u00e2ce \u00e0 un accompagnement, ces jeunes d\u00e9velopperont des comp\u00e9tences et pourront mieux se pr\u00e9parer \u00e0 des r\u00f4les de leadership \u00bb, a expliqu\u00e9 Cl\u00e9ment N\u2019zi, directeur administratif et financier du groupe.<\/p>\n<p><strong>Olivier Dion<\/strong><\/p>\n","protected":false},"excerpt":{"rendered":"<p>Le programme Canal + Jeunes Talents a \u00e9t\u00e9 lanc\u00e9 dans le but d\u2019accompagner 10 jeunes Ivoiriens vers une insertion professionnelle r\u00e9ussie. La premi\u00e8re \u00e9dition du programme d\u2019insertion professionnelle d\u00e9nomm\u00e9 Canal + Jeunes Talents a \u00e9t\u00e9 officiellement lanc\u00e9e le jeudi 31 juillet 2025, \u00e0 Abidjan-Cocody. Cette initiative vise \u00e0 s\u00e9lectionner 10 jeunes dipl\u00f4m\u00e9s du syst\u00e8me universitaire [&hellip;]<\/p>\n","protected":false},"author":4,"featured_media":39573,"comment_status":"closed","ping_status":"closed","sticky":false,"template":"","format":"standard","meta":{"_monsterinsights_skip_tracking":false,"_monsterinsights_sitenote_active":false,"_monsterinsights_sitenote_note":"","_monsterinsights_sitenote_category":0,"footnotes":""},"categories":[2,3],"tags":[1643,2559,701],"class_list":["post-39572","post","type-post","status-publish","format-standard","has-post-thumbnail","hentry","category-featured","category-societe","tag-accompagnement","tag-insertion-professionnelle","tag-jeunes"],"_links":{"self":[{"href":"https:\/\/www.lintelligentdabidjan.info\/news\/wp-json\/wp\/v2\/posts\/39572","targetHints":{"allow":["GET"]}}],"collection":[{"href":"https:\/\/www.lintelligentdabidjan.info\/news\/wp-json\/wp\/v2\/posts"}],"about":[{"href":"https:\/\/www.lintelligentdabidjan.info\/news\/wp-json\/wp\/v2\/types\/post"}],"author":[{"embeddable":true,"href":"https:\/\/www.lintelligentdabidjan.info\/news\/wp-json\/wp\/v2\/users\/4"}],"replies":[{"embeddable":true,"href":"https:\/\/www.lintelligentdabidjan.info\/news\/wp-json\/wp\/v2\/comments?post=39572"}],"version-history":[{"count":1,"href":"https:\/\/www.lintelligentdabidjan.info\/news\/wp-json\/wp\/v2\/posts\/39572\/revisions"}],"predecessor-version":[{"id":39574,"href":"https:\/\/www.lintelligentdabidjan.info\/news\/wp-json\/wp\/v2\/posts\/39572\/revisions\/39574"}],"wp:featuredmedia":[{"embeddable":true,"href":"https:\/\/www.lintelligentdabidjan.info\/news\/wp-json\/wp\/v2\/media\/39573"}],"wp:attachment":[{"href":"https:\/\/www.lintelligentdabidjan.info\/news\/wp-json\/wp\/v2\/media?parent=39572"}],"wp:term":[{"taxonomy":"category","embeddable":true,"href":"https:\/\/www.lintelligentdabidjan.info\/news\/wp-json\/wp\/v2\/categories?post=39572"},{"taxonomy":"post_tag","embeddable":true,"href":"https:\/\/www.lintelligentdabidjan.info\/news\/wp-json\/wp\/v2\/tags?post=39572"}],"curies":[{"name":"wp","href":"https:\/\/api.w.org\/{rel}","templated":true}]}}