{"id":39575,"date":"2025-08-06T07:45:33","date_gmt":"2025-08-06T05:45:33","guid":{"rendered":"https:\/\/www.lintelligentdabidjan.info\/news\/?p=39575"},"modified":"2025-08-06T07:45:41","modified_gmt":"2025-08-06T05:45:41","slug":"lintelligent-en-pdf-65-ans-dindependance-de-la-cote-divoire-orange-blanc-vert-et-bouake","status":"publish","type":"post","link":"https:\/\/www.lintelligentdabidjan.info\/news\/lintelligent-en-pdf-65-ans-dindependance-de-la-cote-divoire-orange-blanc-vert-et-bouake\/","title":{"rendered":"L&#8217;Intelligent en PDF:   65 ans d\u2019ind\u00e9pendance  de la C\u00f4te d\u2019Ivoire  Orange, Blanc, Vert\u2026 ..et Bouak\u00e9"},"content":{"rendered":"<p><strong>La C\u00f4te d\u2019Ivoire c\u00e9l\u00e9brera, le jeudi 7 ao\u00fbt 2025, le 65\u1d49 anniversaire de son accession \u00e0 l\u2019ind\u00e9pendance. Cette ann\u00e9e, les festivit\u00e9s officielles auront lieu \u00e0 Bouak\u00e9, qui devient ainsi la deuxi\u00e8me ville de l\u2019int\u00e9rieur du pays \u00e0 accueillir cette comm\u00e9moration sous le mandat du pr\u00e9sident Alassane Ouattara, apr\u00e8s Yamoussoukro en 2022.<\/strong><\/p>\n<p>Ce sera \u00e9galement la deuxi\u00e8me fois que Bouak\u00e9 abritera une f\u00eate nationale de l\u2019ind\u00e9pendance, apr\u00e8s avoir \u00e9t\u00e9 la premi\u00e8re ville \u00e0 inaugurer le format des c\u00e9r\u00e9monies \u00e9clat\u00e9es.<\/p>\n<p>Dans ce dossier sp\u00e9cial, L\u2019Intelligent d\u2019Abidjan revient sur l\u2019historique des c\u00e9l\u00e9brations de l\u2019ind\u00e9pendance, de F\u00e9lix Houphou\u00ebt-Boigny \u00e0 Alassane Ouattara, en passant par Henri Konan B\u00e9di\u00e9 et Laurent Gbagbo.<\/p>\n<p><a href=\"https:\/\/news.abidjan.net\/titrologie\/39-lintelligent-dabidjan\/articles\" target=\"_blank\">https:\/\/news.abidjan.net\/titrologie\/39-lintelligent-dabidjan\/articles<\/a><br \/>\nVous y d\u00e9couvrirez notamment les t\u00e9moignages de deux hommes \u00e2g\u00e9s, t\u00e9moins de la f\u00eate de l\u2019ind\u00e9pendance organis\u00e9e \u00e0 Bouak\u00e9 en 1964. \u00c9galement dans ce num\u00e9ro, le r\u00e9cit d\u2019un vieil homme \u00e2g\u00e9 de 65 ans, soit le m\u00eame \u00e2ge que la C\u00f4te d\u2019Ivoire ind\u00e9pendante.<\/p>\n<p>Des cadres originaires du Gb\u00eak\u00ea et plus particuli\u00e8rement de Bouak\u00e9 partagent \u00e9galement leurs r\u00e9actions et attentes autour de cette c\u00e9l\u00e9bration. Des populations \u00e9galement ont livr\u00e9 leurs sentiments.<\/p>\n<p><a href=\"https:\/\/www.afrikipresse.fr\/abonnement\" target=\"_blank\">https:\/\/www.afrikipresse.fr\/abonnement<\/a><br \/>\nEnfin, Dr Paul Dakuyo, premier adjoint au maire et d\u00e9put\u00e9 de Bouak\u00e9 commune, \u00e9galement vice-pr\u00e9sident du comit\u00e9 d\u2019organisation, pr\u00e9sente en d\u00e9tail le programme des festivit\u00e9s pr\u00e9vues dans la capitale de la r\u00e9gion du Gb\u00eak\u00ea.<\/p>\n<p>Un sp\u00e9cial \u00e0 d\u00e9couvrir dans vos kiosques et en ligne sur&#8230;<\/p>\n<p><a href=\"https:\/\/www.pressecotedivoire.fr\/titrologie\" target=\"_blank\">https:\/\/www.pressecotedivoire.fr\/titrologie<\/a><\/p>\n","protected":false},"excerpt":{"rendered":"<p>La C\u00f4te d\u2019Ivoire c\u00e9l\u00e9brera, le jeudi 7 ao\u00fbt 2025, le 65\u1d49 anniversaire de son accession \u00e0 l\u2019ind\u00e9pendance. Cette ann\u00e9e, les festivit\u00e9s officielles auront lieu \u00e0 Bouak\u00e9, qui devient ainsi la deuxi\u00e8me ville de l\u2019int\u00e9rieur du pays \u00e0 accueillir cette comm\u00e9moration sous le mandat du pr\u00e9sident Alassane Ouattara, apr\u00e8s Yamoussoukro en 2022. Ce sera \u00e9galement la [&hellip;]<\/p>\n","protected":false},"author":4,"featured_media":39576,"comment_status":"closed","ping_status":"closed","sticky":false,"template":"","format":"standard","meta":{"_monsterinsights_skip_tracking":false,"_monsterinsights_sitenote_active":false,"_monsterinsights_sitenote_note":"","_monsterinsights_sitenote_category":0,"footnotes":""},"categories":[2,3],"tags":[],"class_list":["post-39575","post","type-post","status-publish","format-standard","has-post-thumbnail","hentry","category-featured","category-societe"],"_links":{"self":[{"href":"https:\/\/www.lintelligentdabidjan.info\/news\/wp-json\/wp\/v2\/posts\/39575","targetHints":{"allow":["GET"]}}],"collection":[{"href":"https:\/\/www.lintelligentdabidjan.info\/news\/wp-json\/wp\/v2\/posts"}],"about":[{"href":"https:\/\/www.lintelligentdabidjan.info\/news\/wp-json\/wp\/v2\/types\/post"}],"author":[{"embeddable":true,"href":"https:\/\/www.lintelligentdabidjan.info\/news\/wp-json\/wp\/v2\/users\/4"}],"replies":[{"embeddable":true,"href":"https:\/\/www.lintelligentdabidjan.info\/news\/wp-json\/wp\/v2\/comments?post=39575"}],"version-history":[{"count":1,"href":"https:\/\/www.lintelligentdabidjan.info\/news\/wp-json\/wp\/v2\/posts\/39575\/revisions"}],"predecessor-version":[{"id":39577,"href":"https:\/\/www.lintelligentdabidjan.info\/news\/wp-json\/wp\/v2\/posts\/39575\/revisions\/39577"}],"wp:featuredmedia":[{"embeddable":true,"href":"https:\/\/www.lintelligentdabidjan.info\/news\/wp-json\/wp\/v2\/media\/39576"}],"wp:attachment":[{"href":"https:\/\/www.lintelligentdabidjan.info\/news\/wp-json\/wp\/v2\/media?parent=39575"}],"wp:term":[{"taxonomy":"category","embeddable":true,"href":"https:\/\/www.lintelligentdabidjan.info\/news\/wp-json\/wp\/v2\/categories?post=39575"},{"taxonomy":"post_tag","embeddable":true,"href":"https:\/\/www.lintelligentdabidjan.info\/news\/wp-json\/wp\/v2\/tags?post=39575"}],"curies":[{"name":"wp","href":"https:\/\/api.w.org\/{rel}","templated":true}]}}