{"id":39581,"date":"2025-08-06T19:03:21","date_gmt":"2025-08-06T17:03:21","guid":{"rendered":"https:\/\/www.lintelligentdabidjan.info\/news\/?p=39581"},"modified":"2025-08-06T19:17:56","modified_gmt":"2025-08-06T17:17:56","slug":"bouake-entre-memoire-et-renaissance-un-symbole-pour-les-65-ans-de-la-cote-divoire","status":"publish","type":"post","link":"https:\/\/www.lintelligentdabidjan.info\/news\/bouake-entre-memoire-et-renaissance-un-symbole-pour-les-65-ans-de-la-cote-divoire\/","title":{"rendered":"Bouak\u00e9, entre m\u00e9moire et renaissance : un symbole pour les 65 ans de la C\u00f4te d\u2019Ivoire"},"content":{"rendered":"<p><em><strong>\u00c0 l\u2019occasion du 65\u1d49 anniversaire de l\u2019ind\u00e9pendance, Bouak\u00e9, jadis symbole d\u2019une nation divis\u00e9e, se r\u00e9v\u00e8le aujourd\u2019hui comme l\u2019incarnation de la renaissance ivoirienne.<\/strong><\/em><\/p>\n<p>En ce mois d\u2019ao\u00fbt, Bouak\u00e9 devient l\u2019\u00e9picentre des festivit\u00e9s du 65\u1d49 anniversaire de l\u2019ind\u00e9pendance ivoirienne. Entre souvenirs douloureux et transformations spectaculaires, la capitale du Gb\u00eak\u00ea incarne \u00e0 la fois le pass\u00e9 surmont\u00e9 et l\u2019avenir esp\u00e9r\u00e9 d\u2019une nation en qu\u00eate d\u2019unit\u00e9 et de prosp\u00e9rit\u00e9.<\/p>\n<p><strong>Ce 7 ao\u00fbt, comme des centaines d\u2019Ivoiriens, je prends la route de Bouak\u00e9. <\/strong><\/p>\n<p>Je prends la voiture, comme des centaines d\u2019Ivoiriens, \u00e0 destination de Bouak\u00e9 pour c\u00e9l\u00e9brer l\u2019an 65 de la C\u00f4te d\u2019Ivoire. M\u00eame s\u2019il va falloir travailler un peu entre le panel de d\u00e9crypterage du discours du chef de l\u2019\u00c9tat ce soir au centre culturel Jacques Aka et les commentaires du d\u00e9fil\u00e9 sur NCI demain, la priorit\u00e9 sera \u00e0 la f\u00eate. En effet, l\u2019eud\u00e9moniste d\u00e9complex\u00e9 que je suis ne manquera pas l\u2019occasion de trinquer \u00e0 son magnifique pays. Un pays qui, chaque jour, se transforme de si belles mani\u00e8res.<\/p>\n<p>BOUAK\u00c9 est sans doute l\u2019une des plus belles illustrations du bond qualitatif de la C\u00f4te d\u2019Ivoire. J\u2019y \u00e9tais il y a quelques mois, j\u2019ai \u00e9t\u00e9 impressionn\u00e9 par la m\u00e9tamorphose en cours. C\u2019est tout \u00e0 l\u2019honneur de la ville, de ses habitants et de ses autorit\u00e9s. \u00c0 l\u2019image du pays, BOUAK\u00c9 avance. Autoroute, CHU, ENS, nouveau march\u00e9\u2026 tout y passe.<\/p>\n<p>\u00catre dans cette ville qui rena\u00eet pour nos 65 ans est tout un symbole. Comme pour dire, sans \u00eatre h\u00e2bleur, que la BOUAK\u00c9 ensanglant\u00e9e du 19 septembre 2002 est derri\u00e8re nous. La BOUAK\u00c9, symbole d\u2019un pays divis\u00e9, laisse la place, toute la place, \u00e0 la Nation avec une R\u00e9publique et une seule. La BOUAK\u00c9 du MPCI dispara\u00eet d\u00e9finitivement pour la BOUAK\u00c9 des forces de la R\u00e9publique toutes coruscantes.<\/p>\n<p>D\u00e9finitivement\u202f? Disons, esp\u00e9rons. Car il faut bien l\u2019admettre, il existe encore des dubitatifs. Ils ont le droit de soliloquer sur l\u2019avenir de leur pays.<\/p>\n<p>En effet, les discours tendus, l\u2019histoire \u00e9lectorale de notre pays, l\u2019environnement r\u00e9gional sont autant d\u2019arguments qui peuvent inqui\u00e9ter. De fait, le spectre de 2002 r\u00e9appara\u00eet alors que nous voulons c\u00e9l\u00e9brer la Renaissance de et \u00e0 Bouak\u00e9.<\/p>\n<p>En fait, nous avons le choix\u202f: le choix entre la BOUAK\u00c9 d\u2019aujourd\u2019hui en mieux ou la BOUAK\u00c9 de 2002 en pire pour demain. Th\u00e9oriquement, le choix est vite fait. Toutes nos idiosyncrasies le r\u00e9v\u00e9leront. Pourtant, ce n\u2019est pas si simple tant les entraves, les rancunes et les injustices av\u00e9r\u00e9es ou ressenties nous hantent. Il va falloir se transcender, croire en la volont\u00e9 commune, premi\u00e8re base d\u2019une Nation, pour y arriver.<\/p>\n<p>Fort heureusement, nous sommes \u00e0 BOUAK\u00c9, l\u00e0 o\u00f9, men\u00e9s et \u00e0 10 contre 11, l\u2019Abidjanaise, notre hymne, venu de nulle part, dans un stade uni, nous a motiv\u00e9s et nous a permis de gagner et de c\u00e9l\u00e9brer. Toute une le\u00e7on venant de BOUAK\u00c9, une le\u00e7on qui doit nous inspirer dans ces moments de joie et d\u2019avenir.<\/p>\n<p>Arthur Banga<strong><\/p>\n<p><strong>NB : titre et chapeau de la r\u00e9daction<\/strong><\/p>\n","protected":false},"excerpt":{"rendered":"<p>\u00c0 l\u2019occasion du 65\u1d49 anniversaire de l\u2019ind\u00e9pendance, Bouak\u00e9, jadis symbole d\u2019une nation divis\u00e9e, se r\u00e9v\u00e8le aujourd\u2019hui comme l\u2019incarnation de la renaissance ivoirienne. En ce mois d\u2019ao\u00fbt, Bouak\u00e9 devient l\u2019\u00e9picentre des festivit\u00e9s du 65\u1d49 anniversaire de l\u2019ind\u00e9pendance ivoirienne. Entre souvenirs douloureux et transformations spectaculaires, la capitale du Gb\u00eak\u00ea incarne \u00e0 la fois le pass\u00e9 surmont\u00e9 et [&hellip;]<\/p>\n","protected":false},"author":4,"featured_media":39583,"comment_status":"closed","ping_status":"closed","sticky":false,"template":"","format":"standard","meta":{"_monsterinsights_skip_tracking":false,"_monsterinsights_sitenote_active":false,"_monsterinsights_sitenote_note":"","_monsterinsights_sitenote_category":0,"footnotes":""},"categories":[2,3],"tags":[],"class_list":["post-39581","post","type-post","status-publish","format-standard","has-post-thumbnail","hentry","category-featured","category-societe"],"_links":{"self":[{"href":"https:\/\/www.lintelligentdabidjan.info\/news\/wp-json\/wp\/v2\/posts\/39581","targetHints":{"allow":["GET"]}}],"collection":[{"href":"https:\/\/www.lintelligentdabidjan.info\/news\/wp-json\/wp\/v2\/posts"}],"about":[{"href":"https:\/\/www.lintelligentdabidjan.info\/news\/wp-json\/wp\/v2\/types\/post"}],"author":[{"embeddable":true,"href":"https:\/\/www.lintelligentdabidjan.info\/news\/wp-json\/wp\/v2\/users\/4"}],"replies":[{"embeddable":true,"href":"https:\/\/www.lintelligentdabidjan.info\/news\/wp-json\/wp\/v2\/comments?post=39581"}],"version-history":[{"count":2,"href":"https:\/\/www.lintelligentdabidjan.info\/news\/wp-json\/wp\/v2\/posts\/39581\/revisions"}],"predecessor-version":[{"id":39584,"href":"https:\/\/www.lintelligentdabidjan.info\/news\/wp-json\/wp\/v2\/posts\/39581\/revisions\/39584"}],"wp:featuredmedia":[{"embeddable":true,"href":"https:\/\/www.lintelligentdabidjan.info\/news\/wp-json\/wp\/v2\/media\/39583"}],"wp:attachment":[{"href":"https:\/\/www.lintelligentdabidjan.info\/news\/wp-json\/wp\/v2\/media?parent=39581"}],"wp:term":[{"taxonomy":"category","embeddable":true,"href":"https:\/\/www.lintelligentdabidjan.info\/news\/wp-json\/wp\/v2\/categories?post=39581"},{"taxonomy":"post_tag","embeddable":true,"href":"https:\/\/www.lintelligentdabidjan.info\/news\/wp-json\/wp\/v2\/tags?post=39581"}],"curies":[{"name":"wp","href":"https:\/\/api.w.org\/{rel}","templated":true}]}}