{"id":39591,"date":"2025-08-07T02:25:21","date_gmt":"2025-08-07T00:25:21","guid":{"rendered":"https:\/\/www.lintelligentdabidjan.info\/news\/?p=39591"},"modified":"2025-08-07T02:26:38","modified_gmt":"2025-08-07T00:26:38","slug":"65e-anniversaire-de-la-cote-divoire-tai-accueille-une-delegation-liberienne-pour-consolider-lamitie-entre-les-deux-pays","status":"publish","type":"post","link":"https:\/\/www.lintelligentdabidjan.info\/news\/65e-anniversaire-de-la-cote-divoire-tai-accueille-une-delegation-liberienne-pour-consolider-lamitie-entre-les-deux-pays\/","title":{"rendered":"65e anniversaire de la C\u00f4te d\u2019Ivoire :   Ta\u00ef accueille une d\u00e9l\u00e9gation lib\u00e9rienne pour consolider l\u2019amiti\u00e9 entre les deux pays"},"content":{"rendered":"<p><em><strong>Le mercredi 6 ao\u00fbt 2025, le pr\u00e9fet de d\u00e9partement de Ta\u00ef, Mamadou Bakayoko, a re\u00e7u en audience une d\u00e9l\u00e9gation lib\u00e9rienne \u00e0 son cabinet. Cette visite s&#8217;inscrit dans le cadre du renforcement des liens de coop\u00e9ration entre la C\u00f4te d&#8217;Ivoire et le Liberia initi\u00e9 par le s\u00e9nateur Dehe Paul de C\u00f4te d&#8217;Ivoire.<\/strong><\/em><\/p>\n<p>Invit\u00e9 par ses h\u00f4tes ivoiriens pour c\u00e9l\u00e9brer ensemble le 65e anniversaire de l&#8217;ind\u00e9pendance de la C\u00f4te d&#8217;Ivoire \u00e0 Ta\u00ef, le s\u00e9nateur du district de Grand Gedeh du Liberia, zone 3, Thomas Yaya, chef de la d\u00e9l\u00e9gation lib\u00e9rienne,    a salu\u00e9 le travail abattu par le pr\u00e9sident Alassane Ouattara et son gouvernement \u00e0 travers les actions de paix et de d\u00e9veloppement.<\/p>\n<p>&#8220;J&#8217;\u00e9tais \u00e0 Ta\u00ef en 1987 lorsque j&#8217;\u00e9tais encore ministre des Affaires \u00e9trang\u00e8res du Liberia sous le mandat de William Tolbert. Ta\u00ef n&#8217;\u00e9tait pas d\u00e9velopp\u00e9 comme \u00e7a. Aujourd&#8217;hui, cela va faire ma deuxi\u00e8me nuit\u00e9e dans le d\u00e9partement et je constate qu&#8217;il y a un avancement, un changement qui ne dit pas son nom. C&#8217;est gr\u00e2ce \u00e0 la paix et \u00e0 la fraternit\u00e9 des Ivoiriens. Aujourd&#8217;hui, nous cherchons la paix. La C\u00f4te d&#8217;Ivoire et le Liberia sont deux pays fr\u00e8res qui ont besoin de serrer leurs liens d&#8217;amiti\u00e9&#8221;, a indiqu\u00e9 le s\u00e9nateur du Liberia, Thomas Yaya.<\/p>\n<p>&#8220;De mon passage hier \u00e0 Du\u00e9kou\u00e9 jusqu&#8217;\u00e0 Guiglo, j&#8217;ai vu le d\u00e9veloppement venir, le bitumage et surtout le pont sur le N&#8217;zo. Alors, notre fondation, c&#8217;est la paix. Ne cherchons pas \u00e0 discriminer quelqu&#8217;un en C\u00f4te d&#8217;Ivoire. Nous sommes tous des Africains. Aujourd&#8217;hui, plus de 4 000 Ivoiriens vivent encore au Liberia et personne ne g\u00eane son ami. Nous vivons en parfaite harmonie. Je dis merci au pr\u00e9sident Alassane Ouattara pour le travail abattu en C\u00f4te d&#8217;Ivoire. Il doit toujours pr\u00e9server cette paix. Nous devons toujours renforcer nos liens d&#8217;amiti\u00e9 pour le d\u00e9veloppement de nos deux \u00c9tats. Et c&#8217;est ce que le pr\u00e9sident F\u00e9lix Houphou\u00ebt-Boigny faisait \u00e0 l&#8217;\u00e9poque avec le peuple lib\u00e9rien. Je fais confiance au pr\u00e9sident Alassane Ouattara pour la paix en C\u00f4te d&#8217;Ivoire&#8221;, a ajout\u00e9 Thomas Yaya.<\/p>\n<p>Se r\u00e9jouissant de leur visite \u00e0 Ta\u00ef, le pr\u00e9fet de d\u00e9partement, Mamadou Bakayoko, a exprim\u00e9 son soulagement de voir ses h\u00f4tes, ses fr\u00e8res du pays voisin, venir c\u00e9l\u00e9brer les 65 ans de l&#8217;ind\u00e9pendance de la C\u00f4te d&#8217;Ivoire dans sa circonscription administrative.<\/p>\n<p>&#8220;Notre coop\u00e9ration est tr\u00e8s riche entre nos deux pays. Je suis heureux de l&#8217;initiative qu&#8217;a prise le s\u00e9nateur Dehe Paul. Nous sommes deux peuples fr\u00e8res. Je retiens qu&#8217;il y a une parfaite coop\u00e9ration entre la C\u00f4te d&#8217;Ivoire et le Liberia. En 2023, j&#8217;\u00e9tais au Liberia dans la capitale pour la m\u00eame coop\u00e9ration, et j&#8217;ai vu que apr\u00e8s 10 ans de guerre, le Liberia est en train de reprendre. Nous vous promettons que notre relation sera toujours continuelle entre nos deux nations&#8221;, a dit le pr\u00e9fet Mamadou Bakayoko.<\/p>\n<p>Il faut savoir que cette d\u00e9l\u00e9gation venue du Liberia est compos\u00e9e du s\u00e9nateur du district de Grand Gedeh, Thomas Yaya, chef de d\u00e9l\u00e9gation, de la d\u00e9put\u00e9e Marie Johnson et du sous-pr\u00e9fet du district de Grand Gedeh, Alphonse Munah, tous l\u00e0 pour c\u00e9l\u00e9brer les 65 ans d&#8217;anniversaire de la C\u00f4te d&#8217;Ivoire aux c\u00f4t\u00e9s du v\u00e9n\u00e9rable Dehe Paul.<\/p>\n<p> <strong>Konhon Dominique<\/strong><\/p>\n","protected":false},"excerpt":{"rendered":"<p>Le mercredi 6 ao\u00fbt 2025, le pr\u00e9fet de d\u00e9partement de Ta\u00ef, Mamadou Bakayoko, a re\u00e7u en audience une d\u00e9l\u00e9gation lib\u00e9rienne \u00e0 son cabinet. Cette visite s&#8217;inscrit dans le cadre du renforcement des liens de coop\u00e9ration entre la C\u00f4te d&#8217;Ivoire et le Liberia initi\u00e9 par le s\u00e9nateur Dehe Paul de C\u00f4te d&#8217;Ivoire. Invit\u00e9 par ses h\u00f4tes [&hellip;]<\/p>\n","protected":false},"author":4,"featured_media":39592,"comment_status":"closed","ping_status":"closed","sticky":false,"template":"","format":"standard","meta":{"_monsterinsights_skip_tracking":false,"_monsterinsights_sitenote_active":false,"_monsterinsights_sitenote_note":"","_monsterinsights_sitenote_category":0,"footnotes":""},"categories":[2,3],"tags":[5900,5898,1918,5899,5897,1862,3891],"class_list":["post-39591","post","type-post","status-publish","format-standard","has-post-thumbnail","hentry","category-featured","category-societe","tag-65e-anniversaire-de-la-cote-divoire","tag-consolider","tag-delegation","tag-lamitie","tag-liberienne","tag-pays","tag-tai"],"_links":{"self":[{"href":"https:\/\/www.lintelligentdabidjan.info\/news\/wp-json\/wp\/v2\/posts\/39591","targetHints":{"allow":["GET"]}}],"collection":[{"href":"https:\/\/www.lintelligentdabidjan.info\/news\/wp-json\/wp\/v2\/posts"}],"about":[{"href":"https:\/\/www.lintelligentdabidjan.info\/news\/wp-json\/wp\/v2\/types\/post"}],"author":[{"embeddable":true,"href":"https:\/\/www.lintelligentdabidjan.info\/news\/wp-json\/wp\/v2\/users\/4"}],"replies":[{"embeddable":true,"href":"https:\/\/www.lintelligentdabidjan.info\/news\/wp-json\/wp\/v2\/comments?post=39591"}],"version-history":[{"count":1,"href":"https:\/\/www.lintelligentdabidjan.info\/news\/wp-json\/wp\/v2\/posts\/39591\/revisions"}],"predecessor-version":[{"id":39593,"href":"https:\/\/www.lintelligentdabidjan.info\/news\/wp-json\/wp\/v2\/posts\/39591\/revisions\/39593"}],"wp:featuredmedia":[{"embeddable":true,"href":"https:\/\/www.lintelligentdabidjan.info\/news\/wp-json\/wp\/v2\/media\/39592"}],"wp:attachment":[{"href":"https:\/\/www.lintelligentdabidjan.info\/news\/wp-json\/wp\/v2\/media?parent=39591"}],"wp:term":[{"taxonomy":"category","embeddable":true,"href":"https:\/\/www.lintelligentdabidjan.info\/news\/wp-json\/wp\/v2\/categories?post=39591"},{"taxonomy":"post_tag","embeddable":true,"href":"https:\/\/www.lintelligentdabidjan.info\/news\/wp-json\/wp\/v2\/tags?post=39591"}],"curies":[{"name":"wp","href":"https:\/\/api.w.org\/{rel}","templated":true}]}}