{"id":39594,"date":"2025-08-07T02:31:55","date_gmt":"2025-08-07T00:31:55","guid":{"rendered":"https:\/\/www.lintelligentdabidjan.info\/news\/?p=39594"},"modified":"2025-08-07T02:31:55","modified_gmt":"2025-08-07T00:31:55","slug":"usaep-ci-malika-kamara-reelue-presidente-pour-un-nouveau-mandat-de-trois-ans","status":"publish","type":"post","link":"https:\/\/www.lintelligentdabidjan.info\/news\/usaep-ci-malika-kamara-reelue-presidente-pour-un-nouveau-mandat-de-trois-ans\/","title":{"rendered":"USAEP-CI &#8211;   Malika KAMARA r\u00e9\u00e9lue  pr\u00e9sidente  pour un nouveau mandat de trois ans"},"content":{"rendered":"<p> <em><strong>Malika KAMARA a \u00e9t\u00e9 r\u00e9\u00e9lue pr\u00e9sidente de l\u2019USAEP-CI pour un mandat suppl\u00e9mentaire de trois ans.<\/strong><\/em><\/p>\n<p>Le samedi 2 ao\u00fbt 2025 \u00e0 Abidjan, Mme Malika KAMARA, alumna du prestigieux programme IVLP (International Visitor Leadership Program), a \u00e9t\u00e9 r\u00e9\u00e9lue \u00e0 la pr\u00e9sidence de l\u2019USAEP-CI (USA Alumni Exchange Program \u2013 C\u00f4te d\u2019Ivoire) pour un nouveau mandat de trois ans.<\/p>\n<p>D\u2019embl\u00e9e, ce scrutin a \u00e9t\u00e9 marqu\u00e9 par une forte mobilisation : 70,9 % de participation, soit 39 votants sur 55 membres inscrits, et un pl\u00e9biscite sans \u00e9quivoque, avec 100 % des voix exprim\u00e9es en sa faveur. Ce r\u00e9sultat t\u00e9moigne d\u2019un soutien unanime \u00e0 sa vision et \u00e0 son bilan.<\/p>\n<p>Un premier mandat plac\u00e9 sous le signe de l\u2019impact<br \/>\nEn effet, depuis sa premi\u00e8re \u00e9lection, Mme KAMARA et son \u00e9quipe ont impuls\u00e9 un nouveau souffle \u00e0 la communaut\u00e9 des anciens des programmes d\u2019\u00e9changes am\u00e9ricains. Parmi les r\u00e9alisations majeures :<\/p>\n<p>Tout d\u2019abord, le projet JENOV, une campagne nationale de sensibilisation contre la violence, financ\u00e9e \u00e0 hauteur de 30 000 USD par le D\u00e9partement d\u2019\u00c9tat am\u00e9ricain, qui a touch\u00e9 15 000 jeunes dans quatre villes du pays ;<\/p>\n<p>Ensuite, plusieurs actions en faveur de l\u2019autonomisation, telles que la formation de femmes au e-commerce, le lancement d\u2019un programme de mentorat, l\u2019organisation de masterclasses, d\u2019afterworks inspirants et de bootcamps m\u00e9dias ;<\/p>\n<p>Enfin, un renforcement strat\u00e9gique des partenariats, notamment avec l\u2019Ambassade des \u00c9tats-Unis.<\/p>\n<p>Gr\u00e2ce \u00e0 ces initiatives, l\u2019USAEP-CI s\u2019est affirm\u00e9e comme une voix influente de la diplomatie publique, rassemblant des leaders issus de l\u2019ensemble des programmes d\u2019\u00e9changes am\u00e9ricains.<\/p>\n<p><strong>Une vision renforc\u00e9e pour les trois prochaines ann\u00e9es<\/strong><\/p>\n<p>Dans cette dynamique, le second mandat de Mme KAMARA s\u2019inscrit dans une logique de consolidation et de d\u00e9veloppement, avec pour priorit\u00e9s :<\/p>\n<p>D\u2019une part, le renforcement de la coh\u00e9sion au sein de la communaut\u00e9 des alumni ;<\/p>\n<p>D\u2019autre part, la p\u00e9rennisation des projets communautaires initi\u00e9s au cours du mandat pr\u00e9c\u00e9dent ;<\/p>\n<p>Et enfin, la consolidation de la coop\u00e9ration USA\u2013C\u00f4te d\u2019Ivoire, \u00e0 travers des initiatives \u00e0 fort impact \u00e9conomique et social.<\/p>\n<p><strong>Un leadership inspirant<\/strong><\/p>\n<p>Femme de terrain et de conviction, Malika KAMARA incarne une nouvelle g\u00e9n\u00e9ration d\u2019alumni engag\u00e9s, d\u00e9termin\u00e9s \u00e0 conjuguer leadership, innovation et solidarit\u00e9.<\/p>\n<p>Sa devise r\u00e9sume parfaitement son engagement :<\/p>\n<p>\u00ab L\u2019\u00e9l\u00e9gance dans l\u2019engagement, la force dans l\u2019action, et le c\u0153ur en premi\u00e8re ligne. \u00bb<\/p>\n<p><strong>Tour\u00e9 Abdoulaye <\/strong><\/p>\n","protected":false},"excerpt":{"rendered":"<p>Malika KAMARA a \u00e9t\u00e9 r\u00e9\u00e9lue pr\u00e9sidente de l\u2019USAEP-CI pour un mandat suppl\u00e9mentaire de trois ans. Le samedi 2 ao\u00fbt 2025 \u00e0 Abidjan, Mme Malika KAMARA, alumna du prestigieux programme IVLP (International Visitor Leadership Program), a \u00e9t\u00e9 r\u00e9\u00e9lue \u00e0 la pr\u00e9sidence de l\u2019USAEP-CI (USA Alumni Exchange Program \u2013 C\u00f4te d\u2019Ivoire) pour un nouveau mandat de trois [&hellip;]<\/p>\n","protected":false},"author":4,"featured_media":39595,"comment_status":"closed","ping_status":"closed","sticky":false,"template":"","format":"standard","meta":{"_monsterinsights_skip_tracking":false,"_monsterinsights_sitenote_active":false,"_monsterinsights_sitenote_note":"","_monsterinsights_sitenote_category":0,"footnotes":""},"categories":[2,3],"tags":[5902,5903,2671,5901],"class_list":["post-39594","post","type-post","status-publish","format-standard","has-post-thumbnail","hentry","category-featured","category-societe","tag-malika-kamara","tag-nouveau-mandat","tag-presidente","tag-usaep-ci"],"_links":{"self":[{"href":"https:\/\/www.lintelligentdabidjan.info\/news\/wp-json\/wp\/v2\/posts\/39594","targetHints":{"allow":["GET"]}}],"collection":[{"href":"https:\/\/www.lintelligentdabidjan.info\/news\/wp-json\/wp\/v2\/posts"}],"about":[{"href":"https:\/\/www.lintelligentdabidjan.info\/news\/wp-json\/wp\/v2\/types\/post"}],"author":[{"embeddable":true,"href":"https:\/\/www.lintelligentdabidjan.info\/news\/wp-json\/wp\/v2\/users\/4"}],"replies":[{"embeddable":true,"href":"https:\/\/www.lintelligentdabidjan.info\/news\/wp-json\/wp\/v2\/comments?post=39594"}],"version-history":[{"count":1,"href":"https:\/\/www.lintelligentdabidjan.info\/news\/wp-json\/wp\/v2\/posts\/39594\/revisions"}],"predecessor-version":[{"id":39596,"href":"https:\/\/www.lintelligentdabidjan.info\/news\/wp-json\/wp\/v2\/posts\/39594\/revisions\/39596"}],"wp:featuredmedia":[{"embeddable":true,"href":"https:\/\/www.lintelligentdabidjan.info\/news\/wp-json\/wp\/v2\/media\/39595"}],"wp:attachment":[{"href":"https:\/\/www.lintelligentdabidjan.info\/news\/wp-json\/wp\/v2\/media?parent=39594"}],"wp:term":[{"taxonomy":"category","embeddable":true,"href":"https:\/\/www.lintelligentdabidjan.info\/news\/wp-json\/wp\/v2\/categories?post=39594"},{"taxonomy":"post_tag","embeddable":true,"href":"https:\/\/www.lintelligentdabidjan.info\/news\/wp-json\/wp\/v2\/tags?post=39594"}],"curies":[{"name":"wp","href":"https:\/\/api.w.org\/{rel}","templated":true}]}}