{"id":39597,"date":"2025-08-07T21:33:35","date_gmt":"2025-08-07T19:33:35","guid":{"rendered":"https:\/\/www.lintelligentdabidjan.info\/news\/?p=39597"},"modified":"2025-08-07T21:33:43","modified_gmt":"2025-08-07T19:33:43","slug":"eglise-des-assemblees-de-dieu-de-niang-on-sud-%e2%80%8e-%e2%80%8ecelebration-du-bethel-9-avec-le-reverend-pasteur-felix-biram-ndiaye","status":"publish","type":"post","link":"https:\/\/www.lintelligentdabidjan.info\/news\/eglise-des-assemblees-de-dieu-de-niang-on-sud-%e2%80%8e-%e2%80%8ecelebration-du-bethel-9-avec-le-reverend-pasteur-felix-biram-ndiaye\/","title":{"rendered":"\u00c9glise des Assembl\u00e9es de Dieu de Niang on Sud- \u200e \u200eCelebration du B\u00e9thel 9 avec le R\u00e9v\u00e9rend Pasteur F\u00e9lix Biram N\u2019diaye"},"content":{"rendered":"<p><em><strong>\u200e\u200eLe R\u00e9v\u00e9rend Pasteur F\u00e9lix Biram N\u2019diaye, pr\u00e9sident des Assembl\u00e9es de Dieu du S\u00e9n\u00e9gal, est arriv\u00e9 \u00e0 Abidjan le samedi 2 ao\u00fbt 2025 pour prendre part \u00e0 la 9\u1d49 \u00e9dition du B\u00e9thel, un programme spirituel organis\u00e9 par l\u2019\u00c9glise des Assembl\u00e9es de Dieu, Temple \u00ab La Victoire \u00bb de Yopougon Niangon-Sud.<\/strong><br \/>\n\u200e<\/em><br \/>\n\u200e<br \/>\n\u200e<br \/>\n\u200eInvit\u00e9 sp\u00e9cial du Temple \u00ab La Victoire \u00bb de l\u2019\u00c9glise des Assembl\u00e9es de Dieu de Yopougon Niangon-Sud, le R\u00e9v\u00e9rend Pasteur F\u00e9lix Biram N\u2019diaye a \u00e9t\u00e9 accueilli \u00e0 sa descente d\u2019avion, dans la soir\u00e9e du samedi 2 ao\u00fbt 2025, par le Proph\u00e8te Jean-Marie Tiacoh, PhD, pasteur principal du Temple \u00ab La Victoire \u00bb.<br \/>\n\u200e<br \/>\n\u200e<br \/>\n\u200e<br \/>\n\u200eL\u2019h\u00f4te du Temple \u00ab La Victoire \u00bb a exprim\u00e9 sa joie d\u2019\u00eatre en terre ivoirienne pour participer \u00e0 la 9\u1d49 \u00e9dition du B\u00e9thel, dont le th\u00e8me est : \u00ab J\u00e9sus-Christ, le puissant lib\u00e9rateur de ma victoire \u00bb.<br \/>\n\u200e<br \/>\n\u200e\u00ab C&#8217;est toujours pour moi un grand plaisir de venir ici, en C\u00f4te d&#8217;Ivoire. Je crois qu&#8217;apr\u00e8s le S\u00e9n\u00e9gal, c&#8217;est mon deuxi\u00e8me pays et je suis d&#8217;autant plus dans la joie que le Dr Jean-Marie Tiacoh est \u00e0 mes c\u00f4t\u00e9s. Il m&#8217;a invit\u00e9, j&#8217;ai r\u00e9pondu \u00e0 son invitation. Mon c\u0153ur est dans la joie. Pour ma premi\u00e8re participation \u00e0 Bethel, je sais que Dieu a toujours de bonnes surprises pour ses enfants. Il leur r\u00e9serve toujours le meilleur. C&#8217;est pourquoi, j&#8217;ai la conviction qu\u2019il va nous faire du bien comme d&#8217;habitude \u00bb, a confi\u00e9 le R\u00e9v\u00e9rend Pasteur F\u00e9lix Biram N\u2019diaye.<br \/>\n\u200e<br \/>\n\u200e\u00ab J\u2019ai invit\u00e9 le R\u00e9v\u00e9rend F\u00e9lix N\u2019Diaye, car c\u2019est un homme d&#8217;exp\u00e9riences. C&#8217;est la premi\u00e8re fois que nous l\u2019invitons pour notre programme, afin d\u2019apporter un cachet tout particulier \u00e0 la 9\u1d49 \u00e9dition, qui est le B\u00e9thel de l&#8217;accomplissement de la gloire de Dieu dans nos vies \u00bb, a d\u00e9clar\u00e9 le Proph\u00e8te Jean-Marie Tiacoh. Le dimanche 3 ao\u00fbt 2025, le R\u00e9v\u00e9rend N&#8217;diaye s&#8217;est prononc\u00e9 sur le th\u00e8me : &#8220;J\u00e9sus-Christ, l&#8217;auteur de ma provision illimit\u00e9e&#8221;.<br \/>\n\u200e<br \/>\n\u200eL\u2019\u00e9dition 2025 du B\u00e9thel accorde une place importante \u00e0 la restauration de l\u2019autel familial, face aux nombreuses tensions et crises qui fragilisent les foyers. Des s\u00e9minaires th\u00e9matiques sur la famille, la jeunesse, l\u2019entrepreneuriat et la croissance spirituelle font partie du programme de cet \u00e9v\u00e9nement spirituel, qui se poursuit jusqu\u2019au 10 ao\u00fbt 2025.<br \/>\n\u200e<br \/>\n\u200ePar ailleurs, cette \u00e9dition s\u2019inscrit dans la dynamique de mobilisation autour du projet de construction du Temple \u00ab La Victoire \u00bb, un complexe de 24 000 places \u00e0 Yopougon Niangon-Sud.<br \/>\n\u200e<br \/>\n\u200e<strong>Olivier Dion<\/strong><br \/>\n\u200e<br \/>\n\u200e<br \/>\n\u200e<\/p>\n","protected":false},"excerpt":{"rendered":"<p>\u200e\u200eLe R\u00e9v\u00e9rend Pasteur F\u00e9lix Biram N\u2019diaye, pr\u00e9sident des Assembl\u00e9es de Dieu du S\u00e9n\u00e9gal, est arriv\u00e9 \u00e0 Abidjan le samedi 2 ao\u00fbt 2025 pour prendre part \u00e0 la 9\u1d49 \u00e9dition du B\u00e9thel, un programme spirituel organis\u00e9 par l\u2019\u00c9glise des Assembl\u00e9es de Dieu, Temple \u00ab La Victoire \u00bb de Yopougon Niangon-Sud. \u200e \u200e \u200e \u200eInvit\u00e9 sp\u00e9cial du [&hellip;]<\/p>\n","protected":false},"author":4,"featured_media":39598,"comment_status":"closed","ping_status":"closed","sticky":false,"template":"","format":"standard","meta":{"_monsterinsights_skip_tracking":false,"_monsterinsights_sitenote_active":false,"_monsterinsights_sitenote_note":"","_monsterinsights_sitenote_category":0,"footnotes":""},"categories":[2,3],"tags":[5907,5906,5905,5904],"class_list":["post-39597","post","type-post","status-publish","format-standard","has-post-thumbnail","hentry","category-featured","category-societe","tag-celebration-du-bethel-9","tag-eglise-des-assemblees-de-dieu-de-niang-on-sud","tag-felix-biram-ndiaye","tag-reverend-pasteur"],"_links":{"self":[{"href":"https:\/\/www.lintelligentdabidjan.info\/news\/wp-json\/wp\/v2\/posts\/39597","targetHints":{"allow":["GET"]}}],"collection":[{"href":"https:\/\/www.lintelligentdabidjan.info\/news\/wp-json\/wp\/v2\/posts"}],"about":[{"href":"https:\/\/www.lintelligentdabidjan.info\/news\/wp-json\/wp\/v2\/types\/post"}],"author":[{"embeddable":true,"href":"https:\/\/www.lintelligentdabidjan.info\/news\/wp-json\/wp\/v2\/users\/4"}],"replies":[{"embeddable":true,"href":"https:\/\/www.lintelligentdabidjan.info\/news\/wp-json\/wp\/v2\/comments?post=39597"}],"version-history":[{"count":1,"href":"https:\/\/www.lintelligentdabidjan.info\/news\/wp-json\/wp\/v2\/posts\/39597\/revisions"}],"predecessor-version":[{"id":39599,"href":"https:\/\/www.lintelligentdabidjan.info\/news\/wp-json\/wp\/v2\/posts\/39597\/revisions\/39599"}],"wp:featuredmedia":[{"embeddable":true,"href":"https:\/\/www.lintelligentdabidjan.info\/news\/wp-json\/wp\/v2\/media\/39598"}],"wp:attachment":[{"href":"https:\/\/www.lintelligentdabidjan.info\/news\/wp-json\/wp\/v2\/media?parent=39597"}],"wp:term":[{"taxonomy":"category","embeddable":true,"href":"https:\/\/www.lintelligentdabidjan.info\/news\/wp-json\/wp\/v2\/categories?post=39597"},{"taxonomy":"post_tag","embeddable":true,"href":"https:\/\/www.lintelligentdabidjan.info\/news\/wp-json\/wp\/v2\/tags?post=39597"}],"curies":[{"name":"wp","href":"https:\/\/api.w.org\/{rel}","templated":true}]}}