{"id":39602,"date":"2025-08-08T06:12:48","date_gmt":"2025-08-08T04:12:48","guid":{"rendered":"https:\/\/www.lintelligentdabidjan.info\/news\/?p=39602"},"modified":"2025-08-08T06:12:54","modified_gmt":"2025-08-08T04:12:54","slug":"agefop-un-prix-alassane-ouattara-pour-la-presse-lance","status":"publish","type":"post","link":"https:\/\/www.lintelligentdabidjan.info\/news\/agefop-un-prix-alassane-ouattara-pour-la-presse-lance\/","title":{"rendered":"AGEFOP : un prix Alassane Ouattara pour la presse lanc\u00e9"},"content":{"rendered":"<p><strong>L\u2019Agence nationale de la formation professionnelle (AGEFOP) a lanc\u00e9 un prix Alassane Ouattara \u00e0 l\u2019intention de la presse, dans le but d\u2019inciter les m\u00e9dias \u00e0 promouvoir les valeurs de la formation professionnelle.<\/strong><\/p>\n<p>L\u2019AGEFOP souhaite s\u2019appuyer sur l\u2019accompagnement de la presse pour mieux se faire conna\u00eetre et sensibiliser les populations aux m\u00e9tiers de la formation professionnelle en C\u00f4te d\u2019Ivoire ainsi qu\u2019\u00e0 leurs avantages. Dans ce cadre, Karitia Coulibaly-De Medeiros, la Directrice g\u00e9n\u00e9rale, a annonc\u00e9 le lancement d\u2019un prix d\u00e9nomm\u00e9 Prix Alassane Ouattara, qui r\u00e9compensera chaque ann\u00e9e l\u2019organe de presse ayant r\u00e9alis\u00e9 les meilleures productions dans ce domaine. Cet \u00e9v\u00e9nement s\u2019est d\u00e9roul\u00e9 le mardi 5 ao\u00fbt 2025, au si\u00e8ge de la structure \u00e0 Marcory Zone 4, \u00e0 Abidjan. \u00ab Nous avons choisi de l\u2019appeler le Prix Alassane Ouattara pour valoriser l\u2019engagement du Pr\u00e9sident de la R\u00e9publique \u00e0 faire du d\u00e9veloppement du capital humain un axe majeur du d\u00e9veloppement \u00e9conomique national, un moteur de croissance et d\u2019industrialisation. Ce prix vise \u00e9galement \u00e0 renforcer la visibilit\u00e9 de la formation professionnelle, afin de sensibiliser le grand public \u00e0 l\u2019importance de l\u2019apprentissage d\u2019un m\u00e9tier, d\u2019attirer davantage de jeunes vers les fili\u00e8res techniques et professionnelles, et de mobiliser les partenaires publics et priv\u00e9s autour de cette cause \u00bb, a-t-elle d\u00e9clar\u00e9.<\/p>\n<p>Le genre journalistique \u00e0 r\u00e9compenser sera d\u00e9fini dans les jours \u00e0 venir par un jury compos\u00e9 de membres de l\u2019AGEFOP et de journalistes. Toutefois, Karitia Coulibaly-De Medeiros a pr\u00e9cis\u00e9 que le prix sera remis lors du Forum international des m\u00e9tiers et des comp\u00e9tences (FIMEC), et s\u2019inscrit dans une logique de reconnaissance, de motivation et de transformation sociale. L\u2019AGEFOP a \u00e9galement propos\u00e9 aux acteurs de la presse un programme d\u2019accompagnement technique, qui se concr\u00e9tisera par l\u2019identification de leurs besoins en comp\u00e9tences et la mise en place de programmes de renforcement de leurs capacit\u00e9s, en fonction des besoins recens\u00e9s. Nomm\u00e9e le 28 septembre 2023, Karitia Coulibaly-De Medeiros a indiqu\u00e9 s\u2019\u00eatre fix\u00e9e plusieurs axes prioritaires, dont l\u2019am\u00e9lioration de la notori\u00e9t\u00e9 de l\u2019AGEFOP. \u00ab C\u2019est l\u2019un des axes principaux de la feuille de route mise en place depuis ma prise de fonction \u00bb, a-t-elle soulign\u00e9. Cette rencontre s\u2019inscrivait \u00e9galement dans le cadre des c\u00e9l\u00e9brations continues des 33 ans d\u2019existence de l\u2019AGEFOP. Elle est bri\u00e8vement revenue sur le bilan de la structure. Selon elle, en 33 ans, l\u2019AGEFOP a d\u00e9velopp\u00e9 plus de 1 000 outils de formation par apprentissage, formations en entrepreneuriat et formations qualifiantes de courte dur\u00e9e, touchant 65 000 b\u00e9n\u00e9ficiaires directs et 252 000 b\u00e9n\u00e9ficiaires indirects. \u00ab Cette alliance avec vous est fond\u00e9e sur la compl\u00e9mentarit\u00e9 de nos r\u00f4les. Ensemble, nous pouvons toucher les c\u0153urs et \u00e9veiller les consciences sur les v\u00e9ritables opportunit\u00e9s qu\u2019offre la formation professionnelle. Aidez-nous \u00e0 transformer la perception publique de la formation professionnelle aupr\u00e8s des jeunes et des parents \u00bb, a-t-elle lanc\u00e9.<\/p>\n<p><strong> Jean-Hubert Koffo<\/strong><\/p>\n","protected":false},"excerpt":{"rendered":"<p>L\u2019Agence nationale de la formation professionnelle (AGEFOP) a lanc\u00e9 un prix Alassane Ouattara \u00e0 l\u2019intention de la presse, dans le but d\u2019inciter les m\u00e9dias \u00e0 promouvoir les valeurs de la formation professionnelle. L\u2019AGEFOP souhaite s\u2019appuyer sur l\u2019accompagnement de la presse pour mieux se faire conna\u00eetre et sensibiliser les populations aux m\u00e9tiers de la formation professionnelle [&hellip;]<\/p>\n","protected":false},"author":4,"featured_media":39603,"comment_status":"closed","ping_status":"closed","sticky":false,"template":"","format":"standard","meta":{"_monsterinsights_skip_tracking":false,"_monsterinsights_sitenote_active":false,"_monsterinsights_sitenote_note":"","_monsterinsights_sitenote_category":0,"footnotes":""},"categories":[2,3],"tags":[2515,39,75,5908],"class_list":["post-39602","post","type-post","status-publish","format-standard","has-post-thumbnail","hentry","category-featured","category-societe","tag-agefop","tag-alassane-ouattara","tag-presse","tag-un-prix"],"_links":{"self":[{"href":"https:\/\/www.lintelligentdabidjan.info\/news\/wp-json\/wp\/v2\/posts\/39602","targetHints":{"allow":["GET"]}}],"collection":[{"href":"https:\/\/www.lintelligentdabidjan.info\/news\/wp-json\/wp\/v2\/posts"}],"about":[{"href":"https:\/\/www.lintelligentdabidjan.info\/news\/wp-json\/wp\/v2\/types\/post"}],"author":[{"embeddable":true,"href":"https:\/\/www.lintelligentdabidjan.info\/news\/wp-json\/wp\/v2\/users\/4"}],"replies":[{"embeddable":true,"href":"https:\/\/www.lintelligentdabidjan.info\/news\/wp-json\/wp\/v2\/comments?post=39602"}],"version-history":[{"count":1,"href":"https:\/\/www.lintelligentdabidjan.info\/news\/wp-json\/wp\/v2\/posts\/39602\/revisions"}],"predecessor-version":[{"id":39604,"href":"https:\/\/www.lintelligentdabidjan.info\/news\/wp-json\/wp\/v2\/posts\/39602\/revisions\/39604"}],"wp:featuredmedia":[{"embeddable":true,"href":"https:\/\/www.lintelligentdabidjan.info\/news\/wp-json\/wp\/v2\/media\/39603"}],"wp:attachment":[{"href":"https:\/\/www.lintelligentdabidjan.info\/news\/wp-json\/wp\/v2\/media?parent=39602"}],"wp:term":[{"taxonomy":"category","embeddable":true,"href":"https:\/\/www.lintelligentdabidjan.info\/news\/wp-json\/wp\/v2\/categories?post=39602"},{"taxonomy":"post_tag","embeddable":true,"href":"https:\/\/www.lintelligentdabidjan.info\/news\/wp-json\/wp\/v2\/tags?post=39602"}],"curies":[{"name":"wp","href":"https:\/\/api.w.org\/{rel}","templated":true}]}}