{"id":39608,"date":"2025-08-08T06:20:18","date_gmt":"2025-08-08T04:20:18","guid":{"rendered":"https:\/\/www.lintelligentdabidjan.info\/news\/?p=39608"},"modified":"2025-08-08T06:23:31","modified_gmt":"2025-08-08T04:23:31","slug":"bouake-laurent-tchagba-lance-une-operation-verte","status":"publish","type":"post","link":"https:\/\/www.lintelligentdabidjan.info\/news\/bouake-laurent-tchagba-lance-une-operation-verte\/","title":{"rendered":"Bouak\u00e9-   Laurent Tchagba lance une op\u00e9ration verte"},"content":{"rendered":"<p><em><strong>Dans le cadre des pr\u00e9paratifs de la c\u00e9l\u00e9bration du 65e anniversaire de l\u2019ind\u00e9pendance de la C\u00f4te d\u2019Ivoire, une op\u00e9ration de reboisement a \u00e9t\u00e9 lanc\u00e9e \u00e0 Bouak\u00e9, le mardi 5 ao\u00fbt 2025. C\u2019est le ministre des Eaux et For\u00eats, Laurent Tchagba, qui a proc\u00e9d\u00e9 au lancement officiel de cette initiative en plantant symboliquement un arbre dans la cour de la pr\u00e9fecture de la ville.<\/strong><\/em><\/p>\n<p>La c\u00e9r\u00e9monie s\u2019est d\u00e9roul\u00e9e en pr\u00e9sence du ministre des Transports et maire de Bouak\u00e9, Amadou Kon\u00e9, ainsi que du ministre de l\u2019Environnement, du D\u00e9veloppement durable et de la Transition \u00e9cologique, Jacques Assahor\u00e9, \u00e9galement pr\u00e9sident du Conseil r\u00e9gional de Gb\u00eak\u00ea.<\/p>\n<p>Laurent Tchagba,  ministre des Eaux et For\u00eats,    a salu\u00e9 les efforts du maire de Bouak\u00e9 pour sa contribution \u00e0 la reconstitution du couvert forestier national. Il a encourag\u00e9 d\u2019autres communes \u00e0 suivre cet exemple, dans un contexte o\u00f9 la C\u00f4te d\u2019Ivoire fait face \u00e0 une importante d\u00e9forestation. Il a rappel\u00e9 qu\u2019en l\u2019espace de quelques d\u00e9cennies, le pays est pass\u00e9 de 16 millions \u00e0 seulement 3 millions d\u2019hectares de for\u00eats.<\/p>\n<p>\u00ab En plantant ces arbres aujourd\u2019hui, nous affirmons notre volont\u00e9 de pr\u00e9server notre h\u00e9ritage naturel, de prot\u00e9ger notre biodiversit\u00e9 et de lutter contre le changement climatique. Chaque arbre plant\u00e9 est le symbole d\u2019un avenir plus vert et plus durable \u00bb, a-t-il lanc\u00e9 avec conviction.<\/p>\n<p>Le ministre a \u00e9galement exhort\u00e9 les Ivoiriens \u00e0 s\u2019impliquer activement pour atteindre l\u2019objectif fix\u00e9 de 20 % de couverture foresti\u00e8re sur l\u2019ensemble du territoire national.<\/p>\n<p>\u00c0 l\u2019heure o\u00f9 les d\u00e9fis environnementaux deviennent de plus en plus pressants, l\u2019initiative lanc\u00e9e \u00e0 Bouak\u00e9 appara\u00eet comme une r\u00e9ponse concr\u00e8te, symbolique et salutaire. Elle donne une dimension \u00e9cologique et citoyenne \u00e0 la c\u00e9l\u00e9bration de l\u2019ind\u00e9pendance, tout en inscrivant Bouak\u00e9 dans une dynamique durable au service des g\u00e9n\u00e9rations futures.<\/p>\n<p>Amadou Kon\u00e9,   maire   de Bouak\u00e9 a soulign\u00e9, \u00e0 cette occasion,  que ce planting marque le point de d\u00e9part d\u2019un ambitieux programme de reboisement couvrant une superficie de 72 kilom\u00e8tres carr\u00e9s, \u00e0 r\u00e9aliser sur une p\u00e9riode de cinq ans. Ce programme s\u2019inscrit dans le cadre du quatri\u00e8me pilier du projet \u00ab Bouak\u00e9 Nouveau \u00bb, ax\u00e9 sur l\u2019assainissement et la protection de l\u2019environnement.<\/p>\n<p>\u00ab Cette op\u00e9ration vise \u00e0 faire de Bouak\u00e9 une ville mod\u00e8le en mati\u00e8re de durabilit\u00e9 environnementale. Nous devons transformer chaque quartier en oasis verte. C\u2019est ensemble que nous pr\u00e9serverons la biodiversit\u00e9 de notre territoire \u00bb, a-t-il d\u00e9clar\u00e9, appelant les populations \u00e0 un engagement citoyen massif.<\/p>\n<p><strong> Nambac\u00e9r\u00e9 Jo\u00ebl <\/strong><\/p>\n","protected":false},"excerpt":{"rendered":"<p>Dans le cadre des pr\u00e9paratifs de la c\u00e9l\u00e9bration du 65e anniversaire de l\u2019ind\u00e9pendance de la C\u00f4te d\u2019Ivoire, une op\u00e9ration de reboisement a \u00e9t\u00e9 lanc\u00e9e \u00e0 Bouak\u00e9, le mardi 5 ao\u00fbt 2025. C\u2019est le ministre des Eaux et For\u00eats, Laurent Tchagba, qui a proc\u00e9d\u00e9 au lancement officiel de cette initiative en plantant symboliquement un arbre dans [&hellip;]<\/p>\n","protected":false},"author":4,"featured_media":39609,"comment_status":"closed","ping_status":"closed","sticky":false,"template":"","format":"standard","meta":{"_monsterinsights_skip_tracking":false,"_monsterinsights_sitenote_active":false,"_monsterinsights_sitenote_note":"","_monsterinsights_sitenote_category":0,"footnotes":""},"categories":[2,3],"tags":[125,5911,5912],"class_list":["post-39608","post","type-post","status-publish","format-standard","has-post-thumbnail","hentry","category-featured","category-societe","tag-bouake","tag-laurent-tchagba-l","tag-operation-verte"],"_links":{"self":[{"href":"https:\/\/www.lintelligentdabidjan.info\/news\/wp-json\/wp\/v2\/posts\/39608","targetHints":{"allow":["GET"]}}],"collection":[{"href":"https:\/\/www.lintelligentdabidjan.info\/news\/wp-json\/wp\/v2\/posts"}],"about":[{"href":"https:\/\/www.lintelligentdabidjan.info\/news\/wp-json\/wp\/v2\/types\/post"}],"author":[{"embeddable":true,"href":"https:\/\/www.lintelligentdabidjan.info\/news\/wp-json\/wp\/v2\/users\/4"}],"replies":[{"embeddable":true,"href":"https:\/\/www.lintelligentdabidjan.info\/news\/wp-json\/wp\/v2\/comments?post=39608"}],"version-history":[{"count":1,"href":"https:\/\/www.lintelligentdabidjan.info\/news\/wp-json\/wp\/v2\/posts\/39608\/revisions"}],"predecessor-version":[{"id":39610,"href":"https:\/\/www.lintelligentdabidjan.info\/news\/wp-json\/wp\/v2\/posts\/39608\/revisions\/39610"}],"wp:featuredmedia":[{"embeddable":true,"href":"https:\/\/www.lintelligentdabidjan.info\/news\/wp-json\/wp\/v2\/media\/39609"}],"wp:attachment":[{"href":"https:\/\/www.lintelligentdabidjan.info\/news\/wp-json\/wp\/v2\/media?parent=39608"}],"wp:term":[{"taxonomy":"category","embeddable":true,"href":"https:\/\/www.lintelligentdabidjan.info\/news\/wp-json\/wp\/v2\/categories?post=39608"},{"taxonomy":"post_tag","embeddable":true,"href":"https:\/\/www.lintelligentdabidjan.info\/news\/wp-json\/wp\/v2\/tags?post=39608"}],"curies":[{"name":"wp","href":"https:\/\/api.w.org\/{rel}","templated":true}]}}