{"id":39611,"date":"2025-08-08T06:27:15","date_gmt":"2025-08-08T04:27:15","guid":{"rendered":"https:\/\/www.lintelligentdabidjan.info\/news\/?p=39611"},"modified":"2025-08-08T06:27:24","modified_gmt":"2025-08-08T04:27:24","slug":"an-65-de-la-cote-divoire-le-ministere-de-la-cohesion-nationale-fait-des-heureux-a-bouake","status":"publish","type":"post","link":"https:\/\/www.lintelligentdabidjan.info\/news\/an-65-de-la-cote-divoire-le-ministere-de-la-cohesion-nationale-fait-des-heureux-a-bouake\/","title":{"rendered":"An 65 de la C\u00f4te d\u2019Ivoire- Le minist\u00e8re de la Coh\u00e9sion nationale fait des heureux \u00e0 Bouak\u00e9"},"content":{"rendered":"<p><em><strong>A l\u2019occasion du 65e anniversaire de l\u2019ind\u00e9pendance de la C\u00f4te d\u2019Ivoire, la ville de Bouak\u00e9 a accueilli, selon une note d&#8217;information,  une  c\u00e9r\u00e9monie de distribution de kits, le mercredi 6 ao\u00fbt 2025 aux m\u00e9nages vuln\u00e9rables. Organis\u00e9e par le minist\u00e8re de la Coh\u00e9sion nationale, de la Solidarit\u00e9 et de la Lutte contre la Pauvret\u00e9, cette initiative s\u2019inscrit dans le cadre des programmes \u00ab Popote Familiale \u00bb et \u00ab Dimanche de la Solidarit\u00e9 \u00bb, qui visent \u00e0 soulager les populations les plus fragiles et \u00e0 r\u00e9duire les in\u00e9galit\u00e9s sociales \u00e0 travers des actions concr\u00e8tes et cibl\u00e9es.<\/strong><\/em><\/p>\n<p>Le programme \u00ab Popote Familiale \u00bb, lanc\u00e9 en juin 2025, constitue une initiative pilote du gouvernement. Il cible les m\u00e9nages en situation de pr\u00e9carit\u00e9, \u00e0 qui il apporte un soutien alimentaire et hygi\u00e9nique mensuel pendant six mois. Ce sont ainsi 2 000 m\u00e9nages, r\u00e9partis sur l\u2019ensemble du territoire national, qui b\u00e9n\u00e9ficient de cette assistance. Chaque foyer, compos\u00e9 de cinq \u00e0 dix personnes, re\u00e7oit un kit d\u2019une valeur de 50 250 FCFA, permettant de couvrir les besoins de base dans un contexte \u00e9conomique souvent difficile. La c\u00e9r\u00e9monie de remise des kits pour le mois d\u2019ao\u00fbt s\u2019est d\u00e9roul\u00e9e dans la salle des spectacles de l\u2019H\u00f4tel de ville de Bouak\u00e9, en pr\u00e9sence de la ministre Myss Belmonde Dogo et de celui des Transports, par ailleurs, maire de la commune, Amadou Kon\u00e9. Ensemble, ils ont remis symboliquement les kits aux 130 m\u00e9nages du d\u00e9partement de Gb\u00eak\u00ea inscrits au programme. Ce moment fort a \u00e9t\u00e9 marqu\u00e9 par une grande \u00e9motion et la gratitude exprim\u00e9e par les b\u00e9n\u00e9ficiaires.<\/p>\n<p>Amadou Kon\u00e9 a salu\u00e9 l\u2019initiative, estimant qu\u2019elle redonne leur dignit\u00e9 aux personnes les plus d\u00e9munies. Il a rappel\u00e9 qu\u2019\u00e0 Bouak\u00e9, plus de 9 000 familles b\u00e9n\u00e9ficient des diff\u00e9rents programmes mis en \u0153uvre par le minist\u00e8re, tels que la Popote familiale, les filets sociaux et d&#8217;autres formes de soutien. Il en a profit\u00e9 pour f\u00e9liciter sa coll\u00e8gue pour son engagement constant aupr\u00e8s des familles ivoiriennes. De son c\u00f4t\u00e9, la ministre Belmonde Dogo a rappel\u00e9 que le projet pilote vise un impact concret sur le quotidien des b\u00e9n\u00e9ficiaires. Elle a insist\u00e9 sur l\u2019importance d\u2019une gestion rigoureuse et responsable des kits distribu\u00e9s, pr\u00e9cisant qu\u2019un bilan sera \u00e9tabli en fin d\u2019ann\u00e9e.<\/p>\n<p>En marge de cette c\u00e9r\u00e9monie, une action compl\u00e9mentaire de solidarit\u00e9 a permis \u00e0 100 autres m\u00e9nages, non encore inscrits dans les programmes sociaux existants, de recevoir \u00e9galement des kits dans le cadre du \u00ab Dimanche de la Solidarit\u00e9 \u00bb sp\u00e9cial Ind\u00e9pendance. Ce geste visait \u00e0 leur permettre de c\u00e9l\u00e9brer dignement l\u2019anniversaire de la nation, en attendant leur \u00e9ventuelle int\u00e9gration dans les dispositifs d\u2019aide.<\/p>\n<p>Dans cette dynamique d\u2019\u00e9coute et de proximit\u00e9, la ministre a rendu visite \u00e0 plusieurs familles vivant dans des conditions particuli\u00e8rement difficiles. Elle a rencontr\u00e9 une veuve sans ressources avec trois enfants \u00e0 charge, pour laquelle elle a promis un matelas neuf ainsi qu\u2019une prise en charge compl\u00e8te des enfants. Elle s\u2019est ensuite rendue au chevet d\u2019une femme atteinte d\u2019un cancer du col de l\u2019ut\u00e9rus, qui b\u00e9n\u00e9ficiera prochainement d\u2019un accompagnement m\u00e9dical adapt\u00e9. Dans un autre quartier, elle a apport\u00e9 son soutien \u00e0 la famille d\u2019un enfant souffrant d\u2019une grave malformation digestive, dont la prise en charge au CHU de Bouak\u00e9 a \u00e9t\u00e9 activ\u00e9e. Enfin, elle s\u2019est entretenue avec une m\u00e8re ayant perdu ses deux enfants dans un incendie, \u00e0 qui elle a exprim\u00e9 sa compassion et propos\u00e9 un accompagnement moral et mat\u00e9riel.<\/p>\n<p>Ces actions, empreintes d\u2019humanit\u00e9, traduisent la volont\u00e9 du gouvernement de ne pas se limiter \u00e0 une aide ponctuelle, mais de construire un accompagnement durable vers l\u2019autonomie des familles vuln\u00e9rables. La ministre a d\u2019ailleurs pr\u00e9cis\u00e9 que l\u2019objectif, au-del\u00e0 de l\u2019assistance mensuelle, est de renforcer la capacit\u00e9 des b\u00e9n\u00e9ficiaires \u00e0 subvenir eux-m\u00eames \u00e0 leurs besoins, notamment \u00e0 travers le soutien \u00e0 des activit\u00e9s g\u00e9n\u00e9ratrices de revenus.<\/p>\n<p>Elle a conclu en soulignant que ces interventions s\u2019inscrivent dans une politique sociale centr\u00e9e sur l\u2019humain, pr\u00f4n\u00e9e par le Pr\u00e9sident de la R\u00e9publique,  Alassane Ouattara. En multipliant les actions de terrain, le gouvernement ivoirien r\u00e9affirme ainsi son engagement \u00e0 lutter contre la pauvret\u00e9 et \u00e0 promouvoir une soci\u00e9t\u00e9 plus \u00e9quitable, dans laquelle chaque citoyen, quelle que soit sa condition, peut aspirer \u00e0 une vie d\u00e9cente.<\/p>\n<p><strong>Olivier Dion avec G\u00e9rard Batoua<\/strong><\/p>\n","protected":false},"excerpt":{"rendered":"<p>A l\u2019occasion du 65e anniversaire de l\u2019ind\u00e9pendance de la C\u00f4te d\u2019Ivoire, la ville de Bouak\u00e9 a accueilli, selon une note d&#8217;information, une c\u00e9r\u00e9monie de distribution de kits, le mercredi 6 ao\u00fbt 2025 aux m\u00e9nages vuln\u00e9rables. Organis\u00e9e par le minist\u00e8re de la Coh\u00e9sion nationale, de la Solidarit\u00e9 et de la Lutte contre la Pauvret\u00e9, cette initiative [&hellip;]<\/p>\n","protected":false},"author":4,"featured_media":39612,"comment_status":"closed","ping_status":"closed","sticky":false,"template":"","format":"standard","meta":{"_monsterinsights_skip_tracking":false,"_monsterinsights_sitenote_active":false,"_monsterinsights_sitenote_note":"","_monsterinsights_sitenote_category":0,"footnotes":""},"categories":[2,3],"tags":[5913,125,5914],"class_list":["post-39611","post","type-post","status-publish","format-standard","has-post-thumbnail","hentry","category-featured","category-societe","tag-an-65-de-la-cote-divoire","tag-bouake","tag-le-ministere-de-la-cohesion-nationale"],"_links":{"self":[{"href":"https:\/\/www.lintelligentdabidjan.info\/news\/wp-json\/wp\/v2\/posts\/39611","targetHints":{"allow":["GET"]}}],"collection":[{"href":"https:\/\/www.lintelligentdabidjan.info\/news\/wp-json\/wp\/v2\/posts"}],"about":[{"href":"https:\/\/www.lintelligentdabidjan.info\/news\/wp-json\/wp\/v2\/types\/post"}],"author":[{"embeddable":true,"href":"https:\/\/www.lintelligentdabidjan.info\/news\/wp-json\/wp\/v2\/users\/4"}],"replies":[{"embeddable":true,"href":"https:\/\/www.lintelligentdabidjan.info\/news\/wp-json\/wp\/v2\/comments?post=39611"}],"version-history":[{"count":1,"href":"https:\/\/www.lintelligentdabidjan.info\/news\/wp-json\/wp\/v2\/posts\/39611\/revisions"}],"predecessor-version":[{"id":39613,"href":"https:\/\/www.lintelligentdabidjan.info\/news\/wp-json\/wp\/v2\/posts\/39611\/revisions\/39613"}],"wp:featuredmedia":[{"embeddable":true,"href":"https:\/\/www.lintelligentdabidjan.info\/news\/wp-json\/wp\/v2\/media\/39612"}],"wp:attachment":[{"href":"https:\/\/www.lintelligentdabidjan.info\/news\/wp-json\/wp\/v2\/media?parent=39611"}],"wp:term":[{"taxonomy":"category","embeddable":true,"href":"https:\/\/www.lintelligentdabidjan.info\/news\/wp-json\/wp\/v2\/categories?post=39611"},{"taxonomy":"post_tag","embeddable":true,"href":"https:\/\/www.lintelligentdabidjan.info\/news\/wp-json\/wp\/v2\/tags?post=39611"}],"curies":[{"name":"wp","href":"https:\/\/api.w.org\/{rel}","templated":true}]}}