{"id":39614,"date":"2025-08-08T06:31:22","date_gmt":"2025-08-08T04:31:22","guid":{"rendered":"https:\/\/www.lintelligentdabidjan.info\/news\/?p=39614"},"modified":"2025-08-08T06:31:30","modified_gmt":"2025-08-08T04:31:30","slug":"morondo-des-femmes-rendent-hommage-au-maire-moussa-traore-koudougou","status":"publish","type":"post","link":"https:\/\/www.lintelligentdabidjan.info\/news\/morondo-des-femmes-rendent-hommage-au-maire-moussa-traore-koudougou\/","title":{"rendered":"Morondo- Des femmes rendent hommage au maire Moussa Traor\u00e9 Koudougou."},"content":{"rendered":"<p><em><strong>La c\u00e9r\u00e9monie d\u2019hommage au maire de la commune de Morondo, Moussa Traor\u00e9 Koudougou s&#8217;est tenue le mardi 5 ao\u00fbt 2025 \u00e0 Morondo, r\u00e9gion du Worodougou.<\/strong><\/em><\/p>\n<p>Initi\u00e9e par des groupements de femmes de la commune de Morondo, cette c\u00e9r\u00e9monie visait \u00e0 rendre hommage au maire Moussa Traor\u00e9 Koudougou pour ses actions de d\u00e9veloppement dans la commune. Lors de cet \u00e9v\u00e9nement, le premier magistrat de la commune a exprim\u00e9 sa gratitude \u00e0 l\u2019ensemble des groupements de femmes pour cette initiative. \u00ab Ce geste me touche profond\u00e9ment. Il me renforce dans ma mission de toujours servir avec sinc\u00e9rit\u00e9 et d\u00e9termination. Vous \u00eates la colonne vert\u00e9brale de notre communaut\u00e9, et je continuerai \u00e0 \u0153uvrer pour votre bien-\u00eatre \u00bb, a-t-il affirm\u00e9. Par ailleurs, il a assur\u00e9 qu&#8217;il va intensifier ses actions de d\u00e9veloppement, de coh\u00e9sion sociale et de paix dans sa commune. \u00ab Depuis mon \u00e9lection \u00e0 la t\u00eate de Morondo, nous avons men\u00e9 plusieurs activit\u00e9s qui ont contribu\u00e9 \u00e0 l\u2019autonomisation, \u00e0 la promotion des populations, en g\u00e9n\u00e9ral, et en particulier, des femmes et des jeunes. Cela a \u00e9t\u00e9 possible gr\u00e2ce \u00e0 la stabilit\u00e9 qui r\u00e8gne dans notre belle commune. Ensemble, nous allons b\u00e2tir une commune o\u00f9 il fait bon vivre \u00bb, a-t-il annonc\u00e9.<\/p>\n<p>Dans une d\u00e9claration unanime, les repr\u00e9sentantes des groupements f\u00e9minins de Morondo ont salu\u00e9 les actions remarquables du maire. \u00ab Nous, femmes des groupements f\u00e9minins de Morondo, saluons le leadership \u00e9clair\u00e9 du maire Moussa Traor\u00e9, son \u00e9coute permanente, et les nombreuses actions concr\u00e8tes en faveur des femmes, notamment dans les domaines de l\u2019entrepreneuriat, de l\u2019\u00e9ducation, de la sant\u00e9 et du renforcement des capacit\u00e9s. Nous lui disons infiniment merci pour ses actions de d\u00e9veloppement. Mais surtout, merci pour son soutien sans faille \u00e0 l\u2019endroit de nous, les femmes \u00bb, ont t\u00e9moign\u00e9 les femmes.<\/p>\n<p>Au-del\u00e0 de l\u2019aspect festif, cette c\u00e9r\u00e9monie a \u00e9galement \u00e9t\u00e9 un moment de dialogue, de bilan et de projection sur les d\u00e9fis \u00e0 venir, dans une dynamique de collaboration renforc\u00e9e entre les femmes de la commune et les autorit\u00e9s locales. Cet \u00e9v\u00e9nement exceptionnel a r\u00e9uni femmes leaders, associations f\u00e9minines, autorit\u00e9s locales, chefs traditionnels et habitants de la commune et de la sous-pr\u00e9fecture pour saluer l\u2019engagement du maire envers la promotion et l\u2019autonomisation des femmes.<\/p>\n<p><strong>Olivier Dion avec A. Traor\u00e9 <\/strong><\/p>\n","protected":false},"excerpt":{"rendered":"<p>La c\u00e9r\u00e9monie d\u2019hommage au maire de la commune de Morondo, Moussa Traor\u00e9 Koudougou s&#8217;est tenue le mardi 5 ao\u00fbt 2025 \u00e0 Morondo, r\u00e9gion du Worodougou. Initi\u00e9e par des groupements de femmes de la commune de Morondo, cette c\u00e9r\u00e9monie visait \u00e0 rendre hommage au maire Moussa Traor\u00e9 Koudougou pour ses actions de d\u00e9veloppement dans la commune. [&hellip;]<\/p>\n","protected":false},"author":4,"featured_media":39615,"comment_status":"closed","ping_status":"closed","sticky":false,"template":"","format":"standard","meta":{"_monsterinsights_skip_tracking":false,"_monsterinsights_sitenote_active":false,"_monsterinsights_sitenote_note":"","_monsterinsights_sitenote_category":0,"footnotes":""},"categories":[2,3],"tags":[5915,715,1866,1786,2414],"class_list":["post-39614","post","type-post","status-publish","format-standard","has-post-thumbnail","hentry","category-featured","category-societe","tag-des-femmes","tag-hommage","tag-maire","tag-morondo","tag-moussa-traore-koudougou"],"_links":{"self":[{"href":"https:\/\/www.lintelligentdabidjan.info\/news\/wp-json\/wp\/v2\/posts\/39614","targetHints":{"allow":["GET"]}}],"collection":[{"href":"https:\/\/www.lintelligentdabidjan.info\/news\/wp-json\/wp\/v2\/posts"}],"about":[{"href":"https:\/\/www.lintelligentdabidjan.info\/news\/wp-json\/wp\/v2\/types\/post"}],"author":[{"embeddable":true,"href":"https:\/\/www.lintelligentdabidjan.info\/news\/wp-json\/wp\/v2\/users\/4"}],"replies":[{"embeddable":true,"href":"https:\/\/www.lintelligentdabidjan.info\/news\/wp-json\/wp\/v2\/comments?post=39614"}],"version-history":[{"count":1,"href":"https:\/\/www.lintelligentdabidjan.info\/news\/wp-json\/wp\/v2\/posts\/39614\/revisions"}],"predecessor-version":[{"id":39616,"href":"https:\/\/www.lintelligentdabidjan.info\/news\/wp-json\/wp\/v2\/posts\/39614\/revisions\/39616"}],"wp:featuredmedia":[{"embeddable":true,"href":"https:\/\/www.lintelligentdabidjan.info\/news\/wp-json\/wp\/v2\/media\/39615"}],"wp:attachment":[{"href":"https:\/\/www.lintelligentdabidjan.info\/news\/wp-json\/wp\/v2\/media?parent=39614"}],"wp:term":[{"taxonomy":"category","embeddable":true,"href":"https:\/\/www.lintelligentdabidjan.info\/news\/wp-json\/wp\/v2\/categories?post=39614"},{"taxonomy":"post_tag","embeddable":true,"href":"https:\/\/www.lintelligentdabidjan.info\/news\/wp-json\/wp\/v2\/tags?post=39614"}],"curies":[{"name":"wp","href":"https:\/\/api.w.org\/{rel}","templated":true}]}}