{"id":39617,"date":"2025-08-08T06:36:26","date_gmt":"2025-08-08T04:36:26","guid":{"rendered":"https:\/\/www.lintelligentdabidjan.info\/news\/?p=39617"},"modified":"2025-08-08T06:36:42","modified_gmt":"2025-08-08T04:36:42","slug":"presidentielle-2025-kouman-kouassi-alassane-ouattara-est-un-candidat-du-devoir-et-de-la-responsabilite","status":"publish","type":"post","link":"https:\/\/www.lintelligentdabidjan.info\/news\/presidentielle-2025-kouman-kouassi-alassane-ouattara-est-un-candidat-du-devoir-et-de-la-responsabilite\/","title":{"rendered":"Pr\u00e9sidentielle 2025-   Kouman Kouassi : \u00ab Alassane Ouattara est un candidat du devoir et de la responsabilit\u00e9 \u00bb"},"content":{"rendered":"<p><em><strong>Le Congr\u00e8s pour la d\u00e9fense de la R\u00e9publique (Cdr) a organis\u00e9 une conf\u00e9rence de presse le lundi 4 ao\u00fbt 2025 , dans un complexe h\u00f4telier situ\u00e9 au Plateau, \u00e0 Abidjan. Plac\u00e9e sous le th\u00e8me \u00ab Pr\u00e9sidentielle 2025 : Alassane Ouattara, le choix du devoir et de la responsabilit\u00e9 \u00bb, cette rencontre visait \u00e0 afficher le soutien officiel du mouvement \u00e0 la candidature du pr\u00e9sident de la R\u00e9publique.<\/strong><\/em><\/p>\n<p>Le 29 juillet dernier, Alassane Ouattara a annonc\u00e9 sa candidature \u00e0 l\u2019\u00e9lection pr\u00e9sidentielle de 2025, mettant fin \u00e0 plusieurs mois de sp\u00e9culations. Une annonce sobre, sans mise en sc\u00e8ne excessive, mais lourde de sens. Pour le Cdr, il ne s\u2019agit pas d\u2019un simple retour : c\u2019est une d\u00e9cision historique motiv\u00e9e par le sens des responsabilit\u00e9s.<\/p>\n<p><strong>\u00ab Ce n\u2019est pas un retour politique, c\u2019est un engagement r\u00e9publicain \u00bb<\/strong><\/p>\n<p>Kouman Kouassi,   a salu\u00e9 une candidature qu\u2019il juge \u00e0 la fois n\u00e9cessaire et l\u00e9gitime.<\/p>\n<p>\u00ab Ni revanchard, ni nostalgique, Alassane Ouattara n\u2019est pas un homme politique de circonstance. Il est un homme d\u2019\u00c9tat  (\u2026)  Forg\u00e9 par l\u2019adversit\u00e9, aguerri par l\u2019exercice du pouvoir, il fait aujourd\u2019hui le choix de revenir devant les Ivoiriens, non par d\u00e9sir personnel, mais par devoir r\u00e9publicain. \u00bb, \u00bb, a-t-il affirm\u00e9 .<\/p>\n<p>Pour le leader du Cdr, cette candidature s\u2019impose dans un contexte sous-r\u00e9gional instable et une sc\u00e8ne politique nationale fragilis\u00e9e. Elle n\u2019est, selon lui  ni partisane, ni opportuniste, mais s\u2019inscrit dans une logique de pr\u00e9servation des acquis d\u00e9mocratiques et de sauvegarde de la paix.<\/p>\n<p><strong>Un rempart face aux incertitudes<\/strong><\/p>\n<p>Appuyant ses propos sur ceux d\u2019un proche collaborateur du chef de l\u2019\u00c9tat, Kouman Kouassi a insist\u00e9 :<\/p>\n<p>\u00ab Il aurait pu se retirer, se taire, se contenter d\u2019un r\u00f4le de sage. Mais il a choisi de se tenir, encore une fois, en premi\u00e8re ligne. \u00bb<\/p>\n<p>Selon lui, Ouattara demeure un rempart face aux incertitudes et aux forces de d\u00e9stabilisation qui menacent l\u2019\u00e9quilibre de la nation ivoirienne.<\/p>\n<p><strong>La s\u00e9curit\u00e9, socle de sa gouvernance<\/strong><\/p>\n<p>Kouman Kouassi a tenu \u00e0 rappeler l\u2019importance de la strat\u00e9gie s\u00e9curitaire d\u00e9ploy\u00e9e sous la gouvernance Ouattara, dans une r\u00e9gion secou\u00e9e par le terrorisme, les coups d\u2019\u00c9tat militaires et les tentatives de d\u00e9stabilisation externes.<\/p>\n<p>\u00ab Gr\u00e2ce \u00e0 une strat\u00e9gie rigoureuse renforcement du renseignement, modernisation des forces de d\u00e9fense, alliances s\u00e9curitaires,  la C\u00f4te d\u2019Ivoire est aujourd\u2019hui un p\u00f4le de stabilit\u00e9 dans la sous-r\u00e9gion \u00bb, a-t-il soulign\u00e9.<\/p>\n<p>Il  a indiqu\u00e9  que la paix dont jouit actuellement le pays n\u2019est pas le fruit du hasard, mais bien celui d\u2019une vision politique claire et responsable.<\/p>\n<p><strong>Un b\u00e2tisseur et un rassembleur<\/strong><\/p>\n<p>Sur le plan \u00e9conomique, le pr\u00e9sident du Cdr a \u00e9voqu\u00e9 les nombreuses r\u00e9alisations de ces derni\u00e8res ann\u00e9es :<\/p>\n<p>\u00ab Le PIB a tripl\u00e9, des routes, des \u00e9coles, des h\u00f4pitaux ont vu le jour\u2026 Mais au-del\u00e0 des chiffres, c\u2019est une vision inclusive de la Nation qu\u2019il incarne. Une nation qui refuse les clivages, qui mise sur le dialogue et la coh\u00e9sion. \u00bb<\/p>\n<p>Malgr\u00e9 les critiques, Kouman Kouassi a salu\u00e9 la constance d\u2019un pr\u00e9sident qui a toujours privil\u00e9gi\u00e9 l\u2019action \u00e0 la pol\u00e9mique, la construction \u00e0 la division.<\/p>\n<p><strong>Un dernier engagement au service du peuple<\/strong><\/p>\n<p>En conclusion, Kouman Kouassi a insist\u00e9 sur la dimension morale et historique de cette candidature :<\/p>\n<p>\u00ab Ce n\u2019est pas un simple prolongement. C\u2019est un serment renouvel\u00e9 \u00e0 la R\u00e9publique. \u00c0 83 ans, il choisit encore de porter la charge pour que la C\u00f4te d\u2019Ivoire reste debout, pour que nos enfants h\u00e9ritent d\u2019un pays libre, stable et prosp\u00e8re. \u00bb<\/p>\n<p>Pour le Cdr, Alassane Ouattara n\u2019est pas seulement un candidat : il est aujourd\u2019hui, plus que jamais, le garant de la stabilit\u00e9 et de l\u2019avenir de la Nation.<\/p>\n<p><strong>Par : Olivier Dion avec G\u00e9rard Batoua<\/strong><\/p>\n","protected":false},"excerpt":{"rendered":"<p>Le Congr\u00e8s pour la d\u00e9fense de la R\u00e9publique (Cdr) a organis\u00e9 une conf\u00e9rence de presse le lundi 4 ao\u00fbt 2025 , dans un complexe h\u00f4telier situ\u00e9 au Plateau, \u00e0 Abidjan. Plac\u00e9e sous le th\u00e8me \u00ab Pr\u00e9sidentielle 2025 : Alassane Ouattara, le choix du devoir et de la responsabilit\u00e9 \u00bb, cette rencontre visait \u00e0 afficher le [&hellip;]<\/p>\n","protected":false},"author":4,"featured_media":39618,"comment_status":"closed","ping_status":"closed","sticky":false,"template":"","format":"standard","meta":{"footnotes":""},"categories":[2,17],"tags":[39,2178,5917,5916,1621,3127],"class_list":["post-39617","post","type-post","status-publish","format-standard","has-post-thumbnail","hentry","category-featured","category-politique","tag-alassane-ouattara","tag-candidat","tag-devoir","tag-kouman-kouassi","tag-presidentielle-2025","tag-responsabilite"],"_links":{"self":[{"href":"https:\/\/www.lintelligentdabidjan.info\/news\/wp-json\/wp\/v2\/posts\/39617","targetHints":{"allow":["GET"]}}],"collection":[{"href":"https:\/\/www.lintelligentdabidjan.info\/news\/wp-json\/wp\/v2\/posts"}],"about":[{"href":"https:\/\/www.lintelligentdabidjan.info\/news\/wp-json\/wp\/v2\/types\/post"}],"author":[{"embeddable":true,"href":"https:\/\/www.lintelligentdabidjan.info\/news\/wp-json\/wp\/v2\/users\/4"}],"replies":[{"embeddable":true,"href":"https:\/\/www.lintelligentdabidjan.info\/news\/wp-json\/wp\/v2\/comments?post=39617"}],"version-history":[{"count":1,"href":"https:\/\/www.lintelligentdabidjan.info\/news\/wp-json\/wp\/v2\/posts\/39617\/revisions"}],"predecessor-version":[{"id":39619,"href":"https:\/\/www.lintelligentdabidjan.info\/news\/wp-json\/wp\/v2\/posts\/39617\/revisions\/39619"}],"wp:featuredmedia":[{"embeddable":true,"href":"https:\/\/www.lintelligentdabidjan.info\/news\/wp-json\/wp\/v2\/media\/39618"}],"wp:attachment":[{"href":"https:\/\/www.lintelligentdabidjan.info\/news\/wp-json\/wp\/v2\/media?parent=39617"}],"wp:term":[{"taxonomy":"category","embeddable":true,"href":"https:\/\/www.lintelligentdabidjan.info\/news\/wp-json\/wp\/v2\/categories?post=39617"},{"taxonomy":"post_tag","embeddable":true,"href":"https:\/\/www.lintelligentdabidjan.info\/news\/wp-json\/wp\/v2\/tags?post=39617"}],"curies":[{"name":"wp","href":"https:\/\/api.w.org\/{rel}","templated":true}]}}