{"id":39623,"date":"2025-08-08T06:45:03","date_gmt":"2025-08-08T04:45:03","guid":{"rendered":"https:\/\/www.lintelligentdabidjan.info\/news\/?p=39623"},"modified":"2025-08-08T06:45:28","modified_gmt":"2025-08-08T04:45:28","slug":"lintelligent-en-pdf-7-aout-2025-en-cote-divoire-la-nation-celebree-a-bouake","status":"publish","type":"post","link":"https:\/\/www.lintelligentdabidjan.info\/news\/lintelligent-en-pdf-7-aout-2025-en-cote-divoire-la-nation-celebree-a-bouake\/","title":{"rendered":"L&#8217;Intelligent en PDF:   7 ao\u00fbt 2025 en C\u00f4te d\u2019Ivoire   La Nation c\u00e9l\u00e9br\u00e9e \u00e0 Bouak\u00e9"},"content":{"rendered":"<p><strong>La C\u00f4te d\u2019Ivoire a comm\u00e9mor\u00e9 les 65 ans de son ind\u00e9pendance le 7 ao\u00fbt 2025. Les c\u00e9l\u00e9brations officielles se sont d\u00e9roul\u00e9es \u00e0 Bouak\u00e9, en pr\u00e9sence du Pr\u00e9sident de la R\u00e9publique, Alassane Ouattara, et de responsables de pays \u00e9trangers. Pour ce retour dans la deuxi\u00e8me plus grande ville du pays, 61 ans apr\u00e8s avoir abrit\u00e9 cette c\u00e9l\u00e9bration pour la derni\u00e8re fois, les Forces de d\u00e9fense et de s\u00e9curit\u00e9 (FDS) ont montr\u00e9 leur puissance de feu. Pendant le d\u00e9fil\u00e9, l\u2019arm\u00e9e, la gendarmerie, la police nationale et les autres corps paramilitaires ont pr\u00e9sent\u00e9 des armes, v\u00e9hicules, a\u00e9ronefs et autres moyens d\u2019intervention parmi les plus avanc\u00e9s. Quels ont \u00e9t\u00e9 les temps forts de la f\u00eate nationale? <\/strong><\/p>\n<p>Article \u00e0 d\u00e9couvrir dans vos kiosques et en ligne sur&#8230;<\/p>\n<p><a href=\"https:\/\/news.abidjan.net\/titrologie\/39-lintelligent-dabidjan\/articles\" target=\"_blank\">https:\/\/news.abidjan.net\/titrologie\/39-lintelligent-dabidjan\/articles<\/a><\/p>\n<p>\u00c0 lire aussi Pendant ce temps \u00e0 Abidjan, l&#8217;opposition pr\u00e9parait sa marche de demain, Habiba Tour\u00e9 et le PPACI en col\u00e8re, l&#8217;\u00e9dito de Wakili Alaf\u00e9: &#8221;Ind\u00e9pendance, Houphou\u00ebt, Ouattara, Gbagbo, Thiam : Injustice, d\u00e9sordre et choix de la paix&#8221;, ce que Bruno Kon\u00e9 a dit \u00e0 Diabo, le message du pr\u00e9fet Mamadou Bakayoko \u00e0 Ta\u00ef, Raymonde Goudou re\u00e7oit soutien et promesses pour le Film \u2018\u2019Toukp\u00e8\u2019\u2019.<\/p>\n<p>Cliquez pour les d\u00e9tails<\/p>\n<p><a href=\"https:\/\/www.afrikipresse.fr\/abonnement\" target=\"_blank\">https:\/\/www.afrikipresse.fr\/abonnement<\/a><\/p>\n<p>\u00c0 voir \u00e9galement comment Billon a achev\u00e9 sa tourn\u00e9e \u00e0 Divo et Lakota et Coh\u00e9sion sociale et engagement f\u00e9minin au menu du Brunch placali 2025.<\/p>\n<p><a href=\"https:\/\/www.pressecotedivoire.fr\/titrologie\" target=\"_blank\">https:\/\/www.pressecotedivoire.fr\/titrologie<\/a><\/p>\n<p>.<\/p>\n","protected":false},"excerpt":{"rendered":"<p>La C\u00f4te d\u2019Ivoire a comm\u00e9mor\u00e9 les 65 ans de son ind\u00e9pendance le 7 ao\u00fbt 2025. Les c\u00e9l\u00e9brations officielles se sont d\u00e9roul\u00e9es \u00e0 Bouak\u00e9, en pr\u00e9sence du Pr\u00e9sident de la R\u00e9publique, Alassane Ouattara, et de responsables de pays \u00e9trangers. Pour ce retour dans la deuxi\u00e8me plus grande ville du pays, 61 ans apr\u00e8s avoir abrit\u00e9 cette [&hellip;]<\/p>\n","protected":false},"author":4,"featured_media":39624,"comment_status":"closed","ping_status":"closed","sticky":false,"template":"","format":"standard","meta":{"_monsterinsights_skip_tracking":false,"_monsterinsights_sitenote_active":false,"_monsterinsights_sitenote_note":"","_monsterinsights_sitenote_category":0,"footnotes":""},"categories":[2,3],"tags":[5922,125,77,5921,5923],"class_list":["post-39623","post","type-post","status-publish","format-standard","has-post-thumbnail","hentry","category-featured","category-societe","tag-7-aout-2025","tag-bouake","tag-cote-divoire","tag-lintelligent-en-pdf","tag-la-nation-c"],"_links":{"self":[{"href":"https:\/\/www.lintelligentdabidjan.info\/news\/wp-json\/wp\/v2\/posts\/39623","targetHints":{"allow":["GET"]}}],"collection":[{"href":"https:\/\/www.lintelligentdabidjan.info\/news\/wp-json\/wp\/v2\/posts"}],"about":[{"href":"https:\/\/www.lintelligentdabidjan.info\/news\/wp-json\/wp\/v2\/types\/post"}],"author":[{"embeddable":true,"href":"https:\/\/www.lintelligentdabidjan.info\/news\/wp-json\/wp\/v2\/users\/4"}],"replies":[{"embeddable":true,"href":"https:\/\/www.lintelligentdabidjan.info\/news\/wp-json\/wp\/v2\/comments?post=39623"}],"version-history":[{"count":1,"href":"https:\/\/www.lintelligentdabidjan.info\/news\/wp-json\/wp\/v2\/posts\/39623\/revisions"}],"predecessor-version":[{"id":39625,"href":"https:\/\/www.lintelligentdabidjan.info\/news\/wp-json\/wp\/v2\/posts\/39623\/revisions\/39625"}],"wp:featuredmedia":[{"embeddable":true,"href":"https:\/\/www.lintelligentdabidjan.info\/news\/wp-json\/wp\/v2\/media\/39624"}],"wp:attachment":[{"href":"https:\/\/www.lintelligentdabidjan.info\/news\/wp-json\/wp\/v2\/media?parent=39623"}],"wp:term":[{"taxonomy":"category","embeddable":true,"href":"https:\/\/www.lintelligentdabidjan.info\/news\/wp-json\/wp\/v2\/categories?post=39623"},{"taxonomy":"post_tag","embeddable":true,"href":"https:\/\/www.lintelligentdabidjan.info\/news\/wp-json\/wp\/v2\/tags?post=39623"}],"curies":[{"name":"wp","href":"https:\/\/api.w.org\/{rel}","templated":true}]}}