{"id":39626,"date":"2025-08-08T12:25:40","date_gmt":"2025-08-08T10:25:40","guid":{"rendered":"https:\/\/www.lintelligentdabidjan.info\/news\/?p=39626"},"modified":"2025-08-08T12:25:51","modified_gmt":"2025-08-08T10:25:51","slug":"65e-anniversaire-de-lindependance-a-kounahiri-une-celebration-populaire-marquee-par-un-appel-a-la-paix","status":"publish","type":"post","link":"https:\/\/www.lintelligentdabidjan.info\/news\/65e-anniversaire-de-lindependance-a-kounahiri-une-celebration-populaire-marquee-par-un-appel-a-la-paix\/","title":{"rendered":"65e anniversaire de l\u2019ind\u00e9pendance \u00e0 Kounahiri : une c\u00e9l\u00e9bration populaire marqu\u00e9e par un appel \u00e0 la paix"},"content":{"rendered":"<p><em><strong>Le Sous-pr\u00e9fet de Kounahiri mise sur la proximit\u00e9 et la coh\u00e9sion sociale avec la cr\u00e9ation de cellules de veille en cette p\u00e9riode pr\u00e9-\u00e9lectorale.<\/strong><\/em><\/p>\n<p>\u00c0 l\u2019occasion du 65e anniversaire de l\u2019ind\u00e9pendance de la C\u00f4te d\u2019Ivoire, le village de Soukourougban, situ\u00e9 dans la Sous-pr\u00e9fecture de Kounahiri, a \u00e9t\u00e9 choisi pour abriter les festivit\u00e9s locales, le 7 ao\u00fbt 2025. Une premi\u00e8re qui marque une volont\u00e9 affirm\u00e9e de rapprocher les institutions des populations rurales, dans un contexte national de promotion de la paix et du vivre-ensemble.<\/p>\n<p><strong>Une mobilisation exceptionnelle autour de la f\u00eate nationale<\/strong><\/p>\n<p><img loading=\"lazy\" decoding=\"async\" src=\"https:\/\/www.lintelligentdabidjan.info\/news\/wp-content\/uploads\/2025\/08\/26237dee-e82d-4085-a3ab-ed61606d3c32-300x226.jpeg\" alt=\"26237dee-e82d-4085-a3ab-ed61606d3c32\" width=\"300\" height=\"226\" class=\"alignnone size-medium wp-image-39628\" srcset=\"https:\/\/www.lintelligentdabidjan.info\/news\/wp-content\/uploads\/2025\/08\/26237dee-e82d-4085-a3ab-ed61606d3c32-300x226.jpeg 300w, https:\/\/www.lintelligentdabidjan.info\/news\/wp-content\/uploads\/2025\/08\/26237dee-e82d-4085-a3ab-ed61606d3c32-768x578.jpeg 768w, https:\/\/www.lintelligentdabidjan.info\/news\/wp-content\/uploads\/2025\/08\/26237dee-e82d-4085-a3ab-ed61606d3c32-80x60.jpeg 80w, https:\/\/www.lintelligentdabidjan.info\/news\/wp-content\/uploads\/2025\/08\/26237dee-e82d-4085-a3ab-ed61606d3c32-696x524.jpeg 696w, https:\/\/www.lintelligentdabidjan.info\/news\/wp-content\/uploads\/2025\/08\/26237dee-e82d-4085-a3ab-ed61606d3c32-558x420.jpeg 558w, https:\/\/www.lintelligentdabidjan.info\/news\/wp-content\/uploads\/2025\/08\/26237dee-e82d-4085-a3ab-ed61606d3c32.jpeg 1020w\" sizes=\"auto, (max-width: 300px) 100vw, 300px\" \/><\/p>\n<p>Malgr\u00e9 un calendrier resserr\u00e9, les autorit\u00e9s administratives, les cadres, les chefs traditionnels, les leaders communautaires, les services publics, les jeunes et les femmes se sont fortement mobilis\u00e9s. Gr\u00e2ce \u00e0 cette synergie, le Sous-pr\u00e9fet Wayoro Bity Guy Charles a r\u00e9ussi \u00e0 organiser une c\u00e9l\u00e9bration m\u00e9morable, haute en couleurs et riche en symboles.<\/p>\n<p>D\u00e8s l\u2019aube, l\u2019espace r\u00e9serv\u00e9 \u00e0 la c\u00e9r\u00e9monie s\u2019est par\u00e9 des couleurs nationales. Le programme festif a \u00e9t\u00e9 rythm\u00e9 par des prestations d\u2019artistes locaux, des danses traditionnelles, un d\u00e9fil\u00e9 civil et s\u00e9curitaire, et une d\u00e9coration sp\u00e9ciale d\u2019une avenue baptis\u00e9e \u201cAvenue de l\u2019Ind\u00e9pendance\u201d.<\/p>\n<p><strong>Un message fort pour l\u2019unit\u00e9 et le d\u00e9veloppement<\/strong><\/p>\n<p>Dans son adresse \u00e0 la population, le Sous-pr\u00e9fet a dress\u00e9 un bilan encourageant des actions de d\u00e9veloppement engag\u00e9es dans la localit\u00e9. Il a notamment \u00e9voqu\u00e9 les avanc\u00e9es dans les domaines de l\u2019\u00e9ducation, la sant\u00e9, l\u2019\u00e9lectrification, l\u2019acc\u00e8s \u00e0 l\u2019eau potable, la modernisation agricole, la s\u00e9curisation fonci\u00e8re, l\u2019emploi des jeunes et l\u2019autonomisation des femmes.<\/p>\n<p>Mais l\u2019accent principal de son discours a port\u00e9 sur l\u2019appel \u00e0 la coh\u00e9sion sociale, dans un contexte \u00e9lectoral souvent source de tensions.<\/p>\n<p><strong>Des cellules de veille sociale pour pr\u00e9server la paix<\/strong><\/p>\n<p>Conscient des enjeux li\u00e9s \u00e0 la p\u00e9riode pr\u00e9-\u00e9lectorale, le repr\u00e9sentant de l\u2019\u00c9tat a appel\u00e9 \u00e0 la vigilance et \u00e0 la responsabilit\u00e9 de tous les acteurs sociaux. Il a annonc\u00e9 la mise en place de cellules de veille sociale, confi\u00e9es aux mutuelles de d\u00e9veloppement, aux chefs de villages, aux responsables communautaires et aux organisations de jeunesse. Ces cellules auront pour mission de maintenir un climat apais\u00e9 et d\u2019agir en sentinelles de la paix.<\/p>\n<p><strong>Une premi\u00e8re r\u00e9ussie en milieu rural<\/strong><\/p>\n<p>Cette c\u00e9l\u00e9bration in\u00e9dite dans un village a permis de conjuguer tradition, engagement citoyen et devoir de m\u00e9moire. Les manifestations de joie, les discours porteurs d\u2019espoir et la reconnaissance exprim\u00e9e \u00e0 l\u2019\u00c9tat ont fait de ce 65e anniversaire \u00e0 Soukourougban un \u00e9v\u00e9nement exemplaire.<\/p>\n<p><strong>Y T<\/strong><\/p>\n","protected":false},"excerpt":{"rendered":"<p>Le Sous-pr\u00e9fet de Kounahiri mise sur la proximit\u00e9 et la coh\u00e9sion sociale avec la cr\u00e9ation de cellules de veille en cette p\u00e9riode pr\u00e9-\u00e9lectorale. \u00c0 l\u2019occasion du 65e anniversaire de l\u2019ind\u00e9pendance de la C\u00f4te d\u2019Ivoire, le village de Soukourougban, situ\u00e9 dans la Sous-pr\u00e9fecture de Kounahiri, a \u00e9t\u00e9 choisi pour abriter les festivit\u00e9s locales, le 7 ao\u00fbt [&hellip;]<\/p>\n","protected":false},"author":4,"featured_media":39627,"comment_status":"closed","ping_status":"closed","sticky":false,"template":"","format":"standard","meta":{"_monsterinsights_skip_tracking":false,"_monsterinsights_sitenote_active":false,"_monsterinsights_sitenote_note":"","_monsterinsights_sitenote_category":0,"footnotes":""},"categories":[2,3],"tags":[5927,5925,5924,655,5926,4773],"class_list":["post-39626","post","type-post","status-publish","format-standard","has-post-thumbnail","hentry","category-featured","category-societe","tag-65e-anniversaire-de-lindependance","tag-celebration","tag-kounahiri","tag-paix","tag-populaire","tag-un-appel"],"_links":{"self":[{"href":"https:\/\/www.lintelligentdabidjan.info\/news\/wp-json\/wp\/v2\/posts\/39626","targetHints":{"allow":["GET"]}}],"collection":[{"href":"https:\/\/www.lintelligentdabidjan.info\/news\/wp-json\/wp\/v2\/posts"}],"about":[{"href":"https:\/\/www.lintelligentdabidjan.info\/news\/wp-json\/wp\/v2\/types\/post"}],"author":[{"embeddable":true,"href":"https:\/\/www.lintelligentdabidjan.info\/news\/wp-json\/wp\/v2\/users\/4"}],"replies":[{"embeddable":true,"href":"https:\/\/www.lintelligentdabidjan.info\/news\/wp-json\/wp\/v2\/comments?post=39626"}],"version-history":[{"count":1,"href":"https:\/\/www.lintelligentdabidjan.info\/news\/wp-json\/wp\/v2\/posts\/39626\/revisions"}],"predecessor-version":[{"id":39629,"href":"https:\/\/www.lintelligentdabidjan.info\/news\/wp-json\/wp\/v2\/posts\/39626\/revisions\/39629"}],"wp:featuredmedia":[{"embeddable":true,"href":"https:\/\/www.lintelligentdabidjan.info\/news\/wp-json\/wp\/v2\/media\/39627"}],"wp:attachment":[{"href":"https:\/\/www.lintelligentdabidjan.info\/news\/wp-json\/wp\/v2\/media?parent=39626"}],"wp:term":[{"taxonomy":"category","embeddable":true,"href":"https:\/\/www.lintelligentdabidjan.info\/news\/wp-json\/wp\/v2\/categories?post=39626"},{"taxonomy":"post_tag","embeddable":true,"href":"https:\/\/www.lintelligentdabidjan.info\/news\/wp-json\/wp\/v2\/tags?post=39626"}],"curies":[{"name":"wp","href":"https:\/\/api.w.org\/{rel}","templated":true}]}}