{"id":39630,"date":"2025-08-11T02:00:39","date_gmt":"2025-08-11T00:00:39","guid":{"rendered":"https:\/\/www.lintelligentdabidjan.info\/news\/?p=39630"},"modified":"2025-08-11T02:00:46","modified_gmt":"2025-08-11T00:00:46","slug":"presidentielle-2025-les-competences-des-journalistes-renforcees-en-matiere-de-couverture-electorale","status":"publish","type":"post","link":"https:\/\/www.lintelligentdabidjan.info\/news\/presidentielle-2025-les-competences-des-journalistes-renforcees-en-matiere-de-couverture-electorale\/","title":{"rendered":"Pr\u00e9sidentielle 2025-    Les comp\u00e9tences des journalistes renforc\u00e9es en mati\u00e8re de couverture \u00e9lectorale"},"content":{"rendered":"<p><strong>Un atelier a \u00e9t\u00e9 organis\u00e9 \u00e0 Abidjan afin de renforcer les comp\u00e9tences des journalistes en mati\u00e8re de couverture \u00e9lectorale.<\/strong><\/p>\n<p>Dans le cadre de son projet \u00ab Approche \u00e9lectorale holistique pour la d\u00e9mocratie en C\u00f4te d\u2019Ivoire \u00bb, European Partnership for Democracy (EPD), en collaboration avec ses partenaires, la Commission \u00e9lectorale ind\u00e9pendante (CEI) et l\u2019Autorit\u00e9 nationale de la presse (ANP) a initi\u00e9 un atelier de formation, le vendredi 8 ao\u00fbt 2025, aux Deux-Plateaux.<\/p>\n<p>Cette session a permis \u00e0 des journalistes de la presse \u00e9crite et num\u00e9rique de mieux comprendre le r\u00f4le et les missions de la CEI, les instruments internationaux ratifi\u00e9s par la C\u00f4te d\u2019Ivoire, ainsi que les bonnes pratiques \u00e0 adopter avant, pendant et apr\u00e8s une \u00e9lection. Elle a aussi port\u00e9 sur la fiabilit\u00e9 des publications diffus\u00e9es sur les r\u00e9seaux sociaux.<\/p>\n<p>Le repr\u00e9sentant de la Commission \u00e9lectorale ind\u00e9pendante, \u00c9douard Djoussou, directeur des \u00c9tudes et de l\u2019\u00c9ducation civique, a insist\u00e9 sur la n\u00e9cessit\u00e9, pour les journalistes, de s\u2019appuyer sur la loi dans l\u2019exercice de leur m\u00e9tier : \u00ab La lumi\u00e8re de la loi est la plus cr\u00e9dible \u00bb, a-t-il conseill\u00e9. Il a rappel\u00e9 les 24 missions d\u00e9volues par la loi \u00e0 la CEI, au-del\u00e0 desquelles cette institution, charg\u00e9e de l\u2019organisation des \u00e9lections en C\u00f4te d\u2019Ivoire, ne peut aller. Il s\u2019agit, entre autres, du recensement \u00e9lectoral, de la gestion du fichier \u00e9lectoral, de l\u2019\u00e9tablissement de la liste \u00e9lectorale et de la r\u00e9ception des candidatures.<\/p>\n<p>\u00ab Pour l\u2019\u00e9lection pr\u00e9sidentielle, la CEI agit comme une lettre \u00e0 la poste. C\u2019est-\u00e0-dire qu\u2019elle re\u00e7oit les dossiers des candidats \u00e0 la candidature et elle les transmet au Conseil constitutionnel, la seule Institution habilit\u00e9e \u00e0 valider ou \u00e0 rejeter un dossier de candidature \u00bb, a pr\u00e9cis\u00e9 \u00c9douard Djoussou.<\/p>\n<p>En ce qui concerne les bonnes pratiques \u00e0 adopter lors de la couverture d\u2019une \u00e9lection, Dr Adina Borcan, journaliste roumaine et experte \u00e9lectorale \u00e0 EPD, a exhort\u00e9 les journalistes \u00e0 r\u00e9aliser leurs interviews en dehors des bureaux de vote, \u00e0 \u00e9viter d\u2019inciter \u00e0 la haine ou \u00e0 la violence, et \u00e0 privil\u00e9gier un traitement \u00e9quilibr\u00e9 de l\u2019information.<\/p>\n<p>La th\u00e9matique li\u00e9e aux contenus publi\u00e9s sur les r\u00e9seaux sociaux a \u00e9t\u00e9 abord\u00e9e par Doh Konat\u00e9, directeur de la Presse et des Productions num\u00e9riques \u00e0 l\u2019Autorit\u00e9 nationale de la presse (ANP). Il a invit\u00e9 les journalistes \u00e0 se conformer au Code d\u2019\u00e9thique et de d\u00e9ontologie des journalistes dans le traitement des informations issues des r\u00e9seaux sociaux.<\/p>\n<p><strong>Olivier Dion<\/strong><\/p>\n","protected":false},"excerpt":{"rendered":"<p>Un atelier a \u00e9t\u00e9 organis\u00e9 \u00e0 Abidjan afin de renforcer les comp\u00e9tences des journalistes en mati\u00e8re de couverture \u00e9lectorale. Dans le cadre de son projet \u00ab Approche \u00e9lectorale holistique pour la d\u00e9mocratie en C\u00f4te d\u2019Ivoire \u00bb, European Partnership for Democracy (EPD), en collaboration avec ses partenaires, la Commission \u00e9lectorale ind\u00e9pendante (CEI) et l\u2019Autorit\u00e9 nationale de [&hellip;]<\/p>\n","protected":false},"author":4,"featured_media":39631,"comment_status":"closed","ping_status":"closed","sticky":false,"template":"","format":"standard","meta":{"_monsterinsights_skip_tracking":false,"_monsterinsights_sitenote_active":false,"_monsterinsights_sitenote_note":"","_monsterinsights_sitenote_category":0,"footnotes":""},"categories":[2,17,3],"tags":[5928,5929,1036,1621],"class_list":["post-39630","post","type-post","status-publish","format-standard","has-post-thumbnail","hentry","category-featured","category-politique","category-societe","tag-competences","tag-couverture-electorale","tag-journalistes","tag-presidentielle-2025"],"_links":{"self":[{"href":"https:\/\/www.lintelligentdabidjan.info\/news\/wp-json\/wp\/v2\/posts\/39630","targetHints":{"allow":["GET"]}}],"collection":[{"href":"https:\/\/www.lintelligentdabidjan.info\/news\/wp-json\/wp\/v2\/posts"}],"about":[{"href":"https:\/\/www.lintelligentdabidjan.info\/news\/wp-json\/wp\/v2\/types\/post"}],"author":[{"embeddable":true,"href":"https:\/\/www.lintelligentdabidjan.info\/news\/wp-json\/wp\/v2\/users\/4"}],"replies":[{"embeddable":true,"href":"https:\/\/www.lintelligentdabidjan.info\/news\/wp-json\/wp\/v2\/comments?post=39630"}],"version-history":[{"count":1,"href":"https:\/\/www.lintelligentdabidjan.info\/news\/wp-json\/wp\/v2\/posts\/39630\/revisions"}],"predecessor-version":[{"id":39632,"href":"https:\/\/www.lintelligentdabidjan.info\/news\/wp-json\/wp\/v2\/posts\/39630\/revisions\/39632"}],"wp:featuredmedia":[{"embeddable":true,"href":"https:\/\/www.lintelligentdabidjan.info\/news\/wp-json\/wp\/v2\/media\/39631"}],"wp:attachment":[{"href":"https:\/\/www.lintelligentdabidjan.info\/news\/wp-json\/wp\/v2\/media?parent=39630"}],"wp:term":[{"taxonomy":"category","embeddable":true,"href":"https:\/\/www.lintelligentdabidjan.info\/news\/wp-json\/wp\/v2\/categories?post=39630"},{"taxonomy":"post_tag","embeddable":true,"href":"https:\/\/www.lintelligentdabidjan.info\/news\/wp-json\/wp\/v2\/tags?post=39630"}],"curies":[{"name":"wp","href":"https:\/\/api.w.org\/{rel}","templated":true}]}}