{"id":39636,"date":"2025-08-11T02:17:47","date_gmt":"2025-08-11T00:17:47","guid":{"rendered":"https:\/\/www.lintelligentdabidjan.info\/news\/?p=39636"},"modified":"2025-08-11T02:17:54","modified_gmt":"2025-08-11T00:17:54","slug":"celebration-du-65e-anniversaire-de-la-cote-divoire-a-samo-cohesion-sociale-sport-et-solidarite-au-menu","status":"publish","type":"post","link":"https:\/\/www.lintelligentdabidjan.info\/news\/celebration-du-65e-anniversaire-de-la-cote-divoire-a-samo-cohesion-sociale-sport-et-solidarite-au-menu\/","title":{"rendered":"C\u00e9l\u00e9bration du 65e anniversaire de la C\u00f4te d\u2019Ivoire \u00e0 Samo-  Coh\u00e9sion sociale, sport et solidarit\u00e9 au menu"},"content":{"rendered":"<p><strong>\u00c0 l\u2019occasion du 65e anniversaire de l\u2019ind\u00e9pendance de la C\u00f4te d\u2019Ivoire, le village de Samo a connu une ambiance festive exceptionnelle, gr\u00e2ce \u00e0 une s\u00e9rie d\u2019activit\u00e9s organis\u00e9es par l\u2019association Jeunes Leaders de Samo (JLS) le jeudi 7 ao\u00fbt 2025 \u00e0 Samo.<\/strong><\/p>\n<p>D\u00e8s le matin, une fanfare a d\u00e9fil\u00e9 \u00e0 travers les rues du village, entra\u00eenant dans son sillage une foule joyeuse. Pour marquer l\u2019\u00e9v\u00e9nement, la JLS a proc\u00e9d\u00e9 \u00e0 la distribution de tee-shirts \u00e0 la population, renfor\u00e7ant le sentiment d\u2019unit\u00e9 et de fiert\u00e9 nationale.<\/p>\n<p><img loading=\"lazy\" decoding=\"async\" src=\"https:\/\/www.lintelligentdabidjan.info\/news\/wp-content\/uploads\/2025\/08\/WhatsApp-Image-2025-08-11-at-00.15.22-244x300.jpeg\" alt=\"WhatsApp Image 2025-08-11 at 00.15.22\" width=\"244\" height=\"300\" class=\"alignnone size-medium wp-image-39638\" srcset=\"https:\/\/www.lintelligentdabidjan.info\/news\/wp-content\/uploads\/2025\/08\/WhatsApp-Image-2025-08-11-at-00.15.22-244x300.jpeg 244w, https:\/\/www.lintelligentdabidjan.info\/news\/wp-content\/uploads\/2025\/08\/WhatsApp-Image-2025-08-11-at-00.15.22-768x945.jpeg 768w, https:\/\/www.lintelligentdabidjan.info\/news\/wp-content\/uploads\/2025\/08\/WhatsApp-Image-2025-08-11-at-00.15.22-832x1024.jpeg 832w, https:\/\/www.lintelligentdabidjan.info\/news\/wp-content\/uploads\/2025\/08\/WhatsApp-Image-2025-08-11-at-00.15.22-324x400.jpeg 324w, https:\/\/www.lintelligentdabidjan.info\/news\/wp-content\/uploads\/2025\/08\/WhatsApp-Image-2025-08-11-at-00.15.22-696x857.jpeg 696w, https:\/\/www.lintelligentdabidjan.info\/news\/wp-content\/uploads\/2025\/08\/WhatsApp-Image-2025-08-11-at-00.15.22-341x420.jpeg 341w, https:\/\/www.lintelligentdabidjan.info\/news\/wp-content\/uploads\/2025\/08\/WhatsApp-Image-2025-08-11-at-00.15.22.jpeg 1040w\" sizes=\"auto, (max-width: 244px) 100vw, 244px\" \/><\/p>\n<p>Point d\u2019orgue de la journ\u00e9e, un match de gala a oppos\u00e9 l\u2019\u00e9quipe de la Nouvelle G\u00e9n\u00e9ration aux L\u00e9opards. La rencontre, disput\u00e9e dans une ambiance \u00e9lectrique, a rassembl\u00e9 de nombreux habitants venus assister \u00e0 ce moment de sport et de coh\u00e9sion.<\/p>\n<p>Prenant bri\u00e8vement la parole, le pr\u00e9sident de la JLS, Diarra Daouda, a salu\u00e9 l\u2019engagement de la jeunesse de Samo et rappel\u00e9 que \u00ab la JLS est une association qui accompagne toujours la solidarit\u00e9 \u00e0 Samo. \u00bb<\/p>\n<p>Il en a profit\u00e9 pour remercier chaleureusement le chef du village, les autorit\u00e9s administratives et politiques, les cadres, les parents ainsi que tous les partenaires qui, par leur soutien, ont permis la r\u00e9ussite de cette c\u00e9l\u00e9bration.<\/p>\n<p><strong>Yaya. T<\/strong><\/p>\n","protected":false},"excerpt":{"rendered":"<p>\u00c0 l\u2019occasion du 65e anniversaire de l\u2019ind\u00e9pendance de la C\u00f4te d\u2019Ivoire, le village de Samo a connu une ambiance festive exceptionnelle, gr\u00e2ce \u00e0 une s\u00e9rie d\u2019activit\u00e9s organis\u00e9es par l\u2019association Jeunes Leaders de Samo (JLS) le jeudi 7 ao\u00fbt 2025 \u00e0 Samo. D\u00e8s le matin, une fanfare a d\u00e9fil\u00e9 \u00e0 travers les rues du village, entra\u00eenant [&hellip;]<\/p>\n","protected":false},"author":4,"featured_media":39637,"comment_status":"closed","ping_status":"closed","sticky":false,"template":"","format":"standard","meta":{"_monsterinsights_skip_tracking":false,"_monsterinsights_sitenote_active":false,"_monsterinsights_sitenote_note":"","_monsterinsights_sitenote_category":0,"footnotes":""},"categories":[2,3,23],"tags":[5932,1840,77,1948,592,1822],"class_list":["post-39636","post","type-post","status-publish","format-standard","has-post-thumbnail","hentry","category-featured","category-societe","category-sport","tag-celebration-du-65e-anniversaire","tag-cohesion-sociale","tag-cote-divoire","tag-samo","tag-solidarite","tag-sport"],"_links":{"self":[{"href":"https:\/\/www.lintelligentdabidjan.info\/news\/wp-json\/wp\/v2\/posts\/39636","targetHints":{"allow":["GET"]}}],"collection":[{"href":"https:\/\/www.lintelligentdabidjan.info\/news\/wp-json\/wp\/v2\/posts"}],"about":[{"href":"https:\/\/www.lintelligentdabidjan.info\/news\/wp-json\/wp\/v2\/types\/post"}],"author":[{"embeddable":true,"href":"https:\/\/www.lintelligentdabidjan.info\/news\/wp-json\/wp\/v2\/users\/4"}],"replies":[{"embeddable":true,"href":"https:\/\/www.lintelligentdabidjan.info\/news\/wp-json\/wp\/v2\/comments?post=39636"}],"version-history":[{"count":1,"href":"https:\/\/www.lintelligentdabidjan.info\/news\/wp-json\/wp\/v2\/posts\/39636\/revisions"}],"predecessor-version":[{"id":39639,"href":"https:\/\/www.lintelligentdabidjan.info\/news\/wp-json\/wp\/v2\/posts\/39636\/revisions\/39639"}],"wp:featuredmedia":[{"embeddable":true,"href":"https:\/\/www.lintelligentdabidjan.info\/news\/wp-json\/wp\/v2\/media\/39637"}],"wp:attachment":[{"href":"https:\/\/www.lintelligentdabidjan.info\/news\/wp-json\/wp\/v2\/media?parent=39636"}],"wp:term":[{"taxonomy":"category","embeddable":true,"href":"https:\/\/www.lintelligentdabidjan.info\/news\/wp-json\/wp\/v2\/categories?post=39636"},{"taxonomy":"post_tag","embeddable":true,"href":"https:\/\/www.lintelligentdabidjan.info\/news\/wp-json\/wp\/v2\/tags?post=39636"}],"curies":[{"name":"wp","href":"https:\/\/api.w.org\/{rel}","templated":true}]}}