{"id":39640,"date":"2025-08-11T02:21:30","date_gmt":"2025-08-11T00:21:30","guid":{"rendered":"https:\/\/www.lintelligentdabidjan.info\/news\/?p=39640"},"modified":"2025-08-11T02:26:25","modified_gmt":"2025-08-11T00:26:25","slug":"bagoue-quand-les-projets-gouvernementaux-redonnent-espoir-a-la-jeunesse","status":"publish","type":"post","link":"https:\/\/www.lintelligentdabidjan.info\/news\/bagoue-quand-les-projets-gouvernementaux-redonnent-espoir-a-la-jeunesse\/","title":{"rendered":"Bagou\u00e9 :   Quand les projets gouvernementaux redonnent espoir \u00e0 la jeunesse"},"content":{"rendered":"<p><strong>Du 8 au 9 ao\u00fbt 2025, dans la r\u00e9gion de la Bagou\u00e9, le ministre de la Promotion de la Jeunesse, de l\u2019Insertion Professionnelle et du Service Civique, Mamadou Tour\u00e9, a effectu\u00e9 une tourn\u00e9e de proximit\u00e9 \u00e0 Tengrela, Kouto et Boundiali. L\u2019objectif de cette visite \u00e9tait de constater les effets concrets des dispositifs d\u2019insertion et de financement destin\u00e9s aux jeunes. Un pari ambitieux qui, \u00e0 en croire les t\u00e9moignages recueillis, transforme v\u00e9ritablement des vies.<\/strong><\/p>\n<p>Le p\u00e9riple a d\u00e9but\u00e9 par les localit\u00e9s de Tengrela et Kouto, marquant ainsi le coup d\u2019envoi d\u2019une s\u00e9rie de rencontres avec les populations de la r\u00e9gion. \u00c0 cette occasion, le ministre Mamadou Tour\u00e9 \u00e9tait accompagn\u00e9 du pr\u00e9sident du Conseil r\u00e9gional de la Bagou\u00e9, Bruno Kon\u00e9. Dans cette r\u00e9gion du septentrion ivoirien, longtemps marginalis\u00e9e, les programmes d\u2019insertion professionnelle portent enfin leurs fruits. Cette tourn\u00e9e minist\u00e9rielle dans la Bagou\u00e9 r\u00e9v\u00e8le des trajectoires individuelles transform\u00e9es par les diff\u00e9rents programmes du gouvernement pilot\u00e9 par le minist\u00e8re de la promotion de la jeunesse. <\/p>\n<p>Il est 10h du matin \u00e0 Tengrela. Dans l\u2019agitation du march\u00e9, Diabat\u00e9 Bassabati arrange soigneusement ses \u00e9tag\u00e8res. Ce commer\u00e7ant de 36 ans n\u2019a rien d\u2019un entrepreneur de salon, mais il repr\u00e9sente l\u2019un des visages du nouveau pari gouvernemental : faire de la jeunesse un moteur du d\u00e9veloppement local. Il a re\u00e7u un financement d\u2019un million de francs CFA gr\u00e2ce aux dispositifs du gouvernement \u00e0 travers l&#8217;Agence emploi jeunes . \u00ab Avant, je peinais \u00e0 m\u2019approvisionner. Aujourd\u2019hui, j\u2019emploie trois personnes. Je suis fier de ce que je construis \u00bb, confie-t-il. La r\u00e9gion de la Bagou\u00e9, enclav\u00e9e au nord de la C\u00f4te d\u2019Ivoire, \u00e0 plus de 800 km d\u2019Abidjan, n\u2019avait  pas encore figur\u00e9 dans les priorit\u00e9s de l\u2019agenda national. Mais depuis 2011, le gouvernement ivoirien, sous la houlette du pr\u00e9sident Alassane Ouattara, a multipli\u00e9 les initiatives pour inverser la tendance. Objectif : ins\u00e9rer les jeunes dans le tissu \u00e9conomique local par le biais de formations, de stages, et surtout, de financements directs de projets. Entre 2020 et juillet 2025, 17 176 jeunes ont \u00e9t\u00e9 pris en charge dans la Bagou\u00e9, pour un investissement global d\u00e9passant les 6,4 milliards de francs CFA. Une enveloppe r\u00e9partie entre Boundiali, Kouto et Tengrela, o\u00f9 les retomb\u00e9es commencent \u00e0 se faire sentir.<\/p>\n<p><strong>Des r\u00e9ussites, sans piston<\/strong><\/p>\n<p>Ce qui marque dans les t\u00e9moignages recueillis sur place, c\u2019est la transparence relative des m\u00e9canismes d\u2019attribution. \u00c0 l\u2019image de Kon\u00e9 A\u00efssata, coiffeuse \u00e0 Tengrela, qui a b\u00e9n\u00e9fici\u00e9 d\u2019un appui de 1,2 million de francs CFA. \u00ab Je n\u2019ai eu besoin de conna\u00eetre personne. Je suis tomb\u00e9e sur les agents de l\u2019Agence Emploi Jeunes par hasard. Ils m\u2019ont orient\u00e9e, j\u2019ai suivi une formation, et j\u2019ai \u00e9t\u00e9 financ\u00e9e \u00bb, raconte-t-elle, fi\u00e8re de faire aujourd\u2019hui tourner un salon qui emploie quatre personnes. \u00c0 Kouto, Kouam\u00e9 Kouam\u00e9 Serge abonde dans le m\u00eame sens. L\u2019ex-g\u00e9rant d\u2019un petit maquis a troqu\u00e9 les bi\u00e8res ti\u00e8des contre une activit\u00e9 plus formelle : une agence Orange Money doubl\u00e9e d\u2019un commerce de fournitures. \u00ab J\u2019ai re\u00e7u 1,2 million de francs CFA. Je vis d\u00e9sormais de mon travail, je m\u2019occupe de ma famille, et je forme m\u00eame d\u2019autres jeunes \u00bb, dit-il.<\/p>\n<p> Si la tourn\u00e9e men\u00e9e les 8 et 9 ao\u00fbt 2025 par le ministre Mamadou Tour\u00e9 a des allures de bilan de mi-parcours, elle traduit aussi une volont\u00e9 politique d\u2019aller au contact des b\u00e9n\u00e9ficiaires et de v\u00e9rifier l\u2019ancrage local des programmes. \u00ab On ne peut pas b\u00e2tir une politique nationale pour la jeunesse sans aller sur le terrain. Ici, \u00e0 Tengrela et \u00e0 Kouto, nous avons vu des jeunes engag\u00e9s, qui transforment de petits financements en r\u00e9els leviers \u00e9conomiques \u00bb, a dit Mamadou Tour\u00e9. <\/p>\n<p>Quant \u00e0 Bruno Kon\u00e9, pr\u00e9sident du conseil r\u00e9gional de la Bagou\u00e9, il a salu\u00e9 les efforts entrepris par la jeunesse locale pour dynamiser l&#8217;\u00e9conomie r\u00e9gionale. \u00ab Ce que nous avons vu aujourd\u2019hui, ce sont des jeunes qui travaillent, qui cr\u00e9ent de la valeur, qui embauchent. C\u2019est une r\u00e9ponse claire aux d\u00e9fis de l\u2019emploi dans nos r\u00e9gions. \u00bb<\/p>\n<p><strong>Des chiffres, mais aussi des visages<\/strong><\/p>\n<p>\u00c0 Boundiali, 6 172 jeunes ont b\u00e9n\u00e9fici\u00e9 d\u2019un financement global de 2,47 milliards de FCFA.<\/p>\n<p>Dans le d\u00e9partement de Kouto, 6 547 b\u00e9n\u00e9ficiaires ont re\u00e7u un appui financier total de 2,19 milliards de FCFA. \u00c0 Tengrela, 4 457 jeunes ont \u00e9t\u00e9 accompagn\u00e9s pour un montant de 1,75 milliard de FCFA. Mais au-del\u00e0 des statistiques, ce sont les histoires individuelles qui donnent sens \u00e0 ces programmes. Comme celle de Konat\u00e9 Banissad\u00e9, distributeur de gaz, qui a vu son stock passer de 200 \u00e0 300 bouteilles apr\u00e8s avoir re\u00e7u 500 000 FCFA. Ou encore celle d\u2019un jeune entrepreneur visit\u00e9 par la d\u00e9l\u00e9gation, qui a lanc\u00e9 une quincaillerie avec un financement de 1 million FCFA, et emploie d\u00e9sormais trois personnes. Le d\u00e9ploiement s&#8217;est poursuivi \u00e0 Boundiali, le samedi 9 ao\u00fbt 2025.<\/p>\n<p><strong>Reportage r\u00e9alis\u00e9 par Ly Abdul <\/strong><\/p>\n","protected":false},"excerpt":{"rendered":"<p>Du 8 au 9 ao\u00fbt 2025, dans la r\u00e9gion de la Bagou\u00e9, le ministre de la Promotion de la Jeunesse, de l\u2019Insertion Professionnelle et du Service Civique, Mamadou Tour\u00e9, a effectu\u00e9 une tourn\u00e9e de proximit\u00e9 \u00e0 Tengrela, Kouto et Boundiali. L\u2019objectif de cette visite \u00e9tait de constater les effets concrets des dispositifs d\u2019insertion et de [&hellip;]<\/p>\n","protected":false},"author":4,"featured_media":39641,"comment_status":"closed","ping_status":"closed","sticky":false,"template":"","format":"standard","meta":{"_monsterinsights_skip_tracking":false,"_monsterinsights_sitenote_active":false,"_monsterinsights_sitenote_note":"","_monsterinsights_sitenote_category":0,"footnotes":""},"categories":[2,3],"tags":[5676,4053,5933,691,2767],"class_list":["post-39640","post","type-post","status-publish","format-standard","has-post-thumbnail","hentry","category-featured","category-societe","tag-bagoue","tag-espoir","tag-gouvernementaux","tag-jeunesse","tag-projets"],"_links":{"self":[{"href":"https:\/\/www.lintelligentdabidjan.info\/news\/wp-json\/wp\/v2\/posts\/39640","targetHints":{"allow":["GET"]}}],"collection":[{"href":"https:\/\/www.lintelligentdabidjan.info\/news\/wp-json\/wp\/v2\/posts"}],"about":[{"href":"https:\/\/www.lintelligentdabidjan.info\/news\/wp-json\/wp\/v2\/types\/post"}],"author":[{"embeddable":true,"href":"https:\/\/www.lintelligentdabidjan.info\/news\/wp-json\/wp\/v2\/users\/4"}],"replies":[{"embeddable":true,"href":"https:\/\/www.lintelligentdabidjan.info\/news\/wp-json\/wp\/v2\/comments?post=39640"}],"version-history":[{"count":1,"href":"https:\/\/www.lintelligentdabidjan.info\/news\/wp-json\/wp\/v2\/posts\/39640\/revisions"}],"predecessor-version":[{"id":39642,"href":"https:\/\/www.lintelligentdabidjan.info\/news\/wp-json\/wp\/v2\/posts\/39640\/revisions\/39642"}],"wp:featuredmedia":[{"embeddable":true,"href":"https:\/\/www.lintelligentdabidjan.info\/news\/wp-json\/wp\/v2\/media\/39641"}],"wp:attachment":[{"href":"https:\/\/www.lintelligentdabidjan.info\/news\/wp-json\/wp\/v2\/media?parent=39640"}],"wp:term":[{"taxonomy":"category","embeddable":true,"href":"https:\/\/www.lintelligentdabidjan.info\/news\/wp-json\/wp\/v2\/categories?post=39640"},{"taxonomy":"post_tag","embeddable":true,"href":"https:\/\/www.lintelligentdabidjan.info\/news\/wp-json\/wp\/v2\/tags?post=39640"}],"curies":[{"name":"wp","href":"https:\/\/api.w.org\/{rel}","templated":true}]}}