{"id":39652,"date":"2025-08-11T02:51:09","date_gmt":"2025-08-11T00:51:09","guid":{"rendered":"https:\/\/www.lintelligentdabidjan.info\/news\/?p=39652"},"modified":"2025-08-11T02:51:15","modified_gmt":"2025-08-11T00:51:15","slug":"presidentielle-2025-le-prefet-kouame-koffi-appelle-a-la-paix-et-a-la-maturite-politique","status":"publish","type":"post","link":"https:\/\/www.lintelligentdabidjan.info\/news\/presidentielle-2025-le-prefet-kouame-koffi-appelle-a-la-paix-et-a-la-maturite-politique\/","title":{"rendered":"Pr\u00e9sidentielle 2025 : Le pr\u00e9fet Kouam\u00e9 Koffi  appelle \u00e0 la paix et \u00e0 la maturit\u00e9 politique"},"content":{"rendered":"<p><em><strong>\u00c0 l\u2019occasion de la c\u00e9l\u00e9bration du 65\u1d49 anniversaire de l\u2019ind\u00e9pendance de la C\u00f4te d\u2019Ivoire, le jeudi 7 ao\u00fbt 2025, le pr\u00e9fet de la r\u00e9gion du Haut-Sassandra, Kouam\u00e9 Koffi, a appel\u00e9 ses administr\u00e9s \u00e0 pr\u00e9server la paix et la coh\u00e9sion sociale \u00e0 l\u2019approche de l\u2019\u00e9lection pr\u00e9sidentielle pr\u00e9vue le 25 octobre prochain.<\/strong><\/em><\/p>\n<p>Dans son allocution, le repr\u00e9sentant de l\u2019\u00c9tat a exhort\u00e9 la population \u00e0 \u00ab tirer les douloureuses le\u00e7ons des \u00e9lections de 2010 et 2020 \u00bb et \u00e0 s\u2019inspirer du scrutin apais\u00e9 de 2015. <\/p>\n<p>\u00ab Cette fois-ci, faisons en sorte que ce scrutin connaisse un franc succ\u00e8s. Cela est possible et \u00e0 notre port\u00e9e \u00bb, a-t-il insist\u00e9, invitant chacun \u00e0 \u00ab faire preuve de maturit\u00e9 politique et de culture d\u00e9mocratique \u00bb.<\/p>\n<p>Le pr\u00e9fet a rappel\u00e9 la n\u00e9cessit\u00e9 de respecter le droit \u00e0 la diff\u00e9rence, de privil\u00e9gier les d\u00e9bats d\u2019id\u00e9es et de bannir toute forme de violence ou de provocation, avant, pendant et apr\u00e8s le scrutin. <\/p>\n<p>\u00ab Nous devons nous laisser habiter par la s\u00e9r\u00e9nit\u00e9, la courtoisie et surtout l\u2019amour de notre pays \u00bb, a-t-il soulign\u00e9.<\/p>\n<p>Se r\u00e9jouissant de la multiplication des campagnes d\u2019information, de sensibilisation et d\u2019\u00e9coute men\u00e9es par des institutions, partis politiques, organisations citoyennes, leaders religieux et communautaires ainsi que de nombreux jeunes b\u00e9n\u00e9voles, Kouam\u00e9 Koffi a encourag\u00e9 la poursuite de ces initiatives \u00ab de nature \u00e0 rassurer les populations et \u00e0 pr\u00e9parer les \u00e9lecteurs \u00e0 un scrutin d\u00e9mocratique, transparent et apais\u00e9, avec \u00e0 la cl\u00e9 l\u2019acceptation des r\u00e9sultats \u00bb.<\/p>\n<p>Il a \u00e9galement plaid\u00e9 pour un vivre-ensemble fond\u00e9 sur la tol\u00e9rance, le pardon et l\u2019humilit\u00e9, estimant que la paix et la coh\u00e9sion sociale sont indispensables \u00e0 la poursuite du d\u00e9veloppement engag\u00e9 par le gouvernement.<\/p>\n<p>Sur le plan socio-\u00e9conomique, le pr\u00e9fet s\u2019est f\u00e9licit\u00e9 des avanc\u00e9es enregistr\u00e9es dans la r\u00e9gion, citant notamment 1 103 b\u00e9n\u00e9ficiaires du programme national d\u2019insertion professionnelle, la formation et l\u2019installation de 650 jeunes riziculteurs, la cr\u00e9ation de pr\u00e8s de 300 associations communautaires dans le cadre des \u00ab Filets sociaux productifs \u00bb, ainsi que le d\u00e9ploiement du programme \u00ab Popote familiale \u00bb pour renforcer la s\u00e9curit\u00e9 alimentaire des m\u00e9nages.<\/p>\n<p>Cette comm\u00e9moration a \u00e9galement \u00e9t\u00e9 marqu\u00e9e par un d\u00e9fil\u00e9 qui a r\u00e9uni les forces vives de la r\u00e9gion, donnant un \u00e9clat particulier \u00e0 la f\u00eate et traduisant l\u2019unit\u00e9 de toutes les composantes sociales autour des valeurs de la R\u00e9publique.<\/p>\n<p><strong>Beker Yao <\/strong><\/p>\n","protected":false},"excerpt":{"rendered":"<p>\u00c0 l\u2019occasion de la c\u00e9l\u00e9bration du 65\u1d49 anniversaire de l\u2019ind\u00e9pendance de la C\u00f4te d\u2019Ivoire, le jeudi 7 ao\u00fbt 2025, le pr\u00e9fet de la r\u00e9gion du Haut-Sassandra, Kouam\u00e9 Koffi, a appel\u00e9 ses administr\u00e9s \u00e0 pr\u00e9server la paix et la coh\u00e9sion sociale \u00e0 l\u2019approche de l\u2019\u00e9lection pr\u00e9sidentielle pr\u00e9vue le 25 octobre prochain. Dans son allocution, le repr\u00e9sentant [&hellip;]<\/p>\n","protected":false},"author":4,"featured_media":39653,"comment_status":"closed","ping_status":"closed","sticky":false,"template":"","format":"standard","meta":{"footnotes":""},"categories":[2,17],"tags":[5938,5939,655,1621],"class_list":["post-39652","post","type-post","status-publish","format-standard","has-post-thumbnail","hentry","category-featured","category-politique","tag-le-prefet-kouame-koffi","tag-maturite-politique","tag-paix","tag-presidentielle-2025"],"_links":{"self":[{"href":"https:\/\/www.lintelligentdabidjan.info\/news\/wp-json\/wp\/v2\/posts\/39652","targetHints":{"allow":["GET"]}}],"collection":[{"href":"https:\/\/www.lintelligentdabidjan.info\/news\/wp-json\/wp\/v2\/posts"}],"about":[{"href":"https:\/\/www.lintelligentdabidjan.info\/news\/wp-json\/wp\/v2\/types\/post"}],"author":[{"embeddable":true,"href":"https:\/\/www.lintelligentdabidjan.info\/news\/wp-json\/wp\/v2\/users\/4"}],"replies":[{"embeddable":true,"href":"https:\/\/www.lintelligentdabidjan.info\/news\/wp-json\/wp\/v2\/comments?post=39652"}],"version-history":[{"count":1,"href":"https:\/\/www.lintelligentdabidjan.info\/news\/wp-json\/wp\/v2\/posts\/39652\/revisions"}],"predecessor-version":[{"id":39654,"href":"https:\/\/www.lintelligentdabidjan.info\/news\/wp-json\/wp\/v2\/posts\/39652\/revisions\/39654"}],"wp:featuredmedia":[{"embeddable":true,"href":"https:\/\/www.lintelligentdabidjan.info\/news\/wp-json\/wp\/v2\/media\/39653"}],"wp:attachment":[{"href":"https:\/\/www.lintelligentdabidjan.info\/news\/wp-json\/wp\/v2\/media?parent=39652"}],"wp:term":[{"taxonomy":"category","embeddable":true,"href":"https:\/\/www.lintelligentdabidjan.info\/news\/wp-json\/wp\/v2\/categories?post=39652"},{"taxonomy":"post_tag","embeddable":true,"href":"https:\/\/www.lintelligentdabidjan.info\/news\/wp-json\/wp\/v2\/tags?post=39652"}],"curies":[{"name":"wp","href":"https:\/\/api.w.org\/{rel}","templated":true}]}}