{"id":39655,"date":"2025-08-11T02:59:11","date_gmt":"2025-08-11T00:59:11","guid":{"rendered":"https:\/\/www.lintelligentdabidjan.info\/news\/?p=39655"},"modified":"2025-08-11T12:39:58","modified_gmt":"2025-08-11T10:39:58","slug":"celebration-du-65e-anniversaire-de-lindependance-de-la-cote-divoire-la-sous-prefete-de-seitifla-appelle-au-renforcement-de-la-cohesion-sociale","status":"publish","type":"post","link":"https:\/\/www.lintelligentdabidjan.info\/news\/celebration-du-65e-anniversaire-de-lindependance-de-la-cote-divoire-la-sous-prefete-de-seitifla-appelle-au-renforcement-de-la-cohesion-sociale\/","title":{"rendered":"C\u00e9l\u00e9bration du 65e anniversaire de l\u2019ind\u00e9pendance de la C\u00f4te d\u2019Ivoire : la Sous-pr\u00e9f\u00e8te de S\u00e9itifla appelle au renforcement de la coh\u00e9sion sociale"},"content":{"rendered":"<p><em><strong>Le jeudi 7 ao\u00fbt 2025, \u00e0 l\u2019occasion de la c\u00e9l\u00e9bration du 65e anniversaire de l\u2019ind\u00e9pendance de la C\u00f4te d\u2019Ivoire dans le village de Prozi, dans la sous-pr\u00e9fecture de S\u00e9itifla, <\/strong><\/em><\/p>\n<p>la Sous-pr\u00e9f\u00e8te Madame Guy Manuela Dago, a lanc\u00e9 un appel \u00e0 l\u2019unit\u00e9, \u00e0 la paix et \u00e0 la responsabilit\u00e9 citoyenne \u00e0 l\u2019approche des prochaines \u00e9ch\u00e9ances \u00e9lectorales.<\/p>\n<p>\u00ab\u202fLa C\u00f4te d\u2019Ivoire a besoin de tous ses fils et filles, unis autour d\u2019un id\u00e9al commun : la paix et le progr\u00e8s\u202f\u00bb, a-t-elle d\u00e9clar\u00e9, soulignant l\u2019importance de pr\u00e9server un climat apais\u00e9 et de renforcer la coh\u00e9sion sociale.<\/p>\n<p>Devant une assembl\u00e9e compos\u00e9e d\u2019autorit\u00e9s locales, de chefs traditionnels, d\u2019associations et de nombreux habitants de la sous-pr\u00e9fecture, elle a exhort\u00e9 la population \u00e0 respecter le choix d\u2019autrui, \u00e0 participer librement aux scrutins et \u00e0 rejeter la violence, la d\u00e9sinformation ainsi que les manipulations sur les r\u00e9seaux sociaux.<\/p>\n<p>Elle a par ailleurs rassur\u00e9 sur les efforts du gouvernement en faveur de la tenue d\u2019\u00e9lections apais\u00e9es, tout en rappelant que le dialogue et la tol\u00e9rance demeurent les piliers d\u2019une d\u00e9mocratie v\u00e9ritable.<\/p>\n<p>La c\u00e9r\u00e9monie, plac\u00e9e sous les th\u00e8mes du d\u00e9veloppement local, de la coh\u00e9sion sociale et de l\u2019engagement citoyen, a \u00e9t\u00e9 l\u2019occasion de mettre en lumi\u00e8re plusieurs projets dans la sous-pr\u00e9fecture au cours de ses 12 derniers mois.<\/p>\n<p>Parmi ceux-ci figurent la construction de logements pour le personnel de sant\u00e9 \u00e0 Nou\u00e9noufla et \u00e0 Gou\u00e9noufla-Don, l\u2019am\u00e9lioration des routes, l\u2019extension de l\u2019\u00e9lectrification rurale, la construction d\u2019\u00e9coles et de blocs sanitaires, l\u2019installation de pompes hydrauliques \u00e0 motricit\u00e9 humaine et solaire, ainsi que la r\u00e9habilitation du march\u00e9 de Mignor\u00e9.<\/p>\n<p>La Sous-pr\u00e9f\u00e8te a \u00e9galement annonc\u00e9 la construction en cours d\u2019une brigade de gendarmerie, une infrastructure essentielle pour renforcer la s\u00e9curit\u00e9 dans la r\u00e9gion.<\/p>\n<p>Abordant le secteur \u00e9ducatif, elle a salu\u00e9 les efforts des enseignants et des \u00e9l\u00e8ves, tout en d\u00e9plorant des r\u00e9sultats scolaires encore en de\u00e7\u00e0 des moyennes r\u00e9gionales et nationales.<\/p>\n<p>Elle a appel\u00e9 les parents \u00e0 s\u2019impliquer davantage dans le suivi de la scolarit\u00e9 de leurs enfants, soulignant que leur r\u00e9ussite repose en grande partie sur l&#8217;engagement familial.<\/p>\n<p>Un hommage a \u00e9t\u00e9 rendu aux forces de d\u00e9fense et de s\u00e9curit\u00e9, qualifi\u00e9es de \u00ab\u202fgardiens silencieux de la paix\u202f\u00bb, pour leur r\u00f4le d\u00e9terminant dans la lutte contre l\u2019ins\u00e9curit\u00e9 et la pr\u00e9servation de la coh\u00e9sion sociale.<\/p>\n<p>La Sous-pr\u00e9f\u00e8te a exprim\u00e9 sa gratitude \u00e0 l\u2019honorable Tra Bi Suy Guillaume, d\u00e9put\u00e9 et fils de Prozi, ainsi qu\u2019\u00e0 tous les cadres mobilis\u00e9s pour leur engagement en faveur du d\u00e9veloppement local.<\/p>\n<p>Elle a \u00e9galement annonc\u00e9 que les festivit\u00e9s de l\u2019\u00e9dition 2026 se tiendront \u00e0 N\u00e9olefla, \u00e0 l\u2019issue d\u2019une concertation avec les chefs de village.<\/p>\n<p>La c\u00e9r\u00e9monie a \u00e9t\u00e9 marqu\u00e9e par la remise de dipl\u00f4mes de reconnaissance \u00e0 plusieurs personnalit\u00e9s locales, salu\u00e9es pour leur contribution remarquable \u00e0 la r\u00e9ussite de la c\u00e9l\u00e9bration.<\/p>\n<p>En marge de l\u2019\u00e9v\u00e9nement, une pompe \u00e0 motricit\u00e9 humaine, financ\u00e9e par le Conseil r\u00e9gional du Haut-Sassandra, a \u00e9t\u00e9 officiellement mise en service \u00e0 Prozi, facilitant ainsi l\u2019acc\u00e8s \u00e0 l\u2019eau potable pour les populations locales.<\/p>\n<p><strong>Beker Yao <\/strong><\/p>\n","protected":false},"excerpt":{"rendered":"<p>Le jeudi 7 ao\u00fbt 2025, \u00e0 l\u2019occasion de la c\u00e9l\u00e9bration du 65e anniversaire de l\u2019ind\u00e9pendance de la C\u00f4te d\u2019Ivoire dans le village de Prozi, dans la sous-pr\u00e9fecture de S\u00e9itifla, la Sous-pr\u00e9f\u00e8te Madame Guy Manuela Dago, a lanc\u00e9 un appel \u00e0 l\u2019unit\u00e9, \u00e0 la paix et \u00e0 la responsabilit\u00e9 citoyenne \u00e0 l\u2019approche des prochaines \u00e9ch\u00e9ances \u00e9lectorales. [&hellip;]<\/p>\n","protected":false},"author":4,"featured_media":39662,"comment_status":"closed","ping_status":"closed","sticky":false,"template":"","format":"standard","meta":{"_monsterinsights_skip_tracking":false,"_monsterinsights_sitenote_active":false,"_monsterinsights_sitenote_note":"","_monsterinsights_sitenote_category":0,"footnotes":""},"categories":[2,3],"tags":[5940,1840,5941,1642],"class_list":["post-39655","post","type-post","status-publish","format-standard","has-post-thumbnail","hentry","category-featured","category-societe","tag-celebration-du-65e-anniversaire-de-lindependance-de-la-cote-divoire","tag-cohesion-sociale","tag-la-sous-prefete-de-seitifla","tag-renforcement"],"_links":{"self":[{"href":"https:\/\/www.lintelligentdabidjan.info\/news\/wp-json\/wp\/v2\/posts\/39655","targetHints":{"allow":["GET"]}}],"collection":[{"href":"https:\/\/www.lintelligentdabidjan.info\/news\/wp-json\/wp\/v2\/posts"}],"about":[{"href":"https:\/\/www.lintelligentdabidjan.info\/news\/wp-json\/wp\/v2\/types\/post"}],"author":[{"embeddable":true,"href":"https:\/\/www.lintelligentdabidjan.info\/news\/wp-json\/wp\/v2\/users\/4"}],"replies":[{"embeddable":true,"href":"https:\/\/www.lintelligentdabidjan.info\/news\/wp-json\/wp\/v2\/comments?post=39655"}],"version-history":[{"count":2,"href":"https:\/\/www.lintelligentdabidjan.info\/news\/wp-json\/wp\/v2\/posts\/39655\/revisions"}],"predecessor-version":[{"id":39663,"href":"https:\/\/www.lintelligentdabidjan.info\/news\/wp-json\/wp\/v2\/posts\/39655\/revisions\/39663"}],"wp:featuredmedia":[{"embeddable":true,"href":"https:\/\/www.lintelligentdabidjan.info\/news\/wp-json\/wp\/v2\/media\/39662"}],"wp:attachment":[{"href":"https:\/\/www.lintelligentdabidjan.info\/news\/wp-json\/wp\/v2\/media?parent=39655"}],"wp:term":[{"taxonomy":"category","embeddable":true,"href":"https:\/\/www.lintelligentdabidjan.info\/news\/wp-json\/wp\/v2\/categories?post=39655"},{"taxonomy":"post_tag","embeddable":true,"href":"https:\/\/www.lintelligentdabidjan.info\/news\/wp-json\/wp\/v2\/tags?post=39655"}],"curies":[{"name":"wp","href":"https:\/\/api.w.org\/{rel}","templated":true}]}}