{"id":39704,"date":"2025-08-13T16:03:05","date_gmt":"2025-08-13T14:03:05","guid":{"rendered":"https:\/\/www.lintelligentdabidjan.info\/news\/?p=39704"},"modified":"2025-08-18T16:27:47","modified_gmt":"2025-08-18T14:27:47","slug":"charte-editoriale-de-lintelligent-dabidjan-2","status":"publish","type":"post","link":"https:\/\/www.lintelligentdabidjan.info\/news\/charte-editoriale-de-lintelligent-dabidjan-2\/","title":{"rendered":"Charte \u00e9ditoriale de \u201cL\u2019Intelligent d\u2019Abidjan\u201d"},"content":{"rendered":"<p><strong>Pr\u00e9ambule<\/strong><\/p>\n<p>Cette charte \u00e9ditoriale s&#8217;impose et s&#8217;applique \u00e0 l&#8217;\u00e9gard de tous les membres des r\u00e9dactions et de tout le personnel de L&#8217;Intelligent d&#8217;Abidjan. L&#8217;Intelligent d&#8217;Abidjan est un journal quotidien imprim\u00e9 ivoirien d&#8217;information g\u00e9n\u00e9rale. Cr\u00e9\u00e9 en septembre 2003, L&#8217;Intelligent d&#8217;Abidjan produit au quotidien et depuis sa cr\u00e9ation une information de qualit\u00e9, \u00e9quilibr\u00e9e, plurielle,  libre et responsable en C\u00f4te d&#8217;Ivoire. La pr\u00e9sente charte \u00e9ditoriale d\u00e9finit les valeurs,  principes et r\u00e8gles qui r\u00e9gissent la production des contenus du journal, dans le respect de l&#8217;\u00e9thique journalistique et des attentes du public.<\/p>\n<p><strong>1. Valeurs fondamentales<\/strong><\/p>\n<p><strong>a) Ind\u00e9pendance<\/strong><\/p>\n<p>Nous affirmons notre totale ind\u00e9pendance \u00e9ditoriale vis-\u00e0-vis de tout pouvoir politique, \u00e9conomique, religieux ou communautaire. Nos journalistes et collaborateurs s&#8217;engagent \u00e0 produire une information libre, sans influence ni pression.<\/p>\n<p><strong>b) Cr\u00e9dibilit\u00e9 et rigueur<\/strong><\/p>\n<p>La v\u00e9rification des faits, la confrontation des sources et l&#8217;\u00e9quilibre des points de vue sont les fondements de notre d\u00e9marche journalistique. Nous refusons la d\u00e9sinformation, les rumeurs et les contenus approximatifs.<\/p>\n<p><strong>c) \u00c9thique et responsabilit\u00e9<\/strong><\/p>\n<p>Nos journalistes respectent les r\u00e8gles d\u00e9ontologiques de la profession : respect de la vie priv\u00e9e, droit de r\u00e9ponse, protection des sources, et rejet du sensationnalisme ou de la haine.<\/p>\n<p><strong>d) Pluralisme et ouverture<\/strong><\/p>\n<p>Nous donnons la parole \u00e0 toutes les sensibilit\u00e9s politiques, sociales, culturelles et religieuses dans un esprit de dialogue d\u00e9mocratique. L&#8217;Intelligent d&#8217;Abidjan valorise la diversit\u00e9 des id\u00e9es, dans le respect de la dignit\u00e9 humaine.<\/p>\n<p><strong>2. Lignes directrices du contenu<\/strong><\/p>\n<p><strong>a) Traitement de l&#8217;actualit\u00e9<\/strong><\/p>\n<p>Nous traitons l \u2018actualit\u00e9 nationale, africaine et internationale avec impartialit\u00e9, clart\u00e9 et p\u00e9dagogie, afin de permettre \u00e0 nos lecteurs de comprendre les enjeux qui les concernent.<\/p>\n<p><strong>b) Dossiers et Enqu\u00eates<\/strong><\/p>\n<p>Nous d\u00e9veloppons des enqu\u00eates sur des sujets d&#8217;int\u00e9r\u00eat public, en particulier dans les domaines de la politique, de l&#8217;\u00e9conomie, de l&#8217;\u00e9ducation, de la sant\u00e9, de l&#8217;environnement, du sport et des droits humains.<\/p>\n<p><strong>c) Engagement citoyen<\/strong><\/p>\n<p>Le journal se veut un espace de r\u00e9flexion, de construction d\u00e9mocratique et de contribution \u00e0 l&#8217;\u00e9veil citoyen. Nous promouvons les valeurs de paix, de justice, de transparence et de bonne gouvernance.<\/p>\n<p><strong>d) Tribunes et Opinions<\/strong><\/p>\n<p>Les tribunes publi\u00e9es dans nos colonnes refl\u00e8tent la libert\u00e9 d&#8217;expression et n&#8217;engagent que leurs auteurs. Elles doivent respecter les lois, \u00e9viter les propos diffamatoires ou incitatifs \u00e0 la haine, et contribuer au d\u00e9bat public.<\/p>\n<p><strong>3. Publics et Accessibilit\u00e9<\/p>\n<p>a) Public cible<\/strong><\/p>\n<p>Nos contenus s&#8217;adressent \u00e0 un lectorat diversifi\u00e9 : citoyens, \u00e9tudiants, professionnels, d\u00e9cideurs, diaspora, jeunes et femmes. Nous visons \u00e0 informer tout en \u00e9levant le niveau de conscience et de r\u00e9flexion.<\/p>\n<p><strong>b) Langue et ton<\/strong><\/p>\n<p>L&#8217;usage du fran\u00e7ais clair, accessible, avec un ton professionnel, engag\u00e9 mais mesur\u00e9, est privil\u00e9gi\u00e9. Une ouverture \u00e0 des contenus en langues nationales est envisag\u00e9e dans une logique d&#8217;inclusivit\u00e9.<\/p>\n<p><strong>4. Supports et formats<\/strong><\/p>\n<p>&#8220;L&#8217;Intelligent d&#8217;Abidjan&#8221; s&#8217;exprime sur plusieurs supports : version imprim\u00e9e, site web, application mobile, r\u00e9seaux sociaux et une WEB TV. L&#8217;adaptation des contenus \u00e0 chaque canal se fait dans le respect de l&#8217;identit\u00e9 \u00e9ditoriale g\u00e9n\u00e9rale.<\/p>\n<p><strong>5. Gouvernance \u00e9ditoriale<\/strong><\/p>\n<p>La r\u00e9daction est dirig\u00e9e par un comit\u00e9 \u00e9ditorial garant des orientations strat\u00e9giques du journal. Ce comit\u00e9 veille \u00e0 la conformit\u00e9 des productions \u00e0 la pr\u00e9sente charte, organise des revues \u00e9thiques r\u00e9guli\u00e8res, et encadre la formation continue des \u00e9quipes.<\/p>\n<p><strong>6. R\u00e9visions et adaptabilit\u00e9<\/strong><\/p>\n<p>La charte \u00e9ditoriale peut faire l&#8217;objet de r\u00e9vision afin de rester en phase avec l&#8217;\u00e9volution du paysage m\u00e9diatique, technologique et soci\u00e9tal, tout en restant dans le cadre du respect des r\u00e8gles de d\u00e9ontologie du code du journalisme professionnel en C\u00f4te d&#8217;Ivoire.<\/p>\n<p>Fait \u00e0 Abidjan,le 14\/02\/2021<br \/>\n<strong><br \/>\nLe R\u00e9dacteur en chef <\/strong><\/p>\n","protected":false},"excerpt":{"rendered":"<p>Pr\u00e9ambule Cette charte \u00e9ditoriale s&#8217;impose et s&#8217;applique \u00e0 l&#8217;\u00e9gard de tous les membres des r\u00e9dactions et de tout le personnel de L&#8217;Intelligent d&#8217;Abidjan. L&#8217;Intelligent d&#8217;Abidjan est un journal quotidien imprim\u00e9 ivoirien d&#8217;information g\u00e9n\u00e9rale. Cr\u00e9\u00e9 en septembre 2003, L&#8217;Intelligent d&#8217;Abidjan produit au quotidien et depuis sa cr\u00e9ation une information de qualit\u00e9, \u00e9quilibr\u00e9e, plurielle, libre et responsable [&hellip;]<\/p>\n","protected":false},"author":4,"featured_media":39659,"comment_status":"closed","ping_status":"closed","sticky":false,"template":"","format":"standard","meta":{"_monsterinsights_skip_tracking":false,"_monsterinsights_sitenote_active":false,"_monsterinsights_sitenote_note":"","_monsterinsights_sitenote_category":0,"footnotes":""},"categories":[2,3],"tags":[],"class_list":["post-39704","post","type-post","status-publish","format-standard","has-post-thumbnail","hentry","category-featured","category-societe"],"_links":{"self":[{"href":"https:\/\/www.lintelligentdabidjan.info\/news\/wp-json\/wp\/v2\/posts\/39704","targetHints":{"allow":["GET"]}}],"collection":[{"href":"https:\/\/www.lintelligentdabidjan.info\/news\/wp-json\/wp\/v2\/posts"}],"about":[{"href":"https:\/\/www.lintelligentdabidjan.info\/news\/wp-json\/wp\/v2\/types\/post"}],"author":[{"embeddable":true,"href":"https:\/\/www.lintelligentdabidjan.info\/news\/wp-json\/wp\/v2\/users\/4"}],"replies":[{"embeddable":true,"href":"https:\/\/www.lintelligentdabidjan.info\/news\/wp-json\/wp\/v2\/comments?post=39704"}],"version-history":[{"count":6,"href":"https:\/\/www.lintelligentdabidjan.info\/news\/wp-json\/wp\/v2\/posts\/39704\/revisions"}],"predecessor-version":[{"id":39757,"href":"https:\/\/www.lintelligentdabidjan.info\/news\/wp-json\/wp\/v2\/posts\/39704\/revisions\/39757"}],"wp:featuredmedia":[{"embeddable":true,"href":"https:\/\/www.lintelligentdabidjan.info\/news\/wp-json\/wp\/v2\/media\/39659"}],"wp:attachment":[{"href":"https:\/\/www.lintelligentdabidjan.info\/news\/wp-json\/wp\/v2\/media?parent=39704"}],"wp:term":[{"taxonomy":"category","embeddable":true,"href":"https:\/\/www.lintelligentdabidjan.info\/news\/wp-json\/wp\/v2\/categories?post=39704"},{"taxonomy":"post_tag","embeddable":true,"href":"https:\/\/www.lintelligentdabidjan.info\/news\/wp-json\/wp\/v2\/tags?post=39704"}],"curies":[{"name":"wp","href":"https:\/\/api.w.org\/{rel}","templated":true}]}}