{"id":39713,"date":"2025-08-13T16:45:28","date_gmt":"2025-08-13T14:45:28","guid":{"rendered":"https:\/\/www.lintelligentdabidjan.info\/news\/?p=39713"},"modified":"2025-08-13T16:45:40","modified_gmt":"2025-08-13T14:45:40","slug":"cholera-en-cote-divoire-une-epidemie-qui-ressurgit","status":"publish","type":"post","link":"https:\/\/www.lintelligentdabidjan.info\/news\/cholera-en-cote-divoire-une-epidemie-qui-ressurgit\/","title":{"rendered":"Chol\u00e9ra en C\u00f4te d&#8217;Ivoire : une \u00e9pid\u00e9mie qui ressurgit"},"content":{"rendered":"<p><em><strong>Depuis plusieurs semaines, le chol\u00e9ra refait surface avec une virulence inqui\u00e9tante. La C\u00f4te d&#8217;Ivoire, comme plusieurs pays voisins, fait face \u00e0 une r\u00e9surgence de cette maladie diarrh\u00e9ique mortelle.<\/strong><\/em><\/p>\n<p>Selon les derni\u00e8res donn\u00e9es, 436 cas et 19 d\u00e9c\u00e8s ont \u00e9t\u00e9 officiellement recens\u00e9s depuis le 25 mai 2025, avec une acc\u00e9l\u00e9ration r\u00e9cente de l&#8217;\u00e9pid\u00e9mie au-del\u00e0 d&#8217;Abidjan. L&#8217;UNICEF alerte sur la vuln\u00e9rabilit\u00e9 de 80 000 enfants dans la r\u00e9gion, tandis que les autorit\u00e9s sanitaires et les ONG multiplient les efforts pour contenir la propagation.<\/p>\n<p>La C\u00f4te d&#8217;Ivoire n&#8217;est pas le seul pays d&#8217;Afrique de l&#8217;Ouest et centrale \u00e0 subir une flamb\u00e9e de chol\u00e9ra. Selon l&#8217;UNICEF, 12 pays de la r\u00e9gion sont actuellement touch\u00e9s, avec des \u00e9pid\u00e9mies actives en R\u00e9publique d\u00e9mocratique du Congo (RDC), au Nigeria, au Tchad, au Ghana et au Togo. Ces pays partagent des facteurs de risque communs : syst\u00e8mes de sant\u00e9 \u00e0 renforcer, acc\u00e8s \u00e0 l&#8217;eau potable \u00e0 am\u00e9liorer et conditions d&#8217;hygi\u00e8ne \u00e0 optimiser.<\/p>\n<p>En C\u00f4te d&#8217;Ivoire, l&#8217;\u00e9pid\u00e9mie a pris une ampleur notable, notamment dans le district sanitaire de Port-Bou\u00ebt. Le chol\u00e9ra, une infection diarrh\u00e9ique aigu\u00eb caus\u00e9e par la bact\u00e9rie Vibrio cholerae, se manifeste par des sympt\u00f4mes s\u00e9v\u00e8res : diarrh\u00e9es aqueuses, vomissements et d\u00e9shydratation rapide. Sans traitement imm\u00e9diat, la maladie peut \u00eatre mortelle en quelques heures.<\/p>\n<p>Les causes de cette r\u00e9surgence sont multiples. L\u2019ampleur de la saison des pluies, les inondations et les d\u00e9placements de populations ont complexifi\u00e9 les conditions sanitaires. Par ailleurs, la sous-d\u00e9claration des cas et les croyances locales, comme la m\u00e9fiance envers les centres de sant\u00e9, compliquent la r\u00e9ponse sanitaire.<\/p>\n<p><strong>La lutte contre le chol\u00e9ra : un combat multisectoriel<\/strong><\/p>\n<p>Face \u00e0 cette situation, les autorit\u00e9s ivoiriennes et leurs partenaires ont mis en place plusieurs mesures pour endiguer l&#8217;\u00e9pid\u00e9mie. La Croix-Rouge ivoirienne, soutenue par la F\u00e9d\u00e9ration internationale des Soci\u00e9t\u00e9s de la Croix-Rouge et du Croissant-Rouge (IFRC), a lanc\u00e9 des campagnes de sensibilisation, install\u00e9 des dispositifs de lavage des mains et d\u00e9sinfect\u00e9 les zones \u00e0 haut risque. L&#8217;UNICEF et M\u00e9decins Sans Fronti\u00e8res (MSF) ont \u00e9galement renforc\u00e9 leurs interventions, notamment par la distribution de sels de r\u00e9hydratation orale et la vaccination des populations \u00e0 risque.<\/p>\n<p>Cependant, ces efforts sont menac\u00e9s par le retrait de l&#8217;USAID, l&#8217;agence am\u00e9ricaine pour le d\u00e9veloppement international. L&#8217;USAID jouait un r\u00f4le cl\u00e9 dans le financement des programmes d&#8217;eau, d&#8217;assainissement et d&#8217;hygi\u00e8ne (EAH) en C\u00f4te d&#8217;Ivoire et dans la r\u00e9gion. Son retrait pourrait affaiblir les capacit\u00e9s de r\u00e9ponse aux \u00e9pid\u00e9mies, notamment en limitant l&#8217;acc\u00e8s aux ressources n\u00e9cessaires pour pr\u00e9venir et traiter le chol\u00e9ra.<\/p>\n<p>La situation est d&#8217;autant plus complexe que les syst\u00e8mes de sant\u00e9 locaux sont d\u00e9j\u00e0 sous pression. Les conflits et les chocs climatiques, comme les inondations, exacerbent les risques de propagation. Une mobilisation des financements et des ressources reste n\u00e9cessaire pour renforcer les capacit\u00e9s de r\u00e9ponse aux \u00e9pid\u00e9mies. Cependant, le pays est d\u00e9j\u00e0 parvenu \u00e0 sortir de crises similaires par le pass\u00e9. Le gouvernement saura trouver les r\u00e9ponses pour mettre fin \u00e0 l\u2019impact de cette crise aussi, \u00e0 laquelle il fait d\u00e9j\u00e0 courageusement face avec sa population.<\/p>\n<p><strong>Constantine<\/strong>.<\/p>\n","protected":false},"excerpt":{"rendered":"<p>Depuis plusieurs semaines, le chol\u00e9ra refait surface avec une virulence inqui\u00e9tante. La C\u00f4te d&#8217;Ivoire, comme plusieurs pays voisins, fait face \u00e0 une r\u00e9surgence de cette maladie diarrh\u00e9ique mortelle. Selon les derni\u00e8res donn\u00e9es, 436 cas et 19 d\u00e9c\u00e8s ont \u00e9t\u00e9 officiellement recens\u00e9s depuis le 25 mai 2025, avec une acc\u00e9l\u00e9ration r\u00e9cente de l&#8217;\u00e9pid\u00e9mie au-del\u00e0 d&#8217;Abidjan. L&#8217;UNICEF [&hellip;]<\/p>\n","protected":false},"author":4,"featured_media":39714,"comment_status":"closed","ping_status":"closed","sticky":false,"template":"","format":"standard","meta":{"_monsterinsights_skip_tracking":false,"_monsterinsights_sitenote_active":false,"_monsterinsights_sitenote_note":"","_monsterinsights_sitenote_category":0,"footnotes":""},"categories":[2,3],"tags":[],"class_list":["post-39713","post","type-post","status-publish","format-standard","has-post-thumbnail","hentry","category-featured","category-societe"],"_links":{"self":[{"href":"https:\/\/www.lintelligentdabidjan.info\/news\/wp-json\/wp\/v2\/posts\/39713","targetHints":{"allow":["GET"]}}],"collection":[{"href":"https:\/\/www.lintelligentdabidjan.info\/news\/wp-json\/wp\/v2\/posts"}],"about":[{"href":"https:\/\/www.lintelligentdabidjan.info\/news\/wp-json\/wp\/v2\/types\/post"}],"author":[{"embeddable":true,"href":"https:\/\/www.lintelligentdabidjan.info\/news\/wp-json\/wp\/v2\/users\/4"}],"replies":[{"embeddable":true,"href":"https:\/\/www.lintelligentdabidjan.info\/news\/wp-json\/wp\/v2\/comments?post=39713"}],"version-history":[{"count":1,"href":"https:\/\/www.lintelligentdabidjan.info\/news\/wp-json\/wp\/v2\/posts\/39713\/revisions"}],"predecessor-version":[{"id":39715,"href":"https:\/\/www.lintelligentdabidjan.info\/news\/wp-json\/wp\/v2\/posts\/39713\/revisions\/39715"}],"wp:featuredmedia":[{"embeddable":true,"href":"https:\/\/www.lintelligentdabidjan.info\/news\/wp-json\/wp\/v2\/media\/39714"}],"wp:attachment":[{"href":"https:\/\/www.lintelligentdabidjan.info\/news\/wp-json\/wp\/v2\/media?parent=39713"}],"wp:term":[{"taxonomy":"category","embeddable":true,"href":"https:\/\/www.lintelligentdabidjan.info\/news\/wp-json\/wp\/v2\/categories?post=39713"},{"taxonomy":"post_tag","embeddable":true,"href":"https:\/\/www.lintelligentdabidjan.info\/news\/wp-json\/wp\/v2\/tags?post=39713"}],"curies":[{"name":"wp","href":"https:\/\/api.w.org\/{rel}","templated":true}]}}