{"id":39722,"date":"2025-08-15T21:40:41","date_gmt":"2025-08-15T19:40:41","guid":{"rendered":"https:\/\/www.lintelligentdabidjan.info\/news\/?p=39722"},"modified":"2025-08-15T21:40:49","modified_gmt":"2025-08-15T19:40:49","slug":"de-qui-depend-exactement-la-paix-en-cote-divoire-editorial-du-8-aout-2025-par-wakili-alafe","status":"publish","type":"post","link":"https:\/\/www.lintelligentdabidjan.info\/news\/de-qui-depend-exactement-la-paix-en-cote-divoire-editorial-du-8-aout-2025-par-wakili-alafe\/","title":{"rendered":"De qui d\u00e9pend exactement la paix en C\u00f4te d&#8217;Ivoire ? \u00c9DITORIAL du 8 AO\u00dbT 2025 &#8211; Par Wakili Alaf\u00e9"},"content":{"rendered":"<p><em><strong>Ind\u00e9pendance, Houphou\u00ebt, Ouattara, Gbagbo, Thiam , injustice, d\u00e9sordre et choix de la paix<\/strong><\/em><\/p>\n<p>Le 65\u1d49anniversaire de l\u2019ind\u00e9pendance de la C\u00f4te d\u2019Ivoire, c\u00e9l\u00e9br\u00e9 \u00e0 Bouak\u00e9 le 7 ao\u00fbt 2025, a d\u00e9livr\u00e9 un message limpide : les Ivoiriens veulent la paix, et ils croient encore en leur Nation, malgr\u00e9 les \u00e9preuves que chaque g\u00e9n\u00e9ration a connues depuis la naissance de la R\u00e9publique.<\/p>\n<p>Les Ivoiriens et les Ivoiriennes aiment leur pays. Ils veulent continuer \u00e0 en \u00eatre fiers, dans la stabilit\u00e9. Ce d\u00e9sir profond d\u2019unit\u00e9 nationale, jadis incarn\u00e9 par le pr\u00e9sident F\u00e9lix Houphou\u00ebt-Boigny \u2013 le plus illustre des p\u00e8res fondateurs \u2013 et relay\u00e9 par ses successeurs, Henri Konan B\u00e9di\u00e9 et Laurent Gbagbo, est aujourd\u2019hui port\u00e9 par le chef de l\u2019\u00c9tat Alassane Ouattara. Sa posture actuelle sur le chemin de la stabilit\u00e9 rappelle cette autre c\u00e9l\u00e8bre maxime d\u2019Houphou\u00ebt-Boigny : \u00ab Je pr\u00e9f\u00e8re l\u2019injustice au d\u00e9sordre. Le d\u00e9sordre, on ne peut pas le r\u00e9parer. L\u2019injustice, on peut la r\u00e9parer. \u00bb<\/p>\n<p>Dans le contexte pr\u00e9\u00e9lectoral actuel, cette phrase prend tout son sens. Ce vendredi 8 ao\u00fbt 2025, soit 24 heures apr\u00e8s la f\u00eate nationale, et \u00e0 la veille d\u2019une manifestation annonc\u00e9e d\u2019une partie significative de l\u2019opposition \u00e0 Yopougon, cette le\u00e7on houphou\u00ebtiste sonne comme une alerte : la paix est pr\u00e9cieuse.<\/p>\n<p>Des opposants \u2013 pas tous \u2013 sont tent\u00e9s de remettre aujourd\u2019hui en cause cette maxime. Certains, qui ont applaudi des coups d\u2019\u00c9tat dans d\u2019autres pays mais les ont d\u00e9nonc\u00e9s lorsqu\u2019ils \u00e9taient aux affaires, affirment d\u00e9sormais qu\u2019il ne faut jamais pr\u00e9f\u00e9rer l\u2019injustice au d\u00e9sordre. Cette posture, notamment de la part d\u2019acteurs qui se r\u00e9clament de l\u2019houphou\u00ebtisme, interroge : peut-on vraiment justifier le d\u00e9sordre sous pr\u00e9texte de corriger une injustice pr\u00e9sum\u00e9e ? Est-ce l\u00e0 une vision fid\u00e8le \u00e0 l\u2019h\u00e9ritage d\u2019Houphou\u00ebt-Boigny ?<\/p>\n<p>R\u00e9cemment, j\u2019ai r\u00e9\u00e9cout\u00e9 un extrait de l&#8217;intervention du pr\u00e9sident Laurent Gbagbo lors du Forum pour la r\u00e9conciliation nationale, en 2001. Il y assumait l\u2019article 35 de la Constitution de 2000, disant qu\u2019il avait \u00e9t\u00e9 con\u00e7u pour \u00e9carter la candidature d\u2019Alassane Ouattara, alors \u00ab accus\u00e9 \u00bb de s\u2019\u00eatre pr\u00e9valu d\u2019une autre nationalit\u00e9. Il saluait \u00e9galement la limitation d\u2019\u00e2ge instaur\u00e9e \u00e0 l\u2019\u00e9poque, afin, selon lui, d\u2019\u00e9viter qu\u2019un dirigeant \u00e2g\u00e9 demeure au pouvoir, comme ce fut le cas d\u2019Houphou\u00ebt. Il se r\u00e9jouissait aussi de la fin de la succession automatique instaur\u00e9e par l\u2019article 11, qui avait permis \u00e0 Henri Konan B\u00e9di\u00e9 de devenir pr\u00e9sident en 1993.<\/p>\n<p>Vingt-cinq ans plus tard, beaucoup de ces verrous ont saut\u00e9. En effet en 2016, la Constitution a \u00e9t\u00e9 r\u00e9vis\u00e9e. Ainsi la limite d\u2019\u00e2ge a \u00e9t\u00e9 supprim\u00e9e, l\u2019article 11 a \u00e9t\u00e9 r\u00e9introduit sous une autre forme permettant la succession et l&#8217;exercice du pouvoir par un vice pr\u00e9sident de la R\u00e9publique ; la question de la nationalit\u00e9 a \u00e9t\u00e9 revisit\u00e9e. Aujourd\u2019hui, Laurent Gbagbo, \u00e0 80 ans, peut \u00eatre candidat, alors que son camp avait boycott\u00e9 le r\u00e9f\u00e9rendum constitutionnel de 2016. Ce qui \u00e9tait hier d\u00e9nonc\u00e9 ou per\u00e7u comme injuste et inacceptable est d\u00e9sormais accept\u00e9, sinon revendiqu\u00e9, ou exploit\u00e9 pour contrer la candidature du pr\u00e9sident sortant et en exercice Alassane Ouattara.<\/p>\n<p>Faut-il y voir une contradiction ? Non. C\u2019est l\u00e0 justement le sens d\u2019une nation et de l\u2019\u00c9tat de droit : les constitutions , les institutions et les lois \u00e9voluent, les perceptions changent, mais la stabilit\u00e9 reste une exigence constante. Ceux qui ont d\u00e9nonc\u00e9 hier, revendiquent ce qu&#8217;ils d\u00e9non\u00e7aient. Ceux qui disaient oui huer, disent non aujourd&#8217;hui.<\/p>\n<p>Une injustice \u2013 r\u00e9elle ou simplement ressentie \u2013 peut se r\u00e9parer dans le cadre des institutions, dans le jeu d\u00e9mocratique et \u00e9lectoral. Le d\u00e9sordre, lui, laisse souvent des blessures irr\u00e9parables.<\/p>\n<p>\u00c0 70 jours de l\u2019\u00e9lection pr\u00e9sidentielle du 25 octobre 2025 ( NDLR \u00e9ditorial publi\u00e9 le 8 ao\u00fbt 2025 ) , l\u2019heure est \u00e0 la responsabilit\u00e9. Toutes les parties en pr\u00e9sence doivent faire le choix de la m\u00e8re v\u00e9ritable dans le jugement de Salomon : celle qui pr\u00e9f\u00e8re sauver l\u2019enfant (la patrie), plut\u00f4t que de le voir d\u00e9pec\u00e9. L\u2019opposition ne peut se permettre de dire : \u00ab coupons l\u2019enfant en deux, ou bien aidons le pouvoir \u00e0 couper l&#8217;enfant en deux \u00bb. Si, comme l\u2019affirmait le pr\u00e9sident Gbagbo lui-m\u00eame quand il \u00e9tait au pouvoir , \u00ab c\u2019est l\u2019opposition qui garantit la paix dans un pays \u00bb, alors le front commun et les opposants doivent continuer \u00e0 incarner ce r\u00f4le avec responsabilit\u00e9, lucidit\u00e9 et courage.<\/p>\n<p>Dans cette perspective, une r\u00e9forme \u00e0 mener , m\u00e9rite r\u00e9flexion : et si toutes les \u00e9lections (pr\u00e9sidentielle, l\u00e9gislatives, municipales, s\u00e9natoriales, r\u00e9gionales) se tenaient le m\u00eame jour ? En 1985 d\u00e9j\u00e0, les municipales avaient eu lieu dans la foul\u00e9e de la pr\u00e9sidentielle, sans oublier que les municipales et r\u00e9gionales se tiennent ensemble. Une telle synchronisation pourrait r\u00e9duire les tensions, limiter cumuls , les surench\u00e8res, et \u00e9viter la tentation du boycott ou des plans B hasardeux, pour ne pas dire de derni\u00e8res minutes.<\/p>\n<p>Aujourd\u2019hui, le PDCI-RDA et le PPACI sont focalis\u00e9s sur les candidatures de Tidjane Thiam et de Laurent Gbagbo, sans sembler anticiper les l\u00e9gislatives pr\u00e9vues entre d\u00e9cembre 2025 et mars 2026. S\u2019ils d\u00e9cidaient de boycotter la pr\u00e9sidentielle, pourraient-ils aussi sacrifier les centaines de postes \u00e0 pourvoir dans les autres scrutins ? Ne chercheraient-ils pas plut\u00f4t \u00e0 aller \u00e0 ces autres \u00e9lections pour les  transformer en r\u00e9f\u00e9rendum de r\u00e9sistance ou en levier de l\u00e9gitimation pour leurs candidats \u00e9cart\u00e9s ? Mais alors pourquoi boycotter l&#8217;\u00e9lection pr\u00e9sidentielle avant ?<\/p>\n<p>La C\u00f4te d\u2019Ivoire a les moyens techniques et politiques d\u2019organiser des scrutins simultan\u00e9s dans les ann\u00e9es \u00e0 venir, dans le cadre d\u2019u e r\u00e9forme visant \u00e0 att\u00e9nuer les tensions de l\u2019\u00e9lection pr\u00e9sidentielle depuis 1995. En attendant, chaque parti peut gagner \u00e0 \u00e9viter la politique de la chaise vide. En 1995, en 2000, en 2015, en 2020, le boycott n&#8217;a pas \u00e9t\u00e9 une option utile et profitable au pays. Le boycott sans strat\u00e9gie claire, sans perspective institutionnelle, est un aveu de faiblesse. Il marginalise. Le camp Gbagbo le sait : ses absences aux l\u00e9gislatives de 2011 et aux autres scrutins jusqu\u2019\u00e0 son retour dans le jeu \u00e9lectoral, \u00e0 partir de 2021, ont permis au PDCI, pourtant arriv\u00e9 troisi\u00e8me \u00e0 la pr\u00e9sidentielle de 2010, de devenir la deuxi\u00e8me force politique du pays, tout en \u00e9tant l\u2019une des raisons de la crise et de la division du Fpi , partag\u00e9 d&#8217;une part entre partisans du boycott des institutions et du jeu politique tant que le pr\u00e9sident Gbagbo \u00e9tait \u00e0 la Haye, et d&#8217;autre part ceux qui n\u2019\u00e9taient pas d\u2019accord avec le boycott, et qui estimaient qu&#8217;il fallait continuer la lutte en restant dans le jeu politique et institutionnel. Aujourd&#8217;hui encore, n&#8217;est-ce pas la m\u00eame chose : pas d&#8217;\u00e9lection pr\u00e9sidentielle pour le PPACI sans Laurent Gbagbo candidat ou sur la liste \u00e9lectorale. Pourtant le pr\u00e9sident Laurent Gbagbo dont l&#8217;absence sur la liste \u00e9lectorale date de 2020, avait son camp participer aux l\u00e9gislatives de 2021, puis aux r\u00e9gionales de 2023 sans qu&#8217;il puisse lui-m\u00eame voter.<\/p>\n<p>Il reste \u00e0 l\u2019opposition dite significative environ 18 jours jusqu\u2019\u00e0 la cl\u00f4ture des candidatures pour faire le choix clair de refuser le d\u00e9sordre, malgr\u00e9 un sentiment d\u2019injustice. Le choix de la maturit\u00e9 et de la responsabilit\u00e9. Le sentiment d\u2019injustice et la frustration ressentie peuvent \u00eatre compr\u00e9hensibles, m\u00eame si cela n\u2019emporte pas unanimit\u00e9. Mais une injustice est-elle une raison suffisante pour fragiliser la paix, pour pr\u00e9f\u00e9rer le d\u00e9sordre , le boycott , l\u2019insurrection , le coup d\u2019\u00c9tat ? Plus que jamais la paix d\u00e9pend de l&#8217;opposition, du gouvernement , mais aussi de tous les ivoiriens et de toutes les ivoiriennes !<\/p>\n<p><strong>Bonne f\u00eate de l\u2019ind\u00e9pendance \u00e0 toutes et \u00e0 tous. Vive la C\u00f4te d\u2019Ivoire en paix !<\/strong><\/p>\n","protected":false},"excerpt":{"rendered":"<p>Ind\u00e9pendance, Houphou\u00ebt, Ouattara, Gbagbo, Thiam , injustice, d\u00e9sordre et choix de la paix Le 65\u1d49anniversaire de l\u2019ind\u00e9pendance de la C\u00f4te d\u2019Ivoire, c\u00e9l\u00e9br\u00e9 \u00e0 Bouak\u00e9 le 7 ao\u00fbt 2025, a d\u00e9livr\u00e9 un message limpide : les Ivoiriens veulent la paix, et ils croient encore en leur Nation, malgr\u00e9 les \u00e9preuves que chaque g\u00e9n\u00e9ration a connues depuis [&hellip;]<\/p>\n","protected":false},"author":4,"featured_media":39723,"comment_status":"closed","ping_status":"closed","sticky":false,"template":"","format":"standard","meta":{"_monsterinsights_skip_tracking":false,"_monsterinsights_sitenote_active":false,"_monsterinsights_sitenote_note":"","_monsterinsights_sitenote_category":0,"footnotes":""},"categories":[2,17],"tags":[77,655,624],"class_list":["post-39722","post","type-post","status-publish","format-standard","has-post-thumbnail","hentry","category-featured","category-politique","tag-cote-divoire","tag-paix","tag-wakili-alafe"],"_links":{"self":[{"href":"https:\/\/www.lintelligentdabidjan.info\/news\/wp-json\/wp\/v2\/posts\/39722","targetHints":{"allow":["GET"]}}],"collection":[{"href":"https:\/\/www.lintelligentdabidjan.info\/news\/wp-json\/wp\/v2\/posts"}],"about":[{"href":"https:\/\/www.lintelligentdabidjan.info\/news\/wp-json\/wp\/v2\/types\/post"}],"author":[{"embeddable":true,"href":"https:\/\/www.lintelligentdabidjan.info\/news\/wp-json\/wp\/v2\/users\/4"}],"replies":[{"embeddable":true,"href":"https:\/\/www.lintelligentdabidjan.info\/news\/wp-json\/wp\/v2\/comments?post=39722"}],"version-history":[{"count":1,"href":"https:\/\/www.lintelligentdabidjan.info\/news\/wp-json\/wp\/v2\/posts\/39722\/revisions"}],"predecessor-version":[{"id":39724,"href":"https:\/\/www.lintelligentdabidjan.info\/news\/wp-json\/wp\/v2\/posts\/39722\/revisions\/39724"}],"wp:featuredmedia":[{"embeddable":true,"href":"https:\/\/www.lintelligentdabidjan.info\/news\/wp-json\/wp\/v2\/media\/39723"}],"wp:attachment":[{"href":"https:\/\/www.lintelligentdabidjan.info\/news\/wp-json\/wp\/v2\/media?parent=39722"}],"wp:term":[{"taxonomy":"category","embeddable":true,"href":"https:\/\/www.lintelligentdabidjan.info\/news\/wp-json\/wp\/v2\/categories?post=39722"},{"taxonomy":"post_tag","embeddable":true,"href":"https:\/\/www.lintelligentdabidjan.info\/news\/wp-json\/wp\/v2\/tags?post=39722"}],"curies":[{"name":"wp","href":"https:\/\/api.w.org\/{rel}","templated":true}]}}