{"id":39738,"date":"2025-08-18T07:27:24","date_gmt":"2025-08-18T05:27:24","guid":{"rendered":"https:\/\/www.lintelligentdabidjan.info\/news\/?p=39738"},"modified":"2025-08-18T07:27:37","modified_gmt":"2025-08-18T05:27:37","slug":"prise-en-charge-des-victimes-des-accidents-de-la-route-le-fga-ouvre-trois-nouveaux-bureaux-a-odienne-duekoue-et-daloa","status":"publish","type":"post","link":"https:\/\/www.lintelligentdabidjan.info\/news\/prise-en-charge-des-victimes-des-accidents-de-la-route-le-fga-ouvre-trois-nouveaux-bureaux-a-odienne-duekoue-et-daloa\/","title":{"rendered":"Prise en charge des victimes des accidents de la route &#8211;   Le FGA ouvre trois nouveaux bureaux \u00e0 Odienn\u00e9, Duekou\u00e9 et Daloa"},"content":{"rendered":"<p><em><strong>Le Fonds de Garantie Automobile (FGA) poursuit l\u2019extension de son dispositif de prise en charge des victimes d\u2019accidents de la circulation en C\u00f4te d\u2019Ivoire. <\/strong><\/em><\/p>\n<p>Dans le cadre de sa mission de solidarit\u00e9 nationale, l\u2019institution a ouvert trois nouveaux bureaux \u00e0 Odienn\u00e9, Du\u00e9kou\u00e9 et Daloa, respectivement les 11, 13 et 14 ao\u00fbt 2025. Ces structures sont implant\u00e9es directement au sein des \u00c9tablissements Publics Hospitaliers R\u00e9gionaux (EPHR) de chaque localit\u00e9.<\/p>\n<p>\u00c0 l\u2019issue de cette mission, le directeur g\u00e9n\u00e9ral du FGA, Ma\u00efzan Koffi No\u00ebl, a exprim\u00e9 sa satisfaction. \u00ab C\u2019est un sentiment de fiert\u00e9 qui m\u2019anime. La volont\u00e9 de l\u2019\u00c9tat est de ne laisser aucun citoyen victime d\u2019accident pour compte. Nous devons nous d\u00e9ployer sur l\u2019ensemble du territoire pour r\u00e9pondre aux attentes des populations \u00bb, a-t-il d\u00e9clar\u00e9, tout en appelant \u00e0 plus de responsabilit\u00e9 sur les routes.<\/p>\n<p>Pour Dr Ab\u00e9 Rodrigue Pierre-Fourrier, directeur de l\u2019EPHR de Daloa, ce rapprochement constitue un v\u00e9ritable soulagement pour les victimes comme pour le personnel m\u00e9dical.<\/p>\n<p>\u00ab Ce bureau est une \u00e9pine en moins pour nos \u00e9quipes. L\u2019h\u00f4pital, dans son r\u00f4le social, prend r\u00e9guli\u00e8rement en charge les frais m\u00e9dicaux de victimes sans ressources, ce qui repr\u00e9sente un co\u00fbt annuel \u00e9norme. L\u2019arriv\u00e9e du FGA est une bouff\u00e9e d\u2019oxyg\u00e8ne \u00bb, a-t-il soulign\u00e9.<\/p>\n<p>Ces trois nouvelles implantations strat\u00e9giques viennent r\u00e9pondre \u00e0 l\u2019urgence li\u00e9e aux accidents enregistr\u00e9s sur deux axes routiers majeurs, les nationales A6 et A7, particuli\u00e8rement accidentog\u00e8nes. Selon les donn\u00e9es locales, l\u2019EPHR d\u2019Odienn\u00e9 a accueilli 155 victimes d\u2019accidents au cours des trois derniers mois. \u00c0 Du\u00e9kou\u00e9, 879 cas ont \u00e9t\u00e9 enregistr\u00e9s entre le 1er janvier et le 12 ao\u00fbt 2025.<\/p>\n<p>Avec ces ouvertures, le FGA compte d\u00e9sormais 14 bureaux op\u00e9rationnels \u00e0 travers le pays. Quatre autres verront le jour d\u2019ici la fin de l\u2019ann\u00e9e dans les EPHR d\u2019Abengourou, Aboisso, Ferkess\u00e9dougou et Bouna.<\/p>\n<p><strong>Ibrahim Khalil <\/strong><\/p>\n","protected":false},"excerpt":{"rendered":"<p>Le Fonds de Garantie Automobile (FGA) poursuit l\u2019extension de son dispositif de prise en charge des victimes d\u2019accidents de la circulation en C\u00f4te d\u2019Ivoire. Dans le cadre de sa mission de solidarit\u00e9 nationale, l\u2019institution a ouvert trois nouveaux bureaux \u00e0 Odienn\u00e9, Du\u00e9kou\u00e9 et Daloa, respectivement les 11, 13 et 14 ao\u00fbt 2025. Ces structures sont [&hellip;]<\/p>\n","protected":false},"author":4,"featured_media":39739,"comment_status":"closed","ping_status":"closed","sticky":false,"template":"","format":"standard","meta":{"_monsterinsights_skip_tracking":false,"_monsterinsights_sitenote_active":false,"_monsterinsights_sitenote_note":"","_monsterinsights_sitenote_category":0,"footnotes":""},"categories":[2,3],"tags":[105,881,234,5974],"class_list":["post-39738","post","type-post","status-publish","format-standard","has-post-thumbnail","hentry","category-featured","category-societe","tag-daloa","tag-duekoue","tag-odienne","tag-prise-en-charge-des-victimes-des-accide-bureaux"],"_links":{"self":[{"href":"https:\/\/www.lintelligentdabidjan.info\/news\/wp-json\/wp\/v2\/posts\/39738","targetHints":{"allow":["GET"]}}],"collection":[{"href":"https:\/\/www.lintelligentdabidjan.info\/news\/wp-json\/wp\/v2\/posts"}],"about":[{"href":"https:\/\/www.lintelligentdabidjan.info\/news\/wp-json\/wp\/v2\/types\/post"}],"author":[{"embeddable":true,"href":"https:\/\/www.lintelligentdabidjan.info\/news\/wp-json\/wp\/v2\/users\/4"}],"replies":[{"embeddable":true,"href":"https:\/\/www.lintelligentdabidjan.info\/news\/wp-json\/wp\/v2\/comments?post=39738"}],"version-history":[{"count":1,"href":"https:\/\/www.lintelligentdabidjan.info\/news\/wp-json\/wp\/v2\/posts\/39738\/revisions"}],"predecessor-version":[{"id":39740,"href":"https:\/\/www.lintelligentdabidjan.info\/news\/wp-json\/wp\/v2\/posts\/39738\/revisions\/39740"}],"wp:featuredmedia":[{"embeddable":true,"href":"https:\/\/www.lintelligentdabidjan.info\/news\/wp-json\/wp\/v2\/media\/39739"}],"wp:attachment":[{"href":"https:\/\/www.lintelligentdabidjan.info\/news\/wp-json\/wp\/v2\/media?parent=39738"}],"wp:term":[{"taxonomy":"category","embeddable":true,"href":"https:\/\/www.lintelligentdabidjan.info\/news\/wp-json\/wp\/v2\/categories?post=39738"},{"taxonomy":"post_tag","embeddable":true,"href":"https:\/\/www.lintelligentdabidjan.info\/news\/wp-json\/wp\/v2\/tags?post=39738"}],"curies":[{"name":"wp","href":"https:\/\/api.w.org\/{rel}","templated":true}]}}