{"id":39741,"date":"2025-08-18T07:30:45","date_gmt":"2025-08-18T05:30:45","guid":{"rendered":"https:\/\/www.lintelligentdabidjan.info\/news\/?p=39741"},"modified":"2025-08-18T07:30:51","modified_gmt":"2025-08-18T05:30:51","slug":"bouake-journee-de-la-jeunesse-le-prefet-de-police-appelle-la-population-a-renforcer-sa-collaboration-avec-la-police","status":"publish","type":"post","link":"https:\/\/www.lintelligentdabidjan.info\/news\/bouake-journee-de-la-jeunesse-le-prefet-de-police-appelle-la-population-a-renforcer-sa-collaboration-avec-la-police\/","title":{"rendered":"Bouak\u00e9-Journ\u00e9e de la Jeunesse:   Le pr\u00e9fet de police  appelle la population \u00e0 renforcer sa collaboration avec la police"},"content":{"rendered":"<p><em><strong>\u00c0 l\u2019occasion de la Journ\u00e9e internationale de la jeunesse, c\u00e9l\u00e9br\u00e9e chaque 12 ao\u00fbt, la coordination r\u00e9gionale du R\u00e9seau Ivoirien des Leaders (RIL) de Bouak\u00e9 a organis\u00e9, le vendredi 15 ao\u00fbt 2025, une conf\u00e9rence autour du th\u00e8me : \u00ab Jeunesse et police de proximit\u00e9 : un partenariat s\u00fbr pour une s\u00e9curit\u00e9 durable \u00bb. L\u2019\u00e9v\u00e9nement s\u2019est tenu dans les locaux de l\u2019ancienne EECI de Bouak\u00e9, en pr\u00e9sence de plusieurs acteurs de la soci\u00e9t\u00e9 civile et de repr\u00e9sentants des forces de l\u2019ordre.<\/strong><\/em><\/p>\n<p>Cette initiative visait \u00e0 sensibiliser les jeunes sur l\u2019importance de la collaboration entre la population et la police, en particulier \u00e0 travers le concept de police de proximit\u00e9. <\/p>\n<p><strong>La police appelle \u00e0 la vigilance citoyenne<\/strong><\/p>\n<p>Le pr\u00e9fet de police de Bouak\u00e9, Mobio Maxime, principal conf\u00e9rencier de la journ\u00e9e, a insist\u00e9 sur la n\u00e9cessit\u00e9 pour les citoyens de jouer un r\u00f4le actif dans la pr\u00e9vention des actes d\u00e9lictueux. Il a encourag\u00e9 les jeunes \u00e0 signaler tout comportement suspect, tout en insistant sur la discr\u00e9tion dans la d\u00e9marche.<\/p>\n<p>\u00ab Mettez l\u2019accent sur la d\u00e9nonciation, mais surtout faites-le en toute discr\u00e9tion. Des messages anonymes peuvent suffire. Aujourd\u2019hui, ce sont vos attentes qui guident les actions de la police \u00bb, a-t-il pr\u00e9cis\u00e9.<\/p>\n<p>Le pr\u00e9fet a \u00e9galement mis en garde contre les influences n\u00e9fastes et les actes de radicalisation : \u00ab Ne vous laissez pas berner par ceux que vous consid\u00e9rez comme bienfaiteurs. Le terrorisme est \u00e0 nos portes. La vigilance est de mise. \u00bb<\/p>\n<p>Il a soulign\u00e9 que malgr\u00e9 les efforts en cours pour assurer la s\u00e9curit\u00e9, l\u2019implication citoyenne reste essentielle.<\/p>\n<p><strong>La jeunesse appel\u00e9e \u00e0 devenir des relais communautaire<\/strong><\/p>\n<p>Selon Soro Youssouf, coordinateur r\u00e9gional du RIL \u00e0 Bouak\u00e9, l\u2019objectif est de renforcer le lien entre civils et forces de l\u2019ordre pour garantir une meilleure s\u00e9curit\u00e9 dans les communaut\u00e9s.<\/p>\n<p> \u00ab En tant qu\u2019organisation \u0153uvrant pour la paix, la s\u00e9curit\u00e9 et la bonne gouvernance, nous avons jug\u00e9 utile de mener une action qui permettra \u00e0 la jeunesse de mieux comprendre les principes de la police de proximit\u00e9, un concept encore peu connu du grand public \u00bb, a-t-il expliqu\u00e9. Soro Youssouf a lanc\u00e9 un appel  \u00e0 l\u2019endroit des jeunes participants, les invitant \u00e0 devenir des relais actifs dans leurs communaut\u00e9s respectives. \u00ab La s\u00e9curit\u00e9 est l\u2019affaire de tous. Nous encourageons la jeunesse \u00e0 s\u2019engager pleinement, \u00e0 travers des actions concr\u00e8tes et en diffusant le message entendu ici autour d\u2019eux \u00bb, a-t-il d\u00e9clar\u00e9. \u00c0 l\u2019issue de la conf\u00e9rence, certains leaders d\u2019associations se sont r\u00e9jouis de cette opportunit\u00e9 d\u2019\u00e9changer directement avec les forces de l\u2019ordre.<\/p>\n<p>\u00ab C\u2019\u00e9tait une conf\u00e9rence tr\u00e8s enrichissante. Elle m\u2019a permis d\u2019obtenir de nombreuses informations utiles, notamment sur les comportements \u00e0 adopter pour assurer ma propre s\u00e9curit\u00e9 \u00bb, a t\u00e9moign\u00e9 Soro Tidjane, membre de la Jeune Chambre Internationale. Dans le but de renforcer cette coop\u00e9ration avec la police, des num\u00e9ros de t\u00e9l\u00e9phone ont \u00e9t\u00e9 remis aux participants. Ces outils visent \u00e0 faciliter les signalements de comportements suspects et \u00e0 consolider le lien entre la population et les forces de s\u00e9curit\u00e9.<\/p>\n<p><strong>Nambac\u00e9r\u00e9 Jo\u00ebl <\/strong><\/p>\n","protected":false},"excerpt":{"rendered":"<p>\u00c0 l\u2019occasion de la Journ\u00e9e internationale de la jeunesse, c\u00e9l\u00e9br\u00e9e chaque 12 ao\u00fbt, la coordination r\u00e9gionale du R\u00e9seau Ivoirien des Leaders (RIL) de Bouak\u00e9 a organis\u00e9, le vendredi 15 ao\u00fbt 2025, une conf\u00e9rence autour du th\u00e8me : \u00ab Jeunesse et police de proximit\u00e9 : un partenariat s\u00fbr pour une s\u00e9curit\u00e9 durable \u00bb. L\u2019\u00e9v\u00e9nement s\u2019est tenu [&hellip;]<\/p>\n","protected":false},"author":4,"featured_media":39742,"comment_status":"closed","ping_status":"closed","sticky":false,"template":"","format":"standard","meta":{"_monsterinsights_skip_tracking":false,"_monsterinsights_sitenote_active":false,"_monsterinsights_sitenote_note":"","_monsterinsights_sitenote_category":0,"footnotes":""},"categories":[2,3],"tags":[5975,3003,5109,3990],"class_list":["post-39741","post","type-post","status-publish","format-standard","has-post-thumbnail","hentry","category-featured","category-societe","tag-bouake-journee-de-lapopulation","tag-collaboration","tag-police","tag-renforcer"],"_links":{"self":[{"href":"https:\/\/www.lintelligentdabidjan.info\/news\/wp-json\/wp\/v2\/posts\/39741","targetHints":{"allow":["GET"]}}],"collection":[{"href":"https:\/\/www.lintelligentdabidjan.info\/news\/wp-json\/wp\/v2\/posts"}],"about":[{"href":"https:\/\/www.lintelligentdabidjan.info\/news\/wp-json\/wp\/v2\/types\/post"}],"author":[{"embeddable":true,"href":"https:\/\/www.lintelligentdabidjan.info\/news\/wp-json\/wp\/v2\/users\/4"}],"replies":[{"embeddable":true,"href":"https:\/\/www.lintelligentdabidjan.info\/news\/wp-json\/wp\/v2\/comments?post=39741"}],"version-history":[{"count":1,"href":"https:\/\/www.lintelligentdabidjan.info\/news\/wp-json\/wp\/v2\/posts\/39741\/revisions"}],"predecessor-version":[{"id":39743,"href":"https:\/\/www.lintelligentdabidjan.info\/news\/wp-json\/wp\/v2\/posts\/39741\/revisions\/39743"}],"wp:featuredmedia":[{"embeddable":true,"href":"https:\/\/www.lintelligentdabidjan.info\/news\/wp-json\/wp\/v2\/media\/39742"}],"wp:attachment":[{"href":"https:\/\/www.lintelligentdabidjan.info\/news\/wp-json\/wp\/v2\/media?parent=39741"}],"wp:term":[{"taxonomy":"category","embeddable":true,"href":"https:\/\/www.lintelligentdabidjan.info\/news\/wp-json\/wp\/v2\/categories?post=39741"},{"taxonomy":"post_tag","embeddable":true,"href":"https:\/\/www.lintelligentdabidjan.info\/news\/wp-json\/wp\/v2\/tags?post=39741"}],"curies":[{"name":"wp","href":"https:\/\/api.w.org\/{rel}","templated":true}]}}