{"id":39758,"date":"2025-08-19T02:45:30","date_gmt":"2025-08-19T00:45:30","guid":{"rendered":"https:\/\/www.lintelligentdabidjan.info\/news\/?p=39758"},"modified":"2025-08-19T02:45:30","modified_gmt":"2025-08-19T00:45:30","slug":"lintelligent-dabidjan-la-nouvelle-equipe-de-la-mutuelle-des-agents-presentee-au-dg-alafe-wakili","status":"publish","type":"post","link":"https:\/\/www.lintelligentdabidjan.info\/news\/lintelligent-dabidjan-la-nouvelle-equipe-de-la-mutuelle-des-agents-presentee-au-dg-alafe-wakili\/","title":{"rendered":"L\u2019Intelligent d\u2019Abidjan-  La nouvelle \u00e9quipe de la mutuelle des agents pr\u00e9sent\u00e9e au  DG Alaf\u00e9 Wakili"},"content":{"rendered":"<p><strong>La nouvelle \u00e9quipe de la mutuelle des agents de  L\u2019Intelligent d\u2019Abidjan pr\u00e9sent\u00e9e au  DG Alaf\u00e9 Wakili.<\/strong><\/p>\n<p>\u00c9lu le 14 juillet 2025, le nouveau pr\u00e9sident de la Mutuelle des agents de L\u2019Intelligent d\u2019Abidjan, Ariel Tchoukwam Philippe, et son bureau ex\u00e9cutif ont \u00e9t\u00e9 officiellement pr\u00e9sent\u00e9s, le lundi 18 ao\u00fbt 2025, au Directeur g\u00e9n\u00e9ral du groupe, M. Alaf\u00e9 Wakili au sein de l\u2019entreprise \u00e0 Cocody Riviera Palmeraie.<\/p>\n<p>Lors de cette rencontre, M. Alaf\u00e9 Wakili, Directeur g\u00e9n\u00e9ral de l\u2019entreprise et pr\u00e9sident d\u2019honneur de la mutuelle, a exprim\u00e9 toute sa reconnaissance et son soutien au pr\u00e9sident \u00e9lu. Il a r\u00e9affirm\u00e9 sa disponibilit\u00e9 \u00e0 accompagner l\u2019organisation, tout en lui souhaitant succ\u00e8s et long\u00e9vit\u00e9. Rappelant que la mutuelle avait d\u00e9j\u00e0 exist\u00e9 par le pass\u00e9 mais avait souffert de nombreux dysfonctionnements li\u00e9s \u00e0 sa gestion, il a invit\u00e9 les membres \u00e0 rester mobilis\u00e9s afin de soutenir efficacement leur pr\u00e9sident tout au long de son mandat.<\/p>\n<p>Pour sa part, Ariel Tchoukwam Philippe a traduit sa  gratitude au Directeur g\u00e9n\u00e9ral pour son appui constant, tout en promettant de hisser la mutuelle \u00e0 un niveau sup\u00e9rieur. Il a \u00e9galement pr\u00e9sent\u00e9 quelques axes de son programme de gouvernance, notamment la cr\u00e9ation d\u2019une rubrique baptis\u00e9e \u00ab Le Caf\u00e9 citoyen \u00bb. Cette initiative permettra \u00e0 la r\u00e9daction d\u2019accueillir divers invit\u00e9s pour \u00e9changer autour de l\u2019actualit\u00e9 et de th\u00e9matiques citoyennes.<\/p>\n<p>Le pr\u00e9sident de la mutuelle a, par ailleurs, annonc\u00e9 l\u2019organisation de tournois de football, ainsi qu\u2019une rencontre intitul\u00e9e \u00ab Les Amis de la Mutuelle \u00bb, en plus d\u2019autres activit\u00e9s visant \u00e0 renforcer la coh\u00e9sion entre les agents.<\/p>\n<p><strong>Mamadou Ouattara avec G\u00e9rard Batoua<\/strong><\/p>\n","protected":false},"excerpt":{"rendered":"<p>La nouvelle \u00e9quipe de la mutuelle des agents de L\u2019Intelligent d\u2019Abidjan pr\u00e9sent\u00e9e au DG Alaf\u00e9 Wakili. \u00c9lu le 14 juillet 2025, le nouveau pr\u00e9sident de la Mutuelle des agents de L\u2019Intelligent d\u2019Abidjan, Ariel Tchoukwam Philippe, et son bureau ex\u00e9cutif ont \u00e9t\u00e9 officiellement pr\u00e9sent\u00e9s, le lundi 18 ao\u00fbt 2025, au Directeur g\u00e9n\u00e9ral du groupe, M. Alaf\u00e9 [&hellip;]<\/p>\n","protected":false},"author":4,"featured_media":39759,"comment_status":"closed","ping_status":"closed","sticky":false,"template":"","format":"standard","meta":{"_monsterinsights_skip_tracking":false,"_monsterinsights_sitenote_active":false,"_monsterinsights_sitenote_note":"","_monsterinsights_sitenote_category":0,"footnotes":""},"categories":[2,3],"tags":[5981,364,5980],"class_list":["post-39758","post","type-post","status-publish","format-standard","has-post-thumbnail","hentry","category-featured","category-societe","tag-dg-alafe-wakili","tag-lintelligent-dabidjan","tag-mutuelle-des-agents"],"_links":{"self":[{"href":"https:\/\/www.lintelligentdabidjan.info\/news\/wp-json\/wp\/v2\/posts\/39758","targetHints":{"allow":["GET"]}}],"collection":[{"href":"https:\/\/www.lintelligentdabidjan.info\/news\/wp-json\/wp\/v2\/posts"}],"about":[{"href":"https:\/\/www.lintelligentdabidjan.info\/news\/wp-json\/wp\/v2\/types\/post"}],"author":[{"embeddable":true,"href":"https:\/\/www.lintelligentdabidjan.info\/news\/wp-json\/wp\/v2\/users\/4"}],"replies":[{"embeddable":true,"href":"https:\/\/www.lintelligentdabidjan.info\/news\/wp-json\/wp\/v2\/comments?post=39758"}],"version-history":[{"count":1,"href":"https:\/\/www.lintelligentdabidjan.info\/news\/wp-json\/wp\/v2\/posts\/39758\/revisions"}],"predecessor-version":[{"id":39760,"href":"https:\/\/www.lintelligentdabidjan.info\/news\/wp-json\/wp\/v2\/posts\/39758\/revisions\/39760"}],"wp:featuredmedia":[{"embeddable":true,"href":"https:\/\/www.lintelligentdabidjan.info\/news\/wp-json\/wp\/v2\/media\/39759"}],"wp:attachment":[{"href":"https:\/\/www.lintelligentdabidjan.info\/news\/wp-json\/wp\/v2\/media?parent=39758"}],"wp:term":[{"taxonomy":"category","embeddable":true,"href":"https:\/\/www.lintelligentdabidjan.info\/news\/wp-json\/wp\/v2\/categories?post=39758"},{"taxonomy":"post_tag","embeddable":true,"href":"https:\/\/www.lintelligentdabidjan.info\/news\/wp-json\/wp\/v2\/tags?post=39758"}],"curies":[{"name":"wp","href":"https:\/\/api.w.org\/{rel}","templated":true}]}}