{"id":39770,"date":"2025-08-20T07:01:51","date_gmt":"2025-08-20T05:01:51","guid":{"rendered":"https:\/\/www.lintelligentdabidjan.info\/news\/?p=39770"},"modified":"2025-08-20T07:01:56","modified_gmt":"2025-08-20T05:01:56","slug":"partenariat-strategique-lunicef-equipe-la-rti-de-materiels-audiovisuels","status":"publish","type":"post","link":"https:\/\/www.lintelligentdabidjan.info\/news\/partenariat-strategique-lunicef-equipe-la-rti-de-materiels-audiovisuels\/","title":{"rendered":"Partenariat strat\u00e9gique &#8211; L&#8217;Unicef \u00e9quipe la Rti de mat\u00e9riels audiovisuels"},"content":{"rendered":"<p><strong>Le Fonds des Nations Unies pour l&#8217;Enfance (Unicef) a offert un important don de mat\u00e9riels de production audiovisuelle \u00e0 la Radiodiffusion T\u00e9l\u00e9vision Ivoirienne (Rti), le mardi 19 ao\u00fbt 2025.<\/strong><\/p>\n<p>L&#8217;Unicef a marqu\u00e9 une nouvelle \u00e9tape de son partenariat strat\u00e9gique avec la Radiot\u00e9l\u00e9vision Ivoirienne (Rti) en proc\u00e9dant \u00e0 la remise d&#8217;un important don de mat\u00e9riel de production audiovisuelle. D&#8217;un co\u00fbt global de 45 322 000 francs Cfa, cet \u00e9quipement de production audiovisuelle vise \u00e0 concr\u00e9tiser l\u2019engagement pris lors de la signature de la Charte \u00c9thique des M\u00e9dias Audiovisuels en avril dernier. Le mat\u00e9riel est compos\u00e9 de 10 cam\u00e9ras professionnelles 4K pour une qualit\u00e9 d&#8217;image optimale, 10 ordinateurs Apple MacBook Pro M4 pour un montage vid\u00e9o et audio performant, 10 tr\u00e9pieds Manfrotto et 10 kits de lumi\u00e8re Neewer pour des conditions de tournage professionnelles, 10 kits audio et 10 cartes m\u00e9moire SanDisk de 2 To pour une capture et un stockage de donn\u00e9es fiables. Selon Jean-Fran\u00e7ois Basse, repr\u00e9sentant r\u00e9sident de l&#8217;Unicef en C\u00f4te d&#8217;Ivoire, ce don n&#8217;est pas un simple appui technique, mais un investissement direct dans la promotion du droit \u00e0 la participation des enfants, un principe fondamental de la Convention relative aux droits de l&#8217;enfant. \u00ab Les enfants ne sont pas de simples sujets passifs. Ils sont des citoyens, avec des voix, des opinions et des espoirs qui doivent \u00eatre entendus et respect\u00e9s. Ce mat\u00e9riel de derni\u00e8re g\u00e9n\u00e9ration est un outil pour faire de la Rti la tribune de ces voix souvent inaudibles \u00bb, a-t-il d\u00e9clar\u00e9. Il a encourag\u00e9 la Rti \u00e0 utiliser ces \u00e9quipements pour une couverture m\u00e9diatique qui refl\u00e8te fid\u00e8lement la vie des enfants ivoiriens, tout en mettant en lumi\u00e8re les progr\u00e8s r\u00e9alis\u00e9s. \u00ab Ces nouveaux outils permettront aux journalistes de terrain de capturer des r\u00e9cits authentiques et \u00e9mouvants, montrant comment des interventions en mati\u00e8re d&#8217;acc\u00e8s \u00e0 l&#8217;eau potable, de scolarisation des filles ou de soins de sant\u00e9 transforment concr\u00e8tement les communaut\u00e9s. La Rti a la capacit\u00e9 unique de sensibiliser le grand public aux d\u00e9fis et aux succ\u00e8s, de mani\u00e8re \u00e0 susciter une action collective en faveur des plus vuln\u00e9rables \u00bb, a ajout\u00e9 Jean-Fran\u00e7ois Basse. Martial Adou, directeur g\u00e9n\u00e9ral de la Rti, a traduit sa gratitude \u00e0  l&#8217;Unicef pour ce soutien. Il a r\u00e9affirm\u00e9 l&#8217;engagement de la cha\u00eene \u00e0 mettre en pratique les principes de la Charte \u00c9thique et \u00e0 utiliser ce mat\u00e9riel pour une couverture m\u00e9diatique plus respectueuse et plus engag\u00e9e en faveur des droits de l&#8217;enfant. \u00ab Ce don renforce notre capacit\u00e9 \u00e0 \u00eatre un acteur cl\u00e9 dans la promotion d\u2019une soci\u00e9t\u00e9 ivoirienne o\u00f9 chaque enfant est prot\u00e9g\u00e9, valoris\u00e9 et peut s\u2019exprimer en toute dignit\u00e9 \u00bb, a-t-il soulign\u00e9.<\/p>\n<p> <strong>Tour\u00e9 Abdoulaye avec A Traor\u00e9 <\/strong><\/p>\n","protected":false},"excerpt":{"rendered":"<p>Le Fonds des Nations Unies pour l&#8217;Enfance (Unicef) a offert un important don de mat\u00e9riels de production audiovisuelle \u00e0 la Radiodiffusion T\u00e9l\u00e9vision Ivoirienne (Rti), le mardi 19 ao\u00fbt 2025. L&#8217;Unicef a marqu\u00e9 une nouvelle \u00e9tape de son partenariat strat\u00e9gique avec la Radiot\u00e9l\u00e9vision Ivoirienne (Rti) en proc\u00e9dant \u00e0 la remise d&#8217;un important don de mat\u00e9riel de [&hellip;]<\/p>\n","protected":false},"author":4,"featured_media":39771,"comment_status":"closed","ping_status":"closed","sticky":false,"template":"","format":"standard","meta":{"_monsterinsights_skip_tracking":false,"_monsterinsights_sitenote_active":false,"_monsterinsights_sitenote_note":"","_monsterinsights_sitenote_category":0,"footnotes":""},"categories":[2,3],"tags":[5987,5450,5186,5986,434],"class_list":["post-39770","post","type-post","status-publish","format-standard","has-post-thumbnail","hentry","category-featured","category-societe","tag-audiovisuels","tag-lunicef","tag-materiels","tag-partenariat-strategique","tag-rti"],"_links":{"self":[{"href":"https:\/\/www.lintelligentdabidjan.info\/news\/wp-json\/wp\/v2\/posts\/39770","targetHints":{"allow":["GET"]}}],"collection":[{"href":"https:\/\/www.lintelligentdabidjan.info\/news\/wp-json\/wp\/v2\/posts"}],"about":[{"href":"https:\/\/www.lintelligentdabidjan.info\/news\/wp-json\/wp\/v2\/types\/post"}],"author":[{"embeddable":true,"href":"https:\/\/www.lintelligentdabidjan.info\/news\/wp-json\/wp\/v2\/users\/4"}],"replies":[{"embeddable":true,"href":"https:\/\/www.lintelligentdabidjan.info\/news\/wp-json\/wp\/v2\/comments?post=39770"}],"version-history":[{"count":1,"href":"https:\/\/www.lintelligentdabidjan.info\/news\/wp-json\/wp\/v2\/posts\/39770\/revisions"}],"predecessor-version":[{"id":39772,"href":"https:\/\/www.lintelligentdabidjan.info\/news\/wp-json\/wp\/v2\/posts\/39770\/revisions\/39772"}],"wp:featuredmedia":[{"embeddable":true,"href":"https:\/\/www.lintelligentdabidjan.info\/news\/wp-json\/wp\/v2\/media\/39771"}],"wp:attachment":[{"href":"https:\/\/www.lintelligentdabidjan.info\/news\/wp-json\/wp\/v2\/media?parent=39770"}],"wp:term":[{"taxonomy":"category","embeddable":true,"href":"https:\/\/www.lintelligentdabidjan.info\/news\/wp-json\/wp\/v2\/categories?post=39770"},{"taxonomy":"post_tag","embeddable":true,"href":"https:\/\/www.lintelligentdabidjan.info\/news\/wp-json\/wp\/v2\/tags?post=39770"}],"curies":[{"name":"wp","href":"https:\/\/api.w.org\/{rel}","templated":true}]}}