{"id":39791,"date":"2025-08-20T18:55:48","date_gmt":"2025-08-20T16:55:48","guid":{"rendered":"https:\/\/www.lintelligentdabidjan.info\/news\/?p=39791"},"modified":"2025-08-20T19:11:14","modified_gmt":"2025-08-20T17:11:14","slug":"an-65-ans-de-la-cote-divoire-herve-patrick-amon-appelle-a-la-responsabilite","status":"publish","type":"post","link":"https:\/\/www.lintelligentdabidjan.info\/news\/an-65-ans-de-la-cote-divoire-herve-patrick-amon-appelle-a-la-responsabilite\/","title":{"rendered":"An 65 ans de la C\u00f4te d\u2019Ivoire : Herv\u00e9 Patrick Amon  appelle \u00e0 la responsabilit\u00e9"},"content":{"rendered":"<p><strong>Au lendemain du 65\u1d49 anniversaire de l\u2019ind\u00e9pendance, Herv\u00e9 Patrick Amon appelle les Ivoiriens \u00e0 d\u00e9passer les querelles politiques et \u00e0 s\u2019investir dans la construction d\u2019un pays fort et prosp\u00e8re.<\/strong><\/p>\n<p>Ch\u00e8res s\u0153urs et chers fr\u00e8res,<\/p>\n<p>Nous sortons fra\u00eechement de la c\u00e9l\u00e9bration du 65\u00e8me anniversaire d\u2019ind\u00e9pendance de notre cher pays, la C\u00f4te d\u2019Ivoire.<\/p>\n<p>Je ne saurai imaginer pour chacun d\u2019entre vous, votre ressenti sur cette c\u00e9r\u00e9monie. Pour ma part, un sentiment de fiert\u00e9 d\u2019\u00eatre ivoirien et de reconnaissance au Pr\u00e9sident de la R\u00e9publique, SEM Alassane Ouattara ainsi qu\u2019\u00e0 son \u00e9pouse, Mme Dominique Ouattara, au Premier Ministre, au Ministre d\u2019\u00c9tat Ministre de la D\u00e9fense, \u00e0 tout le gouvernement et \u00e0 chaque ivoirien.<\/p>\n<p>Beaucoup de d\u00e9bats animent ces temps-ci notre pays et en tant que citoyen concern\u00e9, j\u2019aimerais apporter ma petite contribution qui j\u2019esp\u00e8re pourra permettre \u00e0 chacun d\u2019entre nous de prendre du recul pour une meilleure analyse \u00e0 l\u2019\u00e9volution de notre beau pays, la C\u00f4te d\u2019Ivoire.<\/p>\n<p>Tout d\u2019abord, nous devons savoir que l\u2019histoire d\u2019un pays, c\u2019est un homme avec une vision.<\/p>\n<p>Permettez-moi de faire une br\u00e8ve pr\u00e9sentation d\u2019une ville de r\u00e9f\u00e9rence mondiale, qui attire des visiteurs chaque ann\u00e9e, par le monde et que nous connaissons parfaitement en tant qu\u2019ivoiriens.<br \/>\nParis, ville fran\u00e7aise dont l\u2019histoire remonte la fondation autour de l\u2019an 259 avant J-C, par la petite tribu des Parisii sur la rive droite de la Seine.<\/p>\n<p>Ce premier peuple de p\u00e9cheurs tomba entre les mains des Romains qui fond\u00e8rent la ville de Lut\u00e8ce en l\u2019an 52 avant J-C. La ville ne prendra le nom de Paris qu\u2019au IV\u00e8me si\u00e8cle.<\/p>\n<p>Si nous faisons un retour de deux si\u00e8cles en arri\u00e8re \u00e0 nos jours, pour d\u00e9marrer autour de 1850, Paris avait de gros probl\u00e8mes d\u2019insalubrit\u00e9, de congestion, de manque d\u2019espaces verts ; c\u2019\u00e9tait une ville sombre, un labyrinthe.<\/p>\n<p>Lorsqu\u2019un homme, Napol\u00e9on III, nomma en 1853, le Baron Haussmann pour ex\u00e9cuter des travaux dans Paris, tels que de larges avenues pour faciliter la circulation en centre-ville, cinq gares et la r\u00e9novation de nombreux monuments.<\/p>\n<p>Les r\u00e9seaux d\u2019\u00e9gout et d\u2019eau potable se d\u00e9veloppent, des parcs, des bois et les Halles sont cr\u00e9\u00e9s.<\/p>\n<p>Le Baron Haussmann fit d\u00e9truire des quartiers entiers pour ouvrir de nouveaux axes afin d\u2019embellir la capitale et faciliter la circulation.<\/p>\n<p>Paris se vide des classes populaires avec des manifestations, des \u00e9meutes pour contester et pendant ce temps, de nombreuses personnes accourraient pour avoir du travail.<br \/>\nNous connaissons Paris aujourd\u2019hui, qui attire \u00e9norm\u00e9ment de touristes, d\u2019investisseurs et la ville continue de s\u2019embellir de nos jours.<\/p>\n<p>Je suis du RHDP, parti au pouvoir, mais je vous parle avec le c\u0153ur et en toute fraternit\u00e9, nous pouvons \u00eatre contre certaines choses, car nous avons choisi la d\u00e9mocratie, mais cela ne nous emp\u00eache gu\u00e8re de reconnaitre le travail abattu par le Pr\u00e9sident de la R\u00e9publique SEM Alassane Ouattara et qu\u2019il continue d\u2019abattre avec son gouvernement.<\/p>\n<p>Certaines personnes et hommes politiques peuvent critiquer, car ils sont dans leurs r\u00f4les, mais nous, citoyens de ce beau pays, devrions sortir de ce type de raisonnements et contribuer pleinement au d\u00e9veloppement de ce pays, autour d\u2019un homme qui a une vision pour la C\u00f4te d\u2019Ivoire.<\/p>\n<p>Nous devons entreprendre, car c\u2019est le secteur priv\u00e9 qui accompagne le d\u00e9veloppement d\u2019un pays.<br \/>\nNous devons postuler et passer les concours pour la fonction publique. Nous devons int\u00e9grer l\u2019enseignement professionnel, nous int\u00e9resser \u00e0 l\u2019agriculture, \u00e0 l\u2019\u00e9levage etc.<br \/>\nNous devons nous \u00e9loigner des pr\u00e9jug\u00e9s, des informations erron\u00e9es, nous ouvrir aux autres afin de se cr\u00e9er plus d\u2019opportunit\u00e9s.<\/p>\n<p>\u01eaue nous soyons dipl\u00f4m\u00e9s ou non, ne restons pas au ch\u00f4mage \u00e0 errer, \u00e0 perdre du temps sur les r\u00e9seaux sociaux, retournons \u00e0 la terre, frappons aux portes des entreprises de BTP et autres.<br \/>\nFormons-nous sur le tas et surtout concentrons-nous sur nos objectifs pour rendre fiers nos parents.<br \/>\n\u00c9loignons-nous de l\u2019emprise de ces gens qui sont contre notre \u00e9panouissement et qui selon eux, ont la solution magique.<\/p>\n<p>Je vous informe mes fr\u00e8res et s\u0153urs que jusqu\u2019en 1985, la C\u00f4te d\u2019Ivoire avait d\u00e9j\u00e0 la t\u00e9l\u00e9vision en couleur, alors que la Chine n\u2019avait m\u00eame pas de toilettes pour ses habitants. Je vous laisse imaginer comment chaque habitant faisait. Ils ne mangeaient que des v\u00e9g\u00e9taux, ils ne connaissaient m\u00eame pas la viande. Nous connaissons tous la suite de nos jours.<\/p>\n<p>Une \u00e9lection, qu\u2019elle soit pr\u00e9sidentielle ou non et dans n\u2019importe quel pays au monde, n\u2019a jamais \u00e9t\u00e9 inclusive. Elle est toujours exclusive par son code, aux individus du pays et non aux partis politiques de ce pays.<br \/>\nJe me r\u00e9jouis de ce que certaines prises de parole et commentaires reconnaissent la d\u00e9mocratie dans notre pays, depuis un certain 9 ao\u00fbt 2025. Cette reconnaissance va droit \u00e0 SEM Alassane Ouattara, Pr\u00e9sident de la R\u00e9publique, Chef des Arm\u00e9es, pour le travail exceptionnel men\u00e9 \u00e0 la t\u00eate de notre pays la C\u00f4te d\u2019Ivoire. Un pays est fort d\u2019abord par la puissance de sa force de d\u00e9fense et de s\u00e9curit\u00e9.<\/p>\n<p>Ce qui m\u2019emm\u00e8ne \u00e0 f\u00e9liciter SEM Alassane Ouattara, \u00e0 l\u2019annonce de sa candidature \u00e0 l\u2019\u00e9lection pr\u00e9sidentielle d\u2019octobre prochain.<br \/>\nLe d\u00e9fi est tellement \u00e9norme qu\u2019il ne laisse aucune place \u00e0 l\u2019inexp\u00e9rience. Nous faisons fronti\u00e8re aujourd\u2019hui avec le terrorisme et la C\u00f4te d\u2019Ivoire, en tant que hub de l\u2019Afrique de l\u2019Ouest, \u00e0 plus que jamais besoin d\u2019un Pr\u00e9sident de la R\u00e9publique fort, puissant, travailleur et qui rassure tant les partenaires locaux qu\u2019internationaux ; ce que nous avons.<\/p>\n<p>La C\u00f4te d\u2019Ivoire est en plein d\u00e9veloppement que ce soit sur le plan des infrastructures, de l\u2019\u00e9ducation, de l\u2019enseignement sup\u00e9rieur et professionnel, de l\u2019agriculture, du tourisme, du num\u00e9rique et de l\u2019innovation, de la formation de la jeunesse et de son insertion, de la culture et j\u2019en passe. Nous devons grimper tous dans ce train avec un homme qui a une vision et qui est aux commandes actuellement. En ayant en t\u00eate que nous le faisons pour nous-m\u00eames, nos familles et pour notre pays la C\u00f4te d\u2019Ivoire.<\/p>\n<p>J\u2019ai dit\u2026<\/p>\n<p><strong>Herv\u00e9 Patrick Amon Chef d\u2019Entreprise Cadre du RHDP<br \/>\nConseiller R\u00e9gional de l\u2019Indeni\u00e9-Djuablin<br \/>\nPr\u00e9sident de la commission relation ext\u00e9rieur et de la coop\u00e9ration Du Conseil R\u00e9gional de l\u2019Indeni\u00e9-Djuablin<\/strong><\/p>\n<p>NB :le titre et le chapeau de la r\u00e9daction<\/p>\n","protected":false},"excerpt":{"rendered":"<p>Au lendemain du 65\u1d49 anniversaire de l\u2019ind\u00e9pendance, Herv\u00e9 Patrick Amon appelle les Ivoiriens \u00e0 d\u00e9passer les querelles politiques et \u00e0 s\u2019investir dans la construction d\u2019un pays fort et prosp\u00e8re. Ch\u00e8res s\u0153urs et chers fr\u00e8res, Nous sortons fra\u00eechement de la c\u00e9l\u00e9bration du 65\u00e8me anniversaire d\u2019ind\u00e9pendance de notre cher pays, la C\u00f4te d\u2019Ivoire. Je ne saurai imaginer [&hellip;]<\/p>\n","protected":false},"author":4,"featured_media":39792,"comment_status":"closed","ping_status":"closed","sticky":false,"template":"","format":"standard","meta":{"footnotes":""},"categories":[2,17],"tags":[],"class_list":["post-39791","post","type-post","status-publish","format-standard","has-post-thumbnail","hentry","category-featured","category-politique"],"_links":{"self":[{"href":"https:\/\/www.lintelligentdabidjan.info\/news\/wp-json\/wp\/v2\/posts\/39791","targetHints":{"allow":["GET"]}}],"collection":[{"href":"https:\/\/www.lintelligentdabidjan.info\/news\/wp-json\/wp\/v2\/posts"}],"about":[{"href":"https:\/\/www.lintelligentdabidjan.info\/news\/wp-json\/wp\/v2\/types\/post"}],"author":[{"embeddable":true,"href":"https:\/\/www.lintelligentdabidjan.info\/news\/wp-json\/wp\/v2\/users\/4"}],"replies":[{"embeddable":true,"href":"https:\/\/www.lintelligentdabidjan.info\/news\/wp-json\/wp\/v2\/comments?post=39791"}],"version-history":[{"count":3,"href":"https:\/\/www.lintelligentdabidjan.info\/news\/wp-json\/wp\/v2\/posts\/39791\/revisions"}],"predecessor-version":[{"id":39795,"href":"https:\/\/www.lintelligentdabidjan.info\/news\/wp-json\/wp\/v2\/posts\/39791\/revisions\/39795"}],"wp:featuredmedia":[{"embeddable":true,"href":"https:\/\/www.lintelligentdabidjan.info\/news\/wp-json\/wp\/v2\/media\/39792"}],"wp:attachment":[{"href":"https:\/\/www.lintelligentdabidjan.info\/news\/wp-json\/wp\/v2\/media?parent=39791"}],"wp:term":[{"taxonomy":"category","embeddable":true,"href":"https:\/\/www.lintelligentdabidjan.info\/news\/wp-json\/wp\/v2\/categories?post=39791"},{"taxonomy":"post_tag","embeddable":true,"href":"https:\/\/www.lintelligentdabidjan.info\/news\/wp-json\/wp\/v2\/tags?post=39791"}],"curies":[{"name":"wp","href":"https:\/\/api.w.org\/{rel}","templated":true}]}}