{"id":39809,"date":"2025-08-22T07:24:48","date_gmt":"2025-08-22T05:24:48","guid":{"rendered":"https:\/\/www.lintelligentdabidjan.info\/news\/?p=39809"},"modified":"2025-08-22T07:32:31","modified_gmt":"2025-08-22T05:32:31","slug":"bouake-les-journalistes-offrent-un-nouveau-visage-a-deux-institutions-publiques","status":"publish","type":"post","link":"https:\/\/www.lintelligentdabidjan.info\/news\/bouake-les-journalistes-offrent-un-nouveau-visage-a-deux-institutions-publiques\/","title":{"rendered":"Bouak\u00e9-  Les journalistes offrent un nouveau visage \u00e0 deux institutions publiques"},"content":{"rendered":"<p><strong>L\u2019Union des journalistes et professionnels des m\u00e9dias de Bouak\u00e9 (UJB)   a proc\u00e9d\u00e9 le mercredi 20 ao\u00fbt 2025, \u00e0 la remise officielle des travaux de r\u00e9habilitation des fa\u00e7ades de deux \u00e9difices publics majeurs de la cit\u00e9 : l\u2019antenne r\u00e9gionale de l\u2019Institut d\u2019hygi\u00e8ne publique et l\u2019Institut Pierre Richet.<\/strong><\/p>\n<p>La c\u00e9r\u00e9monie s\u2019est tenue en pr\u00e9sence de plusieurs autorit\u00e9s administratives, coutumi\u00e8res et partenaires techniques. Tous ont salu\u00e9 cette action citoyenne de la presse locale, qui t\u00e9moigne de son implication au-del\u00e0 de sa mission traditionnelle d\u2019information.<\/p>\n<p>Repr\u00e9sentant le parrain de l\u2019\u00e9v\u00e9nement, le pr\u00e9sident du conseil d\u2019administration de l\u2019ONEP, Louis Kouakou-Habonoua, emp\u00each\u00e9, Lucien Kouam\u00e9 Kouam\u00e9 a exprim\u00e9 son admiration :<\/p>\n<p>\u00ab Pour nous, les journalistes ne savaient qu\u2019\u00e9crire, mais cette action citoyenne d\u00e9montre que vous \u00eates aussi des acteurs du d\u00e9veloppement \u00bb, a-t-il d\u00e9clar\u00e9, tout en remerciant les partenaires qui ont soutenu cette initiative.<\/p>\n<p><strong>L\u2019UJB, une presse actrice de d\u00e9veloppement<\/strong><\/p>\n<p>Le pr\u00e9sident de l\u2019UJB, Soro Korona, a exprim\u00e9 sa satisfaction de voir aboutir un projet m\u00fbri depuis huit mois : \u00ab Par toutes ces actions, nous voulons contribuer, \u00e0 notre humble niveau, au d\u00e9veloppement de Bouak\u00e9 \u00bb, a-t-il affirm\u00e9. Il a rappel\u00e9 que depuis trois ans, l\u2019Union se distingue par des actions concr\u00e8tes au service des populations : campagnes de reboisement, dons de vivres et de mat\u00e9riel aux plus vuln\u00e9rables, journ\u00e9es de salubrit\u00e9, ainsi que des appuis aux structures sanitaires. Dans cette dynamique, l\u2019UJB pr\u00e9voit une nouvelle initiative sociale le samedi 23 ao\u00fbt \u00e0 Kahankro Pr\u00e9pr\u00e9ssou. Le centre de sant\u00e9 du village communal recevra des m\u00e9dicaments de premi\u00e8re n\u00e9cessit\u00e9 ainsi que du mat\u00e9riel de salubrit\u00e9.<\/p>\n<p>Saluant cette continuit\u00e9, le repr\u00e9sentant du maire de Bouak\u00e9, Fofana Melomb\u00e9, a indiqu\u00e9 que ces initiatives s\u2019inscrivent parfaitement dans la vision du ministre-maire Amadou Kon\u00e9 pour un \u00ab Bouak\u00e9 Nouveau \u00bb. Le directeur de l\u2019Institut d\u2019hygi\u00e8ne publique a, pour sa part, f\u00e9licit\u00e9 l\u2019UJB pour sa constance et son implication dans la vie de la cit\u00e9.<\/p>\n<p>En marge de ces actions, l\u2019UJB pr\u00e9pare activement la 3\u1d49 \u00e9dition de sa \u00ab Nuit du m\u00e9rite \u00bb, pr\u00e9vue pour le 30 ao\u00fbt prochain. Ce rendez-vous annuel, devenu incontournable, r\u00e9compense les meilleures productions m\u00e9diatiques valorisant la vie quotidienne des populations et met en lumi\u00e8re les efforts des journalistes pour un d\u00e9veloppement inclusif et participatif.<\/p>\n<p><strong>Nambac\u00e9r\u00e9 Jo\u00ebl <\/strong><\/p>\n","protected":false},"excerpt":{"rendered":"<p>L\u2019Union des journalistes et professionnels des m\u00e9dias de Bouak\u00e9 (UJB) a proc\u00e9d\u00e9 le mercredi 20 ao\u00fbt 2025, \u00e0 la remise officielle des travaux de r\u00e9habilitation des fa\u00e7ades de deux \u00e9difices publics majeurs de la cit\u00e9 : l\u2019antenne r\u00e9gionale de l\u2019Institut d\u2019hygi\u00e8ne publique et l\u2019Institut Pierre Richet. La c\u00e9r\u00e9monie s\u2019est tenue en pr\u00e9sence de plusieurs autorit\u00e9s [&hellip;]<\/p>\n","protected":false},"author":4,"featured_media":39810,"comment_status":"closed","ping_status":"closed","sticky":false,"template":"","format":"standard","meta":{"_monsterinsights_skip_tracking":false,"_monsterinsights_sitenote_active":false,"_monsterinsights_sitenote_note":"","_monsterinsights_sitenote_category":0,"footnotes":""},"categories":[2,3],"tags":[125,6001,6000],"class_list":["post-39809","post","type-post","status-publish","format-standard","has-post-thumbnail","hentry","category-featured","category-societe","tag-bouake","tag-institutions-publiques","tag-les-journalistes"],"_links":{"self":[{"href":"https:\/\/www.lintelligentdabidjan.info\/news\/wp-json\/wp\/v2\/posts\/39809","targetHints":{"allow":["GET"]}}],"collection":[{"href":"https:\/\/www.lintelligentdabidjan.info\/news\/wp-json\/wp\/v2\/posts"}],"about":[{"href":"https:\/\/www.lintelligentdabidjan.info\/news\/wp-json\/wp\/v2\/types\/post"}],"author":[{"embeddable":true,"href":"https:\/\/www.lintelligentdabidjan.info\/news\/wp-json\/wp\/v2\/users\/4"}],"replies":[{"embeddable":true,"href":"https:\/\/www.lintelligentdabidjan.info\/news\/wp-json\/wp\/v2\/comments?post=39809"}],"version-history":[{"count":1,"href":"https:\/\/www.lintelligentdabidjan.info\/news\/wp-json\/wp\/v2\/posts\/39809\/revisions"}],"predecessor-version":[{"id":39811,"href":"https:\/\/www.lintelligentdabidjan.info\/news\/wp-json\/wp\/v2\/posts\/39809\/revisions\/39811"}],"wp:featuredmedia":[{"embeddable":true,"href":"https:\/\/www.lintelligentdabidjan.info\/news\/wp-json\/wp\/v2\/media\/39810"}],"wp:attachment":[{"href":"https:\/\/www.lintelligentdabidjan.info\/news\/wp-json\/wp\/v2\/media?parent=39809"}],"wp:term":[{"taxonomy":"category","embeddable":true,"href":"https:\/\/www.lintelligentdabidjan.info\/news\/wp-json\/wp\/v2\/categories?post=39809"},{"taxonomy":"post_tag","embeddable":true,"href":"https:\/\/www.lintelligentdabidjan.info\/news\/wp-json\/wp\/v2\/tags?post=39809"}],"curies":[{"name":"wp","href":"https:\/\/api.w.org\/{rel}","templated":true}]}}