{"id":3986,"date":"2017-05-07T07:46:27","date_gmt":"2017-05-07T05:46:27","guid":{"rendered":"http:\/\/www.lintelligentdabidjan.info\/news\/?p=3986"},"modified":"2017-05-11T22:19:56","modified_gmt":"2017-05-11T20:19:56","slug":"agenda-conours-national-dorthographe-lexicale","status":"publish","type":"post","link":"https:\/\/www.lintelligentdabidjan.info\/news\/agenda-conours-national-dorthographe-lexicale\/","title":{"rendered":"Agenda: Concours national d&#8217;orthographe lexicale"},"content":{"rendered":"<p><img loading=\"lazy\" decoding=\"async\" src=\"http:\/\/www.lintelligentdabidjan.info\/news\/wp-content\/uploads\/2017\/05\/img.07.05.2017b.jpg\" alt=\"img.07.05.2017b\" width=\"800\" height=\"562\" class=\"alignnone size-full wp-image-3988\" srcset=\"https:\/\/www.lintelligentdabidjan.info\/news\/wp-content\/uploads\/2017\/05\/img.07.05.2017b.jpg 800w, https:\/\/www.lintelligentdabidjan.info\/news\/wp-content\/uploads\/2017\/05\/img.07.05.2017b-300x211.jpg 300w, https:\/\/www.lintelligentdabidjan.info\/news\/wp-content\/uploads\/2017\/05\/img.07.05.2017b-768x540.jpg 768w, https:\/\/www.lintelligentdabidjan.info\/news\/wp-content\/uploads\/2017\/05\/img.07.05.2017b-100x70.jpg 100w, https:\/\/www.lintelligentdabidjan.info\/news\/wp-content\/uploads\/2017\/05\/img.07.05.2017b-696x489.jpg 696w, https:\/\/www.lintelligentdabidjan.info\/news\/wp-content\/uploads\/2017\/05\/img.07.05.2017b-598x420.jpg 598w\" sizes=\"auto, (max-width: 800px) 100vw, 800px\" \/><br \/>\nEn partenariat avec l&#8217;agence Totem Communication, Adamt\u00e9 Kond\u00e9, directeur g\u00e9n\u00e9ral de la structure &#8221;GM papa&#8221;, initiateur du concours national d&#8217;orthographe lexicale a organis\u00e9 une conf\u00e9rence de presse pour annoncer les dates de la deuxi\u00e8me \u00e9dition, le mardi 11 avril 2017, \u00e0 la maison de la presse \u00e0 Abidjan-Plateau.<br \/>\nSelon Adamt\u00e9 Kond\u00e9 le concours est ouvert \u00e0 tous les \u00e9tablissements scolaires de C\u00f4te d&#8217;Ivoire ainsi qu&#8217;aux \u00e9l\u00e8ves du premier cycle.<br \/>\nLes \u00bc de finale r\u00e9gionale sont pr\u00e9vus pour le 6 et 13 mai, la \u00bd finale le 20 mai 2017 \u00e0 L&#8217;ISTC Abidjan-Cocody et la grande finale aura lieu le 15 juin 2017 \u00e0 l&#8217;institut fran\u00e7ais d&#8217;Abidjan-Plateau. Il a fait savoir que le concours national d&#8217;orthographe lexicale a pour objectif de r\u00e9concilier les \u00e9l\u00e8ves avec la langue fran\u00e7aise, avec un accent particulier mis sur l&#8217;orthographe et l&#8217;incitation \u00e0 la lecture et \u00e0 l&#8217;\u00e9criture. Cette comp\u00e9tition nationale est, pour lui, une sensibilisation du monde scolaire \u00e0 la probl\u00e9matique de l&#8217;orthographe lexicale, \u00e0 l&#8217;am\u00e9lioration de la qualit\u00e9 de l&#8217;enseignement et \u00e0 la culture de l&#8217;excellence. Poursuivant, l&#8217;initiateur du concours a soulign\u00e9 que la langue fran\u00e7aise avait cess\u00e9 d&#8217;\u00eatre une langue \u00e9trang\u00e8re depuis l&#8217;ind\u00e9pendance de la C\u00f4te d&#8217;Ivoire. Elle est d\u00e9sormais devenue une langue de communication et de formation aux cot\u00e9s des langues nationales. \u00ab Ce jeu va familiariser, r\u00e9concilier nos \u00e9l\u00e8ves avec la langue fran\u00e7aise et promouvoir son bon usage, redonner \u00e0 l&#8217;orthographe ses lettres de noblesse, le go\u00fbt de la lecture et de l&#8217;\u00e9criture aux \u00e9l\u00e8ves. C&#8217;est pourquoi, nous avons pour cette ann\u00e9e, le slogan&#8221; une comp\u00e9tition pour la culture de l&#8217;excellence en milieu scolaire&#8221;. \u00bb a-t-il signal\u00e9.<br \/>\nHenri N&#8217;Koumo, Directeur du Livre au minist\u00e8re de la Culture, repr\u00e9sentant le ministre de la Culture et de la Francophonie a soulign\u00e9 que le concours national d&#8217;orthographe lexicale vise \u00e0 l&#8217;am\u00e9lioration de la qualit\u00e9 de l&#8217;enseignement, \u00e0 travers la maitrise de deux disciplines-cl\u00e9s que sont l&#8217;orthographe et la lecture, indispensables pour avoir une base solide. Pour lui, le concours contribue \u00e0 parfaire la qualit\u00e9 des produits de nos \u00e9coles. Il a invit\u00e9 les candidats \u00e0 s&#8217;engager \u00e0 fond dans cette \u00e9mulation. \u00abLe concours sera, l&#8217;occasion pour nous, de nous convaincre que nous pouvons compter sur nos enfants, car ils poss\u00e8dent des talents et du g\u00e9nie. Ils ont tout simplement besoin de notre encadrement et accompagnement. C&#8217;est pourquoi, je demande l&#8217;appui de toute la communaut\u00e9 \u00e9ducative et de toutes les bonnes volont\u00e9s afin de soutenir nos enfants, espoir de la nation \u00bb, a plaid\u00e9 madame N&#8217;da Chantal, repr\u00e9sentante du repr\u00e9sentant de l&#8217;Unesco en C\u00f4te d&#8217;Ivoire. \u00ab Nous sommes dans un monde intellectuel o\u00f9 les m\u00e9diocres n&#8217;ont plus leur place. J&#8217;invite donc les candidats \u00e0 redoubler d&#8217;efforts et les responsables du concours \u00e0 aller plus loin. Il faut donner \u00e0 la langue fran\u00e7aise ce qu&#8217;elle m\u00e9rite \u00bb a expliqu\u00e9, madame Lorng Jocelyne, directrice de communication de l&#8217;agence &#8221;Totem communication&#8221; avant de remercier l&#8217;initiateur du concours pour cette belle initiative tout en promettant d&#8217;\u00eatre toujours partenaire de ce jeu.<\/p>\n<p>M.O<\/p>\n<div class=\"fb-comments\" data-width=\"728\" data-numposts=\"50\"><\/div>\n","protected":false},"excerpt":{"rendered":"<p>En partenariat avec l&#8217;agence Totem Communication, Adamt\u00e9 Kond\u00e9, directeur g\u00e9n\u00e9ral de la structure &#8221;GM papa&#8221;, initiateur du concours national d&#8217;orthographe lexicale a organis\u00e9 une conf\u00e9rence de presse pour annoncer les dates de la deuxi\u00e8me \u00e9dition, le mardi 11 avril 2017, \u00e0 la maison de la presse \u00e0 Abidjan-Plateau. Selon Adamt\u00e9 Kond\u00e9 le concours est ouvert [&hellip;]<\/p>\n","protected":false},"author":1,"featured_media":0,"comment_status":"closed","ping_status":"closed","sticky":false,"template":"","format":"standard","meta":{"_monsterinsights_skip_tracking":false,"_monsterinsights_sitenote_active":false,"_monsterinsights_sitenote_note":"","_monsterinsights_sitenote_category":0,"footnotes":""},"categories":[1],"tags":[],"class_list":["post-3986","post","type-post","status-publish","format-standard","hentry","category-actualites"],"_links":{"self":[{"href":"https:\/\/www.lintelligentdabidjan.info\/news\/wp-json\/wp\/v2\/posts\/3986","targetHints":{"allow":["GET"]}}],"collection":[{"href":"https:\/\/www.lintelligentdabidjan.info\/news\/wp-json\/wp\/v2\/posts"}],"about":[{"href":"https:\/\/www.lintelligentdabidjan.info\/news\/wp-json\/wp\/v2\/types\/post"}],"author":[{"embeddable":true,"href":"https:\/\/www.lintelligentdabidjan.info\/news\/wp-json\/wp\/v2\/users\/1"}],"replies":[{"embeddable":true,"href":"https:\/\/www.lintelligentdabidjan.info\/news\/wp-json\/wp\/v2\/comments?post=3986"}],"version-history":[{"count":7,"href":"https:\/\/www.lintelligentdabidjan.info\/news\/wp-json\/wp\/v2\/posts\/3986\/revisions"}],"predecessor-version":[{"id":4101,"href":"https:\/\/www.lintelligentdabidjan.info\/news\/wp-json\/wp\/v2\/posts\/3986\/revisions\/4101"}],"wp:attachment":[{"href":"https:\/\/www.lintelligentdabidjan.info\/news\/wp-json\/wp\/v2\/media?parent=3986"}],"wp:term":[{"taxonomy":"category","embeddable":true,"href":"https:\/\/www.lintelligentdabidjan.info\/news\/wp-json\/wp\/v2\/categories?post=3986"},{"taxonomy":"post_tag","embeddable":true,"href":"https:\/\/www.lintelligentdabidjan.info\/news\/wp-json\/wp\/v2\/tags?post=3986"}],"curies":[{"name":"wp","href":"https:\/\/api.w.org\/{rel}","templated":true}]}}