{"id":39871,"date":"2025-08-28T07:08:39","date_gmt":"2025-08-28T05:08:39","guid":{"rendered":"https:\/\/www.lintelligentdabidjan.info\/news\/?p=39871"},"modified":"2025-08-28T07:08:39","modified_gmt":"2025-08-28T05:08:39","slug":"depot-de-candidature-de-ouattara-a-la-cei-pour-la-presidentielle-2025-la-sotra-reagit-sur-les-rumeurs-de-requisition-de-ses-bus-par-le-rhdp","status":"publish","type":"post","link":"https:\/\/www.lintelligentdabidjan.info\/news\/depot-de-candidature-de-ouattara-a-la-cei-pour-la-presidentielle-2025-la-sotra-reagit-sur-les-rumeurs-de-requisition-de-ses-bus-par-le-rhdp\/","title":{"rendered":"D\u00e9p\u00f4t de candidature de Ouattara \u00e0  la CEI pour la pr\u00e9sidentielle 2025 &#8211;   La SOTRA r\u00e9agit sur  les rumeurs de r\u00e9quisition de ses bus par le RHDP"},"content":{"rendered":"<p>La SOTRA r\u00e9agit sur  les rumeurs de r\u00e9quisition de ses bus par le RHDP lors du D\u00e9p\u00f4t de candidature de Ouattara \u00e0  la CEI pour la pr\u00e9sidentielle 2025. <\/p>\n<p>\u00c0 la suite du d\u00e9p\u00f4t de candidature du pr\u00e9sident de la R\u00e9publique, Alassane Ouattara, ce mardi 26 ao\u00fbt 2025, des rumeurs relay\u00e9es sur les r\u00e9seaux sociaux ont laiss\u00e9 entendre que les bus de la Soci\u00e9t\u00e9 des Transports Abidjanais (SOTRA) auraient \u00e9t\u00e9 r\u00e9quisitionn\u00e9s au profit exclusif du Rassemblement des Houphou\u00ebtistes pour la D\u00e9mocratie et la Paix (RHDP).<\/p>\n<p>Dans un communiqu\u00e9 publi\u00e9  le lendemain mercredi 27 ao\u00fbt 2025, la direction g\u00e9n\u00e9rale de la SOTRA a fermement d\u00e9menti ces all\u00e9gations qu\u2019elle qualifie de \u00ab publications tendancieuses \u00bb et \u00ab sans aucune once de v\u00e9rit\u00e9 \u00bb.<\/p>\n<p>La soci\u00e9t\u00e9 de transport public a tenu \u00e0 rappeler que ses bus sont disponibles \u00e0 la location pour toutes les personnes physiques ou morales, y compris les partis politiques, par l\u2019interm\u00e9diaire de sa filiale SOTRA Tourisme. Elle pr\u00e9cise que les services sont rendus \u00ab \u00e0 leurs frais et soins, sans discrimination \u00bb.<\/p>\n<p>\u00c0 titre d\u2019exemple, la SOTRA indique avoir mis ses bus \u00e0 la disposition de plusieurs formations politiques ces derni\u00e8res semaines : le 9 ao\u00fbt 2025, lors de la marche du Front commun (PDCI-RDA et PPA-CI) ; le 16 ao\u00fbt 2025, pour le meeting du Parti des Peuples Africains \u2013 C\u00f4te d\u2019Ivoire (PPA-CI) et le 24 ao\u00fbt 2025, \u00e0 l\u2019occasion du d\u00e9p\u00f4t de candidature de Tidjane Thiam, pr\u00e9sident du PDCI-RDA.<\/p>\n<p>R\u00e9affirmant sa mission de service public, la SOTRA appelle au sens des responsabilit\u00e9s pour \u00e9viter d\u2019exposer son mat\u00e9riel roulant \u00e0 des risques li\u00e9s \u00e0 la propagation d\u2019informations non fond\u00e9es. L\u2019entreprise rappelle \u00e9galement que la publication de fausses nouvelles est punie par la loi et se r\u00e9serve le droit de saisir les autorit\u00e9s comp\u00e9tentes pour d\u00e9fendre son image et r\u00e9tablir la v\u00e9rit\u00e9.<\/p>\n<p>Enfin, la direction g\u00e9n\u00e9rale a soulign\u00e9 que pr\u00e9server le patrimoine commun et assurer la continuit\u00e9 du service public demeurent un devoir citoyen.<\/p>\n<p><strong> T.A.B <\/strong><\/p>\n","protected":false},"excerpt":{"rendered":"<p>La SOTRA r\u00e9agit sur les rumeurs de r\u00e9quisition de ses bus par le RHDP lors du D\u00e9p\u00f4t de candidature de Ouattara \u00e0 la CEI pour la pr\u00e9sidentielle 2025. \u00c0 la suite du d\u00e9p\u00f4t de candidature du pr\u00e9sident de la R\u00e9publique, Alassane Ouattara, ce mardi 26 ao\u00fbt 2025, des rumeurs relay\u00e9es sur les r\u00e9seaux sociaux ont [&hellip;]<\/p>\n","protected":false},"author":4,"featured_media":39872,"comment_status":"closed","ping_status":"closed","sticky":false,"template":"","format":"standard","meta":{"_monsterinsights_skip_tracking":false,"_monsterinsights_sitenote_active":false,"_monsterinsights_sitenote_note":"","_monsterinsights_sitenote_category":0,"footnotes":""},"categories":[2,17,3],"tags":[6033,5967,4705,6031,34,1621,6032,144,5843],"class_list":["post-39871","post","type-post","status-publish","format-standard","has-post-thumbnail","hentry","category-featured","category-politique","category-societe","tag-bus","tag-depot-de-candidature","tag-la-cei","tag-la-sotra","tag-ouattara","tag-presidentielle-2025","tag-requisition","tag-rhdp","tag-rumeurs"],"_links":{"self":[{"href":"https:\/\/www.lintelligentdabidjan.info\/news\/wp-json\/wp\/v2\/posts\/39871","targetHints":{"allow":["GET"]}}],"collection":[{"href":"https:\/\/www.lintelligentdabidjan.info\/news\/wp-json\/wp\/v2\/posts"}],"about":[{"href":"https:\/\/www.lintelligentdabidjan.info\/news\/wp-json\/wp\/v2\/types\/post"}],"author":[{"embeddable":true,"href":"https:\/\/www.lintelligentdabidjan.info\/news\/wp-json\/wp\/v2\/users\/4"}],"replies":[{"embeddable":true,"href":"https:\/\/www.lintelligentdabidjan.info\/news\/wp-json\/wp\/v2\/comments?post=39871"}],"version-history":[{"count":1,"href":"https:\/\/www.lintelligentdabidjan.info\/news\/wp-json\/wp\/v2\/posts\/39871\/revisions"}],"predecessor-version":[{"id":39873,"href":"https:\/\/www.lintelligentdabidjan.info\/news\/wp-json\/wp\/v2\/posts\/39871\/revisions\/39873"}],"wp:featuredmedia":[{"embeddable":true,"href":"https:\/\/www.lintelligentdabidjan.info\/news\/wp-json\/wp\/v2\/media\/39872"}],"wp:attachment":[{"href":"https:\/\/www.lintelligentdabidjan.info\/news\/wp-json\/wp\/v2\/media?parent=39871"}],"wp:term":[{"taxonomy":"category","embeddable":true,"href":"https:\/\/www.lintelligentdabidjan.info\/news\/wp-json\/wp\/v2\/categories?post=39871"},{"taxonomy":"post_tag","embeddable":true,"href":"https:\/\/www.lintelligentdabidjan.info\/news\/wp-json\/wp\/v2\/tags?post=39871"}],"curies":[{"name":"wp","href":"https:\/\/api.w.org\/{rel}","templated":true}]}}