{"id":39877,"date":"2025-08-29T07:10:15","date_gmt":"2025-08-29T05:10:15","guid":{"rendered":"https:\/\/www.lintelligentdabidjan.info\/news\/?p=39877"},"modified":"2025-08-29T07:10:48","modified_gmt":"2025-08-29T05:10:48","slug":"education-nationale-un-atelier-pour-lamelioration-de-la-qualite-du-systeme-educatif-prive-ouvert","status":"publish","type":"post","link":"https:\/\/www.lintelligentdabidjan.info\/news\/education-nationale-un-atelier-pour-lamelioration-de-la-qualite-du-systeme-educatif-prive-ouvert\/","title":{"rendered":"\u00c9ducation nationale-   Un atelier pour l\u2019am\u00e9lioration de la qualit\u00e9 du syst\u00e8me \u00e9ducatif priv\u00e9 ouvert"},"content":{"rendered":"<p><strong>La c\u00e9r\u00e9monie d\u2019ouverture de l\u2019atelier de r\u00e9flexion sur la probl\u00e9matique de l\u2019enseignement g\u00e9n\u00e9ral dans le secteur priv\u00e9 de l\u2019\u00e9ducation en C\u00f4te d\u2019Ivoire s\u2019est d\u00e9roul\u00e9e, le mercredi 27 ao\u00fbt 2025 dans un h\u00f4tel de Yamoussoukro. <\/strong><\/p>\n<p>L\u2019atelier de r\u00e9flexion sur la probl\u00e9matique de l\u2019enseignement g\u00e9n\u00e9ral dans le secteur priv\u00e9 de l\u2019\u00e9ducation en C\u00f4te d\u2019Ivoire a pour objectif de repenser le fonctionnement des \u00e9tablissements priv\u00e9s en vue d\u2019am\u00e9liorer de mani\u00e8re p\u00e9renne la qualit\u00e9 des enseignements. Mieux, cette initiative s\u2019inscrit dans la vision du minist\u00e8re de l\u2019\u00c9ducation nationale et de l\u2019Alphab\u00e9tisation (Mena) d\u2019apporter des solutions idoines aux maux qui minent les \u00e9tablissements priv\u00e9s. Repr\u00e9sentant la ministre Pr. Mariatou Kon\u00e9, directrice de cabinet adjointe, Anastasie Kacou Sepou a indiqu\u00e9 qu\u2019\u00e0 ce jour le secteur priv\u00e9 compte 3 008 \u00e9tablissements secondaires dont 2 810 la\u00efcs, accueillant pr\u00e8s d\u2019un million d\u2019\u00e9l\u00e8ves. M\u00eame si elle a reconnu que les \u00e9tablissements priv\u00e9s jouent un r\u00f4le dans l\u2019\u00e9ducation des enfants, toutefois elle a relev\u00e9  des d\u00e9fis qui persistent \u00e0 savoir le non-paiement ou le paiement irr\u00e9gulier des salaires des enseignants, les infrastructures insuffisantes, la faiblesse des r\u00e9sultats scolaires, la fraude aux examens, l\u2019existence d\u2019\u00e9tablissements clandestins, les conventions devenues caduques. \u00ab C\u2019est en vue d\u2019apporter des r\u00e9ponses idoines \u00e0 ces diff\u00e9rentes probl\u00e9matiques que Mme la Ministre a souhait\u00e9 la tenue de cet atelier \u00bb, a-t-elle insist\u00e9, avant d\u2019appeler \u00e0 b\u00e2tir un dialogue constructif entre l\u2019\u00c9tat et les fondateurs d\u2019\u00e9coles priv\u00e9es.<\/p>\n<p>La directrice de l\u2019Encadrement des \u00c9tablissements Priv\u00e9s (Deep), Tour\u00e9 n\u00e9e Diarra Mariam, a pour sa part salu\u00e9 la d\u00e9marche de la ministre qui pr\u00f4ne une \u00e9cole de qualit\u00e9. Elle a  relev\u00e9 que de nombreuses rencontres ant\u00e9rieures ont d\u00e9j\u00e0 fait objet des faiblesses du secteur, notamment la pr\u00e9carit\u00e9 des enseignants, la qualit\u00e9 des infrastructures, le respect des cahiers de charges, le tutorat impos\u00e9 par certains fondateurs la fiscalit\u00e9. \u00ab  Convaincus que la recherche d\u2019un environnement apais\u00e9 implique l\u2019adh\u00e9sion de tous, il est imp\u00e9ratif d\u2019instaurer un cadre de dialogue et de concertation\u00bb, a-t-elle fait savoir.<\/p>\n<p>Dans sa prise de parole, la directrice de cabinet adjointe a rappel\u00e9 que depuis 1995, la loi a confi\u00e9 au priv\u00e9 une partie de la mission d\u2019assurer l\u2019acc\u00e8s \u00e0 l\u2019\u00e9ducation en C\u00f4te d\u2019Ivoire. Dans son expos\u00e9 de cadrage, le secr\u00e9taire permanent du Conseil consultatif de l\u2019\u00e9ducation nationale, Souleymane Kon\u00e9, a expliqu\u00e9 que l\u2019atelier n\u2019\u00e9tait pas un cadre de d\u00e9cision mais un espace de propositions pour orienter les futures r\u00e9formes. Il a aussi relev\u00e9 que l\u2019assainissement du secteur, la stabilit\u00e9 des salaires, l\u2019application des r\u00e9formes p\u00e9dagogiques et l\u2019\u00e9laboration d\u2019une nouvelle convention figurent parmi les priorit\u00e9s.<\/p>\n<p><strong>Mamadou Ouattara avec A. Traor\u00e9 avec sercom<\/strong><\/p>\n","protected":false},"excerpt":{"rendered":"<p>La c\u00e9r\u00e9monie d\u2019ouverture de l\u2019atelier de r\u00e9flexion sur la probl\u00e9matique de l\u2019enseignement g\u00e9n\u00e9ral dans le secteur priv\u00e9 de l\u2019\u00e9ducation en C\u00f4te d\u2019Ivoire s\u2019est d\u00e9roul\u00e9e, le mercredi 27 ao\u00fbt 2025 dans un h\u00f4tel de Yamoussoukro. L\u2019atelier de r\u00e9flexion sur la probl\u00e9matique de l\u2019enseignement g\u00e9n\u00e9ral dans le secteur priv\u00e9 de l\u2019\u00e9ducation en C\u00f4te d\u2019Ivoire a pour objectif [&hellip;]<\/p>\n","protected":false},"author":4,"featured_media":39878,"comment_status":"closed","ping_status":"closed","sticky":false,"template":"","format":"standard","meta":{"footnotes":""},"categories":[2,3],"tags":[1689,6034,3551,6035,5480],"class_list":["post-39877","post","type-post","status-publish","format-standard","has-post-thumbnail","hentry","category-featured","category-societe","tag-education-nationale","tag-lamelioration","tag-qualite","tag-systeme-educatif-prive","tag-un-atelier"],"_links":{"self":[{"href":"https:\/\/www.lintelligentdabidjan.info\/news\/wp-json\/wp\/v2\/posts\/39877","targetHints":{"allow":["GET"]}}],"collection":[{"href":"https:\/\/www.lintelligentdabidjan.info\/news\/wp-json\/wp\/v2\/posts"}],"about":[{"href":"https:\/\/www.lintelligentdabidjan.info\/news\/wp-json\/wp\/v2\/types\/post"}],"author":[{"embeddable":true,"href":"https:\/\/www.lintelligentdabidjan.info\/news\/wp-json\/wp\/v2\/users\/4"}],"replies":[{"embeddable":true,"href":"https:\/\/www.lintelligentdabidjan.info\/news\/wp-json\/wp\/v2\/comments?post=39877"}],"version-history":[{"count":1,"href":"https:\/\/www.lintelligentdabidjan.info\/news\/wp-json\/wp\/v2\/posts\/39877\/revisions"}],"predecessor-version":[{"id":39879,"href":"https:\/\/www.lintelligentdabidjan.info\/news\/wp-json\/wp\/v2\/posts\/39877\/revisions\/39879"}],"wp:featuredmedia":[{"embeddable":true,"href":"https:\/\/www.lintelligentdabidjan.info\/news\/wp-json\/wp\/v2\/media\/39878"}],"wp:attachment":[{"href":"https:\/\/www.lintelligentdabidjan.info\/news\/wp-json\/wp\/v2\/media?parent=39877"}],"wp:term":[{"taxonomy":"category","embeddable":true,"href":"https:\/\/www.lintelligentdabidjan.info\/news\/wp-json\/wp\/v2\/categories?post=39877"},{"taxonomy":"post_tag","embeddable":true,"href":"https:\/\/www.lintelligentdabidjan.info\/news\/wp-json\/wp\/v2\/tags?post=39877"}],"curies":[{"name":"wp","href":"https:\/\/api.w.org\/{rel}","templated":true}]}}