{"id":39899,"date":"2025-09-01T07:21:44","date_gmt":"2025-09-01T05:21:44","guid":{"rendered":"https:\/\/www.lintelligentdabidjan.info\/news\/?p=39899"},"modified":"2025-09-01T07:41:35","modified_gmt":"2025-09-01T05:41:35","slug":"election-presidentielle-en-cote-divoire-des-professionnels-des-medias-creent-un-reseau-pour-un-environnement-apaise","status":"publish","type":"post","link":"https:\/\/www.lintelligentdabidjan.info\/news\/election-presidentielle-en-cote-divoire-des-professionnels-des-medias-creent-un-reseau-pour-un-environnement-apaise\/","title":{"rendered":"\u00c9lection pr\u00e9sidentielle en C\u00f4te d&#8217;Ivoire-   Des professionnels des m\u00e9dias cr\u00e9ent un r\u00e9seau pour un environnement apais\u00e9"},"content":{"rendered":"<p><em><strong>Rodrigue Koffi, directeur de publication du trimestriel &#8220;Bonne gouvernance infos&#8221;, a lanc\u00e9 les activit\u00e9s du R\u00e9seau des journalistes, acteurs des m\u00e9dias, blogueurs, cyber-activistes et influenceurs pour la paix, la coh\u00e9sion et pour des \u00e9lections apais\u00e9es en C\u00f4te d\u2019Ivoire.<\/strong><\/em><\/p>\n<p>Les activit\u00e9s du R\u00e9seau des journalistes, acteurs des m\u00e9dias, blogueurs, cyber-activistes et influenceurs pour la paix, la coh\u00e9sion et pour des \u00e9lections apais\u00e9es en C\u00f4te d\u2019Ivoire ont \u00e9t\u00e9 lanc\u00e9es le samedi 30 ao\u00fbt 2025, aux Deux-Plateaux Vallons.<\/p>\n<p>Les objectifs de ce r\u00e9seau ont \u00e9t\u00e9 pr\u00e9sent\u00e9s par Rodrigue Koffi, directeur de publication du trimestriel &#8220;Bonne gouvernance infos&#8221; :<\/p>\n<p>&#8220;R\u00e9unis au sein du R\u00e9seau des communicateurs pour la R\u00e9publique, des professionnels de la communication, toutes sensibilit\u00e9s confondues, entendent conjuguer leur savoir-faire et leur influence pour d\u00e9fendre les valeurs de paix, de stabilit\u00e9 et de d\u00e9veloppement en C\u00f4te d\u2019Ivoire (&#8230;) L\u2019ambition de ce mouvement est de contribuer, \u00e0 travers une communication professionnelle et apais\u00e9e, \u00e0 une campagne \u00e9lectorale sans violence, ni d\u00e9rives, et \u00e0 l\u2019am\u00e9lioration de l\u2019image de la C\u00f4te d\u2019Ivoire et, plus largement, de l\u2019Afrique. C&#8217;est un mouvement apolitique qui regroupe (les journalistes, les communicateurs, les blogueurs, cyber activistes professionnels et assimil\u00e9s). L&#8217;objectif est de promouvoir la coh\u00e9sion, la paix et la stabilit\u00e9 en C\u00f4te d&#8217;Ivoire, \u00e0 travers une communication professionnelle, responsable et apais\u00e9e pendant les p\u00e9riodes \u00e9lectorales.&#8221;<\/p>\n<p>Le pr\u00e9sident de ce r\u00e9seau a annonc\u00e9 des tourn\u00e9es \u00e0 Abidjan et \u00e0 l&#8217;int\u00e9rieur du pays, en vue de sensibiliser les populations sur la n\u00e9cessit\u00e9 de pr\u00e9server la paix, \u00e0 deux mois de l&#8217;\u00e9lection pr\u00e9sidentielle du 25 octobre 2025.<\/p>\n<p>&#8220;Nous avons tous vu ce qui s&#8217;est pass\u00e9 lors de l&#8217;\u00e9lection pr\u00e9sidentielle de 2020 o\u00f9 il y a eu 60 morts. Pourquoi les Ivoiriens doivent-ils mourir chaque fois qu&#8217;il y a une \u00e9lection pr\u00e9sidentielle ? Pendant nos tourn\u00e9es, nous allons inviter les acteurs des m\u00e9dias, les blogueurs, les cyberactivistes \u00e0 d\u00e9sarmer leurs plumes, leurs micros, leurs voix, pour v\u00e9hiculer des messages de paix, de coh\u00e9sion sociale, de fraternit\u00e9. C&#8217;est en temps de paix que chacun peut vaquer \u00e0 ses occupations. Il faut pr\u00e9server la paix en C\u00f4te d&#8217;Ivoire.&#8221;, a ajout\u00e9 Rodrigue Koffi.<\/p>\n<p><strong><br \/>\nOlivier Dion<br \/>\n<\/strong><\/p>\n","protected":false},"excerpt":{"rendered":"<p>Rodrigue Koffi, directeur de publication du trimestriel &#8220;Bonne gouvernance infos&#8221;, a lanc\u00e9 les activit\u00e9s du R\u00e9seau des journalistes, acteurs des m\u00e9dias, blogueurs, cyber-activistes et influenceurs pour la paix, la coh\u00e9sion et pour des \u00e9lections apais\u00e9es en C\u00f4te d\u2019Ivoire. Les activit\u00e9s du R\u00e9seau des journalistes, acteurs des m\u00e9dias, blogueurs, cyber-activistes et influenceurs pour la paix, la [&hellip;]<\/p>\n","protected":false},"author":4,"featured_media":39900,"comment_status":"closed","ping_status":"closed","sticky":false,"template":"","format":"standard","meta":{"_monsterinsights_skip_tracking":false,"_monsterinsights_sitenote_active":false,"_monsterinsights_sitenote_note":"","_monsterinsights_sitenote_category":0,"footnotes":""},"categories":[2,17],"tags":[77,6048,2879,5120,536,2069],"class_list":["post-39899","post","type-post","status-publish","format-standard","has-post-thumbnail","hentry","category-featured","category-politique","tag-cote-divoire","tag-des-professionnels","tag-election-presidentielle","tag-environnement-apaise","tag-medias","tag-reseau"],"_links":{"self":[{"href":"https:\/\/www.lintelligentdabidjan.info\/news\/wp-json\/wp\/v2\/posts\/39899","targetHints":{"allow":["GET"]}}],"collection":[{"href":"https:\/\/www.lintelligentdabidjan.info\/news\/wp-json\/wp\/v2\/posts"}],"about":[{"href":"https:\/\/www.lintelligentdabidjan.info\/news\/wp-json\/wp\/v2\/types\/post"}],"author":[{"embeddable":true,"href":"https:\/\/www.lintelligentdabidjan.info\/news\/wp-json\/wp\/v2\/users\/4"}],"replies":[{"embeddable":true,"href":"https:\/\/www.lintelligentdabidjan.info\/news\/wp-json\/wp\/v2\/comments?post=39899"}],"version-history":[{"count":2,"href":"https:\/\/www.lintelligentdabidjan.info\/news\/wp-json\/wp\/v2\/posts\/39899\/revisions"}],"predecessor-version":[{"id":39909,"href":"https:\/\/www.lintelligentdabidjan.info\/news\/wp-json\/wp\/v2\/posts\/39899\/revisions\/39909"}],"wp:featuredmedia":[{"embeddable":true,"href":"https:\/\/www.lintelligentdabidjan.info\/news\/wp-json\/wp\/v2\/media\/39900"}],"wp:attachment":[{"href":"https:\/\/www.lintelligentdabidjan.info\/news\/wp-json\/wp\/v2\/media?parent=39899"}],"wp:term":[{"taxonomy":"category","embeddable":true,"href":"https:\/\/www.lintelligentdabidjan.info\/news\/wp-json\/wp\/v2\/categories?post=39899"},{"taxonomy":"post_tag","embeddable":true,"href":"https:\/\/www.lintelligentdabidjan.info\/news\/wp-json\/wp\/v2\/tags?post=39899"}],"curies":[{"name":"wp","href":"https:\/\/api.w.org\/{rel}","templated":true}]}}