{"id":39902,"date":"2025-09-01T07:24:32","date_gmt":"2025-09-01T05:24:32","guid":{"rendered":"https:\/\/www.lintelligentdabidjan.info\/news\/?p=39902"},"modified":"2025-09-01T07:38:06","modified_gmt":"2025-09-01T05:38:06","slug":"gbeke-le-conseil-regional-honore-120-eleves-et-enseignants","status":"publish","type":"post","link":"https:\/\/www.lintelligentdabidjan.info\/news\/gbeke-le-conseil-regional-honore-120-eleves-et-enseignants\/","title":{"rendered":"Gb\u00eak\u00ea-   Le  Conseil r\u00e9gional honore 120 \u00e9l\u00e8ves et enseignants"},"content":{"rendered":"<p><em><strong>Le Conseil r\u00e9gional du Gb\u00eak\u00ea a c\u00e9l\u00e9br\u00e9, le vendredi 29 ao\u00fbt 2025, la 2\u1d49 \u00e9dition de la Journ\u00e9e de l\u2019excellence, une c\u00e9r\u00e9monie plac\u00e9e sous le signe de la promotion des valeurs scolaires et \u00e9ducatives. Organis\u00e9e \u00e0 l\u2019Universit\u00e9 internationale ICK de Bouak\u00e9, cette rencontre a permis de distinguer 120 laur\u00e9ats, parmi lesquels des \u00e9l\u00e8ves admis avec brio aux examens de fin d\u2019ann\u00e9e (Cepe, Bepc, baccalaur\u00e9at g\u00e9n\u00e9ral et technique), ainsi que des enseignants r\u00e9compens\u00e9s pour leur professionnalisme et leur d\u00e9vouement.<br \/>\n<\/strong><\/em><\/p>\n<p>Pr\u00e9sidant la c\u00e9r\u00e9monie, le ministre Assahor\u00e9 Jacques Konan, par ailleurs, pr\u00e9sident du Conseil r\u00e9gional du Gb\u00eak\u00ea, a rappel\u00e9 le sens de cette journ\u00e9e.<\/p>\n<p>\u00ab Aujourd&#8217;hui, nous honorons non seulement des r\u00e9sultats scolaires remarquables, mais \u00e9galement des valeurs essentielles que sont la pers\u00e9v\u00e9rance, le respect, la discipline et l\u2019amour du travail bien fait. (\u2026) L&#8217;\u00e9cole n&#8217;est pas une charge, mais un investissement productif et durable, car elle construit l\u2019avenir de nos enfants et assure la prosp\u00e9rit\u00e9 de notre nation \u00bb, a-t-il d\u00e9clar\u00e9.<\/p>\n<p>Il a en outre r\u00e9affirm\u00e9 l\u2019engagement de son institution \u00e0 accompagner la politique \u00e9ducative du gouvernement.<\/p>\n<p>\u00ab Le Conseil a proc\u00e9d\u00e9 \u00e0 la construction et \u00e0 la r\u00e9habilitation d\u2019infrastructures \u00e9ducatives, \u00e0 la r\u00e9alisation de logements de ma\u00eetres et au soutien de plusieurs initiatives scolaires \u00bb, a-t-il soulign\u00e9.<\/p>\n<p><strong>Des r\u00e9compenses pour encourager l\u2019excellence<\/strong><\/p>\n<p>Au cours de cette \u00e9dition, les meilleurs bacheliers ont re\u00e7u des ordinateurs portables et des tableaux d\u2019honneur, tandis que les laur\u00e9ats du Cepe et du Bepc se sont vu offrir des fournitures scolaires ainsi que des distinctions symboliques. Quant aux enseignants, ils ont \u00e9t\u00e9 honor\u00e9s pour leur assiduit\u00e9 et leur engagement dans la r\u00e9ussite de leurs \u00e9l\u00e8ves.<\/p>\n<p>Pour le Conseil r\u00e9gional, cette initiative constitue un levier pour motiver la communaut\u00e9 \u00e9ducative et inscrire durablement l\u2019excellence au c\u0153ur du syst\u00e8me scolaire.<\/p>\n<p>Repr\u00e9sentant le parrain de la c\u00e9r\u00e9monie, l\u2019honorable N\u2019Guessan Ahondjon Mathias, le directeur r\u00e9gional de l\u2019Inspection du travail, Kassi Kouadio Eug\u00e8ne, a adress\u00e9 un message fort aux r\u00e9cipiendaires :<\/p>\n<p>\u00ab Chers laur\u00e9ats, vous \u00eates la preuve que l\u2019effort, la rigueur et la discipline m\u00e8nent toujours \u00e0 la lumi\u00e8re. Votre r\u00e9ussite est une fiert\u00e9 pour vos familles et une boussole pour vos camarades. Ce prix est un appel \u00e0 la constance, \u00e0 l\u2019humilit\u00e9 et \u00e0 l\u2019engagement. Car l\u2019excellence n\u2019est pas un instant, elle est un chemin de vie \u00bb, a-t-il encourag\u00e9.<\/p>\n<p>Au nom de l\u2019ensemble des prim\u00e9s, N\u2019Guessan Akissi Anne Jemima a exprim\u00e9 sa reconnaissance au pr\u00e9sident du Conseil r\u00e9gional et \u00e0 ses conseillers pour leur marque de consid\u00e9ration.<\/p>\n<p>\u00ab Nous promettons de redoubler d\u2019efforts afin de maintenir le cap et de toujours m\u00e9riter la confiance plac\u00e9e en nous \u00bb, a-t-elle assur\u00e9.<\/p>\n<p><strong>Nambac\u00e9r\u00e9 Jo\u00ebl<\/strong><\/p>\n","protected":false},"excerpt":{"rendered":"<p>Le Conseil r\u00e9gional du Gb\u00eak\u00ea a c\u00e9l\u00e9br\u00e9, le vendredi 29 ao\u00fbt 2025, la 2\u1d49 \u00e9dition de la Journ\u00e9e de l\u2019excellence, une c\u00e9r\u00e9monie plac\u00e9e sous le signe de la promotion des valeurs scolaires et \u00e9ducatives. Organis\u00e9e \u00e0 l\u2019Universit\u00e9 internationale ICK de Bouak\u00e9, cette rencontre a permis de distinguer 120 laur\u00e9ats, parmi lesquels des \u00e9l\u00e8ves admis avec [&hellip;]<\/p>\n","protected":false},"author":4,"featured_media":39903,"comment_status":"closed","ping_status":"closed","sticky":false,"template":"","format":"standard","meta":{"_monsterinsights_skip_tracking":false,"_monsterinsights_sitenote_active":false,"_monsterinsights_sitenote_note":"","_monsterinsights_sitenote_category":0,"footnotes":""},"categories":[2,3],"tags":[853,2042,338,6049],"class_list":["post-39902","post","type-post","status-publish","format-standard","has-post-thumbnail","hentry","category-featured","category-societe","tag-eleves","tag-enseignants","tag-gbeke","tag-le-conseil-regional"],"_links":{"self":[{"href":"https:\/\/www.lintelligentdabidjan.info\/news\/wp-json\/wp\/v2\/posts\/39902","targetHints":{"allow":["GET"]}}],"collection":[{"href":"https:\/\/www.lintelligentdabidjan.info\/news\/wp-json\/wp\/v2\/posts"}],"about":[{"href":"https:\/\/www.lintelligentdabidjan.info\/news\/wp-json\/wp\/v2\/types\/post"}],"author":[{"embeddable":true,"href":"https:\/\/www.lintelligentdabidjan.info\/news\/wp-json\/wp\/v2\/users\/4"}],"replies":[{"embeddable":true,"href":"https:\/\/www.lintelligentdabidjan.info\/news\/wp-json\/wp\/v2\/comments?post=39902"}],"version-history":[{"count":2,"href":"https:\/\/www.lintelligentdabidjan.info\/news\/wp-json\/wp\/v2\/posts\/39902\/revisions"}],"predecessor-version":[{"id":39908,"href":"https:\/\/www.lintelligentdabidjan.info\/news\/wp-json\/wp\/v2\/posts\/39902\/revisions\/39908"}],"wp:featuredmedia":[{"embeddable":true,"href":"https:\/\/www.lintelligentdabidjan.info\/news\/wp-json\/wp\/v2\/media\/39903"}],"wp:attachment":[{"href":"https:\/\/www.lintelligentdabidjan.info\/news\/wp-json\/wp\/v2\/media?parent=39902"}],"wp:term":[{"taxonomy":"category","embeddable":true,"href":"https:\/\/www.lintelligentdabidjan.info\/news\/wp-json\/wp\/v2\/categories?post=39902"},{"taxonomy":"post_tag","embeddable":true,"href":"https:\/\/www.lintelligentdabidjan.info\/news\/wp-json\/wp\/v2\/tags?post=39902"}],"curies":[{"name":"wp","href":"https:\/\/api.w.org\/{rel}","templated":true}]}}