{"id":39917,"date":"2025-09-02T07:20:46","date_gmt":"2025-09-02T05:20:46","guid":{"rendered":"https:\/\/www.lintelligentdabidjan.info\/news\/?p=39917"},"modified":"2025-09-02T07:21:12","modified_gmt":"2025-09-02T05:21:12","slug":"leadership-gouvernance-et-interprofession-le-mirah-outille-ses-acteurs","status":"publish","type":"post","link":"https:\/\/www.lintelligentdabidjan.info\/news\/leadership-gouvernance-et-interprofession-le-mirah-outille-ses-acteurs\/","title":{"rendered":"Leadership, gouvernance et interprofession-  Le MIRAH outille ses acteurs"},"content":{"rendered":"<p><em><strong>Le minist\u00e8re des Ressources animales et Halieutiques (MIRAH), \u00e0 travers sa Direction des organisations professionnelles et de l\u2019Appui au financement (DOPAF), organise  les lundi 1er et mardi 2 septembre 2025, un s\u00e9minaire de renforcement des capacit\u00e9s des organisations professionnelles, au sein m\u00eame de ses locaux situ\u00e9s pr\u00e8s du Lyc\u00e9e Technique de Cocody, \u00e0 Abidjan.<\/strong><\/em><\/p>\n<p>L\u2019objectif est de doter les leaders de fili\u00e8re des outils du changement, et de poser les jalons d\u2019une interprofession plus structur\u00e9e, inclusive et r\u00e9siliente. Durant deux jours, une quarantaine d\u2019acteurs dirigeants de coop\u00e9ratives, responsables d\u2019organisations professionnelles, techniciens du minist\u00e8re  seront instruits  sur le leadership coop\u00e9ratif, la gestion des conflits, la communication strat\u00e9gique, et surtout les enjeux li\u00e9s \u00e0 l\u2019animation des interprofessions.<\/p>\n<p> Une rencontre qui intervient  au moment o\u00f9 le gouvernement ivoirien mise sur la mise en place effective des Organisations interprofessionnelles agricoles (OIA) pour am\u00e9liorer la gouvernance des cha\u00eenes de valeur et renforcer la comp\u00e9titivit\u00e9 du secteur.<\/p>\n<p><strong>Yves Toto, Directeur des Organisations Professionnelles (DOPAF) \u00ab Des interprofessions fortes sont la cl\u00e9 de notre souverainet\u00e9 alimentaire \u00bb<\/strong><\/p>\n<p>En ouvrant le s\u00e9minaire, Yves Toto, Directeur des Organisations professionnelles et de l\u2019Appui au financement, a plant\u00e9 le d\u00e9cor. \u00ab Nous sommes conscients que l\u2019efficacit\u00e9 d\u2019une interprofession repose fondamentalement sur la qualit\u00e9 de son leadership. Il nous faut des dirigeants visionnaires, capables de mobiliser et de d\u00e9fendre la voix collective de leurs fili\u00e8res respectives. \u00bb  Conscient des   d\u00e9fis \u00e9conomiques, climatiques, sanitaires auxquels le secteur est confront\u00e9, le directeur a insist\u00e9 sur la n\u00e9cessit\u00e9 pour les responsables d\u2019interprofessions d\u2019\u00eatre outill\u00e9s pour f\u00e9d\u00e9rer les \u00e9nergies autour de strat\u00e9gies communes.  <\/p>\n<p>Le s\u00e9minaire intervient dans un contexte porteur, marqu\u00e9 par la signature, le 12 mars 2025, par le Pr\u00e9sident Alassane Ouattara, des d\u00e9crets reconnaissant les OIA dans les fili\u00e8res aquacole, p\u00eache, porcine, petits et gros ruminants, une avanc\u00e9e majeure salu\u00e9e par les professionnels et les techniciens du MIRAH.<\/p>\n<p>C\u2019est ce qu\u2019a rappel\u00e9 Monney Monney Jean Ernest, Directeur de la Formation, de la Vulgarisation et de la Valorisation des produits (DF2VP), repr\u00e9sentant le ministre Sidi Ti\u00e9moko Tour\u00e9. \u00ab Le d\u00e9veloppement du secteur repose sur la capacit\u00e9 des organisations \u00e0 fonctionner de mani\u00e8re professionnelle. Ce s\u00e9minaire est une \u00e9tape essentielle pour les rendre plus fortes et capables de d\u00e9fendre les int\u00e9r\u00eats de tous leurs membres (\u2026)  \u00catre \u00e0 la t\u00eate d\u2019une interprofession, ce n\u2019est pas simplement g\u00e9rer l\u2019administratif. C\u2019est un art, celui de la facilitation, de la n\u00e9gociation et de la mobilisation \u00bb, a insist\u00e9 Monney Jean Ernest. Et de conclure : \u00ab Vous \u00eates les architectes de la prosp\u00e9rit\u00e9 de vos fili\u00e8res. \u00c0 vous de jouer \u00bb .<\/p>\n<p><strong>Mamadou Ouattara avec Ly Abdul <\/strong><\/p>\n","protected":false},"excerpt":{"rendered":"<p>Le minist\u00e8re des Ressources animales et Halieutiques (MIRAH), \u00e0 travers sa Direction des organisations professionnelles et de l\u2019Appui au financement (DOPAF), organise les lundi 1er et mardi 2 septembre 2025, un s\u00e9minaire de renforcement des capacit\u00e9s des organisations professionnelles, au sein m\u00eame de ses locaux situ\u00e9s pr\u00e8s du Lyc\u00e9e Technique de Cocody, \u00e0 Abidjan. L\u2019objectif [&hellip;]<\/p>\n","protected":false},"author":4,"featured_media":39918,"comment_status":"closed","ping_status":"closed","sticky":false,"template":"","format":"standard","meta":{"footnotes":""},"categories":[2,18],"tags":[1782,810,2611,6055,3865,6056],"class_list":["post-39917","post","type-post","status-publish","format-standard","has-post-thumbnail","hentry","category-featured","category-economie","tag-acteurs","tag-gouvernance","tag-interprofession","tag-leadership","tag-mirah","tag-outille"],"_links":{"self":[{"href":"https:\/\/www.lintelligentdabidjan.info\/news\/wp-json\/wp\/v2\/posts\/39917","targetHints":{"allow":["GET"]}}],"collection":[{"href":"https:\/\/www.lintelligentdabidjan.info\/news\/wp-json\/wp\/v2\/posts"}],"about":[{"href":"https:\/\/www.lintelligentdabidjan.info\/news\/wp-json\/wp\/v2\/types\/post"}],"author":[{"embeddable":true,"href":"https:\/\/www.lintelligentdabidjan.info\/news\/wp-json\/wp\/v2\/users\/4"}],"replies":[{"embeddable":true,"href":"https:\/\/www.lintelligentdabidjan.info\/news\/wp-json\/wp\/v2\/comments?post=39917"}],"version-history":[{"count":1,"href":"https:\/\/www.lintelligentdabidjan.info\/news\/wp-json\/wp\/v2\/posts\/39917\/revisions"}],"predecessor-version":[{"id":39919,"href":"https:\/\/www.lintelligentdabidjan.info\/news\/wp-json\/wp\/v2\/posts\/39917\/revisions\/39919"}],"wp:featuredmedia":[{"embeddable":true,"href":"https:\/\/www.lintelligentdabidjan.info\/news\/wp-json\/wp\/v2\/media\/39918"}],"wp:attachment":[{"href":"https:\/\/www.lintelligentdabidjan.info\/news\/wp-json\/wp\/v2\/media?parent=39917"}],"wp:term":[{"taxonomy":"category","embeddable":true,"href":"https:\/\/www.lintelligentdabidjan.info\/news\/wp-json\/wp\/v2\/categories?post=39917"},{"taxonomy":"post_tag","embeddable":true,"href":"https:\/\/www.lintelligentdabidjan.info\/news\/wp-json\/wp\/v2\/tags?post=39917"}],"curies":[{"name":"wp","href":"https:\/\/api.w.org\/{rel}","templated":true}]}}