{"id":39932,"date":"2025-09-02T12:26:41","date_gmt":"2025-09-02T10:26:41","guid":{"rendered":"https:\/\/www.lintelligentdabidjan.info\/news\/?p=39932"},"modified":"2025-09-02T12:26:41","modified_gmt":"2025-09-02T10:26:41","slug":"hommage-a-djedje-pierre-claver-programme-complet-des-obseques","status":"publish","type":"post","link":"https:\/\/www.lintelligentdabidjan.info\/news\/hommage-a-djedje-pierre-claver-programme-complet-des-obseques\/","title":{"rendered":"Hommage \u00e0 DJ\u00c9DJ\u00c9 Pierre-Claver : programme complet des obs\u00e8ques"},"content":{"rendered":"<p><strong>La grande famille DJ\u00c9DJ\u00c9, alli\u00e9s et amis, ont la profonde douleur d\u2019annoncer le d\u00e9c\u00e8s de :<\/strong><\/p>\n<p>DJ\u00c9DJ\u00c9 Pierre-Claver<br \/>\nN\u00e9 le 18 d\u00e9cembre 1966 \u2013 D\u00e9c\u00e9d\u00e9 le 25 ao\u00fbt 2025 \u00e0 Abidjan.<\/p>\n<p>Petit-fils, fils, fr\u00e8re, \u00e9poux, p\u00e8re, neveu, beau-fils, beau-fr\u00e8re, ami, coll\u00e8gue et employeur, Pierre-Claver laisse un souvenir imp\u00e9rissable dans le c\u0153ur de tous ceux qui l\u2019ont connu.<\/p>\n<p><strong>Programme des obs\u00e8ques<\/strong><\/p>\n<p><strong>\u2022Jeudi 04 &#038; Vendredi 05 septembre 2025 : <\/strong><\/p>\n<p>Pr\u00e9sentation de condol\u00e9ances au domicile familial \u00e0 Kokou\u00e9zo \u2013 Gagnoa.<\/p>\n<p>\u2022<strong>Samedi 06 septembre 2025 (18h \u2013 20h) :<\/strong> <\/p>\n<p>Pr\u00e9sentation de condol\u00e9ances \u00e0 IVOSEP Treichville, Salle F\u00e9lix Houphou\u00ebt-Boigny.<\/p>\n<p>\u2022<strong>Dimanche 07 septembre 2025 (18h \u2013 20h) : <\/strong><\/p>\n<p>Pr\u00e9sentation de condol\u00e9ances \u00e0 IVOSEP Treichville, Salle F\u00e9lix Houphou\u00ebt-Boigny.<\/p>\n<p>\u2022<strong>Lundi 08 septembre 2025 (19h \u2013 20h30) : <\/strong><\/p>\n<p>Veill\u00e9e de pri\u00e8res \u00e0 IVOSEP Treichville, Salle F\u00e9lix Houphou\u00ebt-Boigny.<\/p>\n<p>\u2022<strong>Jeudi 11 septembre 2025 (16h30 \u2013 17h30) :<\/strong><\/p>\n<p> Lev\u00e9e de corps \u00e0 IVOSEP Treichville, Salle F\u00e9lix Houphou\u00ebt-Boigny.<\/p>\n<p>\u2022<strong>Vendredi 12 septembre 2025 :<\/strong><\/p>\n<p>18h : Partage d\u2019un repas au domicile familial \u00e0 Kokou\u00e9zo \u2013 Gagnoa<\/p>\n<p>20h : Veill\u00e9e religieuse suivie de la veill\u00e9e traditionnelle.<\/p>\n<p>\u2022<strong>Samedi 13 septembre 2025 : <\/strong><\/p>\n<p>Inhumation au caveau familial dans la stricte intimit\u00e9, \u00e0 Kokou\u00e9zo.<\/p>\n<p><strong>Hommage<\/strong><\/p>\n<p>\u00ab Son souvenir demeure, invisible mais \u00e9ternel.<br \/>\nLes morts ne sont pas sous la terre :<br \/>\nIls sont dans l\u2019arbre qui fr\u00e9mit,<br \/>\nIls sont dans l\u2019eau qui coule,<br \/>\nIls sont dans la case, ils sont dans la foule :<br \/>\nLes morts ne sont pas morts. \u00bb<\/p>\n","protected":false},"excerpt":{"rendered":"<p>La grande famille DJ\u00c9DJ\u00c9, alli\u00e9s et amis, ont la profonde douleur d\u2019annoncer le d\u00e9c\u00e8s de : DJ\u00c9DJ\u00c9 Pierre-Claver N\u00e9 le 18 d\u00e9cembre 1966 \u2013 D\u00e9c\u00e9d\u00e9 le 25 ao\u00fbt 2025 \u00e0 Abidjan. Petit-fils, fils, fr\u00e8re, \u00e9poux, p\u00e8re, neveu, beau-fils, beau-fr\u00e8re, ami, coll\u00e8gue et employeur, Pierre-Claver laisse un souvenir imp\u00e9rissable dans le c\u0153ur de tous ceux qui [&hellip;]<\/p>\n","protected":false},"author":4,"featured_media":39933,"comment_status":"closed","ping_status":"closed","sticky":false,"template":"","format":"standard","meta":{"_monsterinsights_skip_tracking":false,"_monsterinsights_sitenote_active":false,"_monsterinsights_sitenote_note":"","_monsterinsights_sitenote_category":0,"footnotes":""},"categories":[2,3],"tags":[],"class_list":["post-39932","post","type-post","status-publish","format-standard","has-post-thumbnail","hentry","category-featured","category-societe"],"_links":{"self":[{"href":"https:\/\/www.lintelligentdabidjan.info\/news\/wp-json\/wp\/v2\/posts\/39932","targetHints":{"allow":["GET"]}}],"collection":[{"href":"https:\/\/www.lintelligentdabidjan.info\/news\/wp-json\/wp\/v2\/posts"}],"about":[{"href":"https:\/\/www.lintelligentdabidjan.info\/news\/wp-json\/wp\/v2\/types\/post"}],"author":[{"embeddable":true,"href":"https:\/\/www.lintelligentdabidjan.info\/news\/wp-json\/wp\/v2\/users\/4"}],"replies":[{"embeddable":true,"href":"https:\/\/www.lintelligentdabidjan.info\/news\/wp-json\/wp\/v2\/comments?post=39932"}],"version-history":[{"count":1,"href":"https:\/\/www.lintelligentdabidjan.info\/news\/wp-json\/wp\/v2\/posts\/39932\/revisions"}],"predecessor-version":[{"id":39934,"href":"https:\/\/www.lintelligentdabidjan.info\/news\/wp-json\/wp\/v2\/posts\/39932\/revisions\/39934"}],"wp:featuredmedia":[{"embeddable":true,"href":"https:\/\/www.lintelligentdabidjan.info\/news\/wp-json\/wp\/v2\/media\/39933"}],"wp:attachment":[{"href":"https:\/\/www.lintelligentdabidjan.info\/news\/wp-json\/wp\/v2\/media?parent=39932"}],"wp:term":[{"taxonomy":"category","embeddable":true,"href":"https:\/\/www.lintelligentdabidjan.info\/news\/wp-json\/wp\/v2\/categories?post=39932"},{"taxonomy":"post_tag","embeddable":true,"href":"https:\/\/www.lintelligentdabidjan.info\/news\/wp-json\/wp\/v2\/tags?post=39932"}],"curies":[{"name":"wp","href":"https:\/\/api.w.org\/{rel}","templated":true}]}}