{"id":39945,"date":"2025-09-03T06:29:01","date_gmt":"2025-09-03T04:29:01","guid":{"rendered":"https:\/\/www.lintelligentdabidjan.info\/news\/?p=39945"},"modified":"2025-09-03T06:29:08","modified_gmt":"2025-09-03T04:29:08","slug":"presidentielle-2025-long-action-justice-invite-a-faire-confiance-aux-institutions","status":"publish","type":"post","link":"https:\/\/www.lintelligentdabidjan.info\/news\/presidentielle-2025-long-action-justice-invite-a-faire-confiance-aux-institutions\/","title":{"rendered":"Pr\u00e9sidentielle 2025-   L&#8217;ONG Action  Justice invite \u00e0 faire confiance aux institutions"},"content":{"rendered":"<p><em><strong>Le pr\u00e9sident du Conseil d\u2019administration de l\u2019ONG Action Justice , Kon\u00e9 Mamadou, a anim\u00e9 une conf\u00e9rence de presse le mardi 2 septembre 2025, au si\u00e8ge de l\u2019organisation  \u00e0 Abidjan-Cocody, afin de dresser le bilan de la  mission men\u00e9e dans le cadre de la pr\u00e9sidentielle .<\/strong><\/em><\/p>\n<p>Mise en place en septembre 2024, dans le cadre du projet intitul\u00e9 \u00ab Appui au renforcement du processus d\u00e9mocratique \u00e0 travers le suivi citoyen et participatif des \u00e9lections pr\u00e9sidentielles de 2025 \u00bb, cette mission a port\u00e9 sur la r\u00e9vision de la liste \u00e9lectorale 2024-2025, le monitoring des m\u00e9dias et des discours politiques, ainsi que l\u2019organisation d\u2019une caravane de sensibilisation et d\u2019\u00e9ducation des populations \u00e0 la culture d\u00e9mocratique.<\/p>\n<p>L\u2019ONG a relev\u00e9, entre autres, le faible int\u00e9r\u00eat manifest\u00e9 par la population vis-\u00e0-vis de la r\u00e9vision de la liste \u00e9lectorale, la faible affluence dans les commissions locales lors de la RLE, mais aussi des propos injurieux \u00e0 caract\u00e8re identitaire et x\u00e9nophobe, ainsi que des appels \u00e0 la violence diffus\u00e9s via les r\u00e9seaux sociaux dans le contexte \u00e9lectoral. <\/p>\n<p>Face \u00e0 ces constats, l\u2019organisation, par la voix de son pr\u00e9sident, a recommand\u00e9 notamment de renforcer la sensibilisation autour du processus \u00e9lectoral, d\u2019assainir le cyberespace en affichant plus de fermet\u00e9, d\u2019adopter un discours apais\u00e9 et responsable, et de respecter les institutions ainsi que les personnes qui les incarnent.<\/p>\n<p>En perspective de l\u2019\u00e9lection pr\u00e9sidentielle du 25 octobre, Kon\u00e9 Mamadou a annonc\u00e9 que l\u2019ONG d\u00e9ploiera 1 050 observateurs sur l\u2019ensemble du territoire national. <<Gr\u00e2ce \u00e0 son m\u00e9canisme d\u2019alerte pr\u00e9coce, Action Justice s'engage \u00e0 pr\u00e9venir les violences et \u00e0 promouvoir des \u00e9lections apais\u00e9es. Par ailleurs, l\u2019ONG continuera la caravane de sensibilisation et d'\u00e9ducation des populations ainsi que le monitoring des m\u00e9dias et des discours politiques.>>, a-t-il indiqu\u00e9.<\/p>\n<p>Il a enfin exhort\u00e9 tous les acteurs \u00e0 privil\u00e9gier la d\u00e9sescalade et \u00e0 faire confiance aux institutions de la R\u00e9publique.<\/p>\n<p><strong>Ibrahim Khalil<\/strong><\/p>\n","protected":false},"excerpt":{"rendered":"<p>Le pr\u00e9sident du Conseil d\u2019administration de l\u2019ONG Action Justice , Kon\u00e9 Mamadou, a anim\u00e9 une conf\u00e9rence de presse le mardi 2 septembre 2025, au si\u00e8ge de l\u2019organisation \u00e0 Abidjan-Cocody, afin de dresser le bilan de la mission men\u00e9e dans le cadre de la pr\u00e9sidentielle . Mise en place en septembre 2024, dans le cadre du [&hellip;]<\/p>\n","protected":false},"author":4,"featured_media":39946,"comment_status":"closed","ping_status":"closed","sticky":false,"template":"","format":"standard","meta":{"_monsterinsights_skip_tracking":false,"_monsterinsights_sitenote_active":false,"_monsterinsights_sitenote_note":"","_monsterinsights_sitenote_category":0,"footnotes":""},"categories":[2,17,3],"tags":[2654,6071,1621],"class_list":["post-39945","post","type-post","status-publish","format-standard","has-post-thumbnail","hentry","category-featured","category-politique","category-societe","tag-institutions","tag-long-action-justice","tag-presidentielle-2025"],"_links":{"self":[{"href":"https:\/\/www.lintelligentdabidjan.info\/news\/wp-json\/wp\/v2\/posts\/39945","targetHints":{"allow":["GET"]}}],"collection":[{"href":"https:\/\/www.lintelligentdabidjan.info\/news\/wp-json\/wp\/v2\/posts"}],"about":[{"href":"https:\/\/www.lintelligentdabidjan.info\/news\/wp-json\/wp\/v2\/types\/post"}],"author":[{"embeddable":true,"href":"https:\/\/www.lintelligentdabidjan.info\/news\/wp-json\/wp\/v2\/users\/4"}],"replies":[{"embeddable":true,"href":"https:\/\/www.lintelligentdabidjan.info\/news\/wp-json\/wp\/v2\/comments?post=39945"}],"version-history":[{"count":1,"href":"https:\/\/www.lintelligentdabidjan.info\/news\/wp-json\/wp\/v2\/posts\/39945\/revisions"}],"predecessor-version":[{"id":39947,"href":"https:\/\/www.lintelligentdabidjan.info\/news\/wp-json\/wp\/v2\/posts\/39945\/revisions\/39947"}],"wp:featuredmedia":[{"embeddable":true,"href":"https:\/\/www.lintelligentdabidjan.info\/news\/wp-json\/wp\/v2\/media\/39946"}],"wp:attachment":[{"href":"https:\/\/www.lintelligentdabidjan.info\/news\/wp-json\/wp\/v2\/media?parent=39945"}],"wp:term":[{"taxonomy":"category","embeddable":true,"href":"https:\/\/www.lintelligentdabidjan.info\/news\/wp-json\/wp\/v2\/categories?post=39945"},{"taxonomy":"post_tag","embeddable":true,"href":"https:\/\/www.lintelligentdabidjan.info\/news\/wp-json\/wp\/v2\/tags?post=39945"}],"curies":[{"name":"wp","href":"https:\/\/api.w.org\/{rel}","templated":true}]}}