{"id":39951,"date":"2025-09-03T06:35:15","date_gmt":"2025-09-03T04:35:15","guid":{"rendered":"https:\/\/www.lintelligentdabidjan.info\/news\/?p=39951"},"modified":"2025-09-03T06:35:19","modified_gmt":"2025-09-03T04:35:19","slug":"election-presidentielle-le-ceda-veut-promouvoir-la-cohesion-sociale-et-la-paix","status":"publish","type":"post","link":"https:\/\/www.lintelligentdabidjan.info\/news\/election-presidentielle-le-ceda-veut-promouvoir-la-cohesion-sociale-et-la-paix\/","title":{"rendered":"\u00c9lection pr\u00e9sidentielle-  Le Ceda veut promouvoir la coh\u00e9sion sociale et la paix"},"content":{"rendered":"<p><strong>L\u2019Assembl\u00e9e g\u00e9n\u00e9rale constitutive du Cercle des Devanciers et Anciens de l\u2019Association G\u00e9n\u00e9rale des \u00c9l\u00e8ves et \u00c9tudiants de C\u00f4te d\u2019Ivoire (Ceda) s&#8217;est tenue le dimanche 31 ao\u00fbt 2025 au Mus\u00e9e des civilisations Adama Toungara d&#8217;Abidjan-Abobo.<\/strong><\/p>\n<p>\u00c0 cette occasion,  Dr. Fofana Mamadou, pr\u00e9sident du Cercle des Devanciers et Anciens de l\u2019Association G\u00e9n\u00e9rale des \u00c9l\u00e8ves et \u00c9tudiants de C\u00f4te d\u2019Ivoire (Ceda), a indiqu\u00e9 que son r\u00e9seau vise \u00e0 promouvoir la coh\u00e9sion sociale et la paix. En cette p\u00e9riode \u00e9lectorale, il a affirm\u00e9 que le Ceda se donne pour mission de sensibiliser les Ivoiriens sur la notion de la paix. Parce que pour lui, le bien de la nation doit transcender les int\u00e9r\u00eats personnels ou politiques. \u00ab \u00c0 l\u2019approche de chaque \u00e9ch\u00e9ance \u00e9lectorale en C\u00f4te d&#8217;Ivoire, les tensions montent. Il \u00e9tait important pour nous d\u2019apporter notre pierre \u00e0 cette \u00e9dification de la coh\u00e9sion sociale et de rappeler \u00e0 l&#8217;ensemble des Ivoiriens qu&#8217;il est essentiel, \u00e0 l&#8217;approche de chaque \u00e9lection, de garder un climat social apais\u00e9. Pour nous, le plus important, c&#8217;est le devenir de la C\u00f4te d&#8217;Ivoire et non le r\u00e9sultat de l&#8217;action politique ou l&#8217;\u00e9lection pr\u00e9sidentielle \u00bb, a-t-il d\u00e9clar\u00e9.<\/p>\n<p>Pour traduire en acte ses id\u00e9es, Dr. Fofana a affirm\u00e9 que des activit\u00e9s de sensibilisation seront men\u00e9es dans diff\u00e9rentes villes et communes pour instruire la jeunesse sur la coh\u00e9sion sociale. Il a \u00e9galement ajout\u00e9 que des rencontres seront organis\u00e9es pour \u00e9difier les jeunes quant \u00e0 l&#8217;utilisation responsable des r\u00e9seaux sociaux. Le conf\u00e9rencier, Dr. Yves Doh, enseignant-chercheur et sp\u00e9cialiste de l&#8217;analyse des discours politiques, est intervenu sur le th\u00e8me : \u00ab Le cercle des anciens de l&#8217;Ageeci : Quel apport pour la coh\u00e9sion sociale en C\u00f4te d&#8217;Ivoire ? \u00bb. Il a mentionn\u00e9 que le Ceda doit non seulement \u00eatre l&#8217;organe qui pr\u00f4ne la paix et la coh\u00e9sion sociale, mais aussi que ses membres doivent parler de paix, du vivre ensemble et doivent \u00eatre un vecteur cl\u00e9 pour le bien-\u00eatre de la r\u00e9conciliation en C\u00f4te d&#8217;Ivoire. \u00ab En cette p\u00e9riode \u00e9lectorale, nous devons avoir des comportements citoyens et   responsables sur les r\u00e9seaux sociaux. Il faut \u00e9viter de partager des contenus qui incitent \u00e0 la haine. Il faut \u00e9galement \u00e9viter d&#8217;\u00eatre acteur de ceux qui s&#8217;adonnent \u00e0 la violence. Chaque membre du Ceda ou chaque Ivoirien doit \u0153uvrer pour des \u00e9lections apais\u00e9es. Nous avons une seule nation, un seul pays qu&#8217;est la C\u00f4te d&#8217;Ivoire \u00bb, a-t-il conclu.<\/p>\n<p><strong>Tour\u00e9 Abdoulaye avec A. Traor\u00e9<\/strong><\/p>\n","protected":false},"excerpt":{"rendered":"<p>L\u2019Assembl\u00e9e g\u00e9n\u00e9rale constitutive du Cercle des Devanciers et Anciens de l\u2019Association G\u00e9n\u00e9rale des \u00c9l\u00e8ves et \u00c9tudiants de C\u00f4te d\u2019Ivoire (Ceda) s&#8217;est tenue le dimanche 31 ao\u00fbt 2025 au Mus\u00e9e des civilisations Adama Toungara d&#8217;Abidjan-Abobo. \u00c0 cette occasion, Dr. Fofana Mamadou, pr\u00e9sident du Cercle des Devanciers et Anciens de l\u2019Association G\u00e9n\u00e9rale des \u00c9l\u00e8ves et \u00c9tudiants de [&hellip;]<\/p>\n","protected":false},"author":4,"featured_media":39952,"comment_status":"closed","ping_status":"closed","sticky":false,"template":"","format":"standard","meta":{"_monsterinsights_skip_tracking":false,"_monsterinsights_sitenote_active":false,"_monsterinsights_sitenote_note":"","_monsterinsights_sitenote_category":0,"footnotes":""},"categories":[2,17,3],"tags":[2879,6077,5972,6076],"class_list":["post-39951","post","type-post","status-publish","format-standard","has-post-thumbnail","hentry","category-featured","category-politique","category-societe","tag-election-presidentielle","tag-la-cohesion-sociale","tag-la-paix","tag-le-ceda"],"_links":{"self":[{"href":"https:\/\/www.lintelligentdabidjan.info\/news\/wp-json\/wp\/v2\/posts\/39951","targetHints":{"allow":["GET"]}}],"collection":[{"href":"https:\/\/www.lintelligentdabidjan.info\/news\/wp-json\/wp\/v2\/posts"}],"about":[{"href":"https:\/\/www.lintelligentdabidjan.info\/news\/wp-json\/wp\/v2\/types\/post"}],"author":[{"embeddable":true,"href":"https:\/\/www.lintelligentdabidjan.info\/news\/wp-json\/wp\/v2\/users\/4"}],"replies":[{"embeddable":true,"href":"https:\/\/www.lintelligentdabidjan.info\/news\/wp-json\/wp\/v2\/comments?post=39951"}],"version-history":[{"count":1,"href":"https:\/\/www.lintelligentdabidjan.info\/news\/wp-json\/wp\/v2\/posts\/39951\/revisions"}],"predecessor-version":[{"id":39953,"href":"https:\/\/www.lintelligentdabidjan.info\/news\/wp-json\/wp\/v2\/posts\/39951\/revisions\/39953"}],"wp:featuredmedia":[{"embeddable":true,"href":"https:\/\/www.lintelligentdabidjan.info\/news\/wp-json\/wp\/v2\/media\/39952"}],"wp:attachment":[{"href":"https:\/\/www.lintelligentdabidjan.info\/news\/wp-json\/wp\/v2\/media?parent=39951"}],"wp:term":[{"taxonomy":"category","embeddable":true,"href":"https:\/\/www.lintelligentdabidjan.info\/news\/wp-json\/wp\/v2\/categories?post=39951"},{"taxonomy":"post_tag","embeddable":true,"href":"https:\/\/www.lintelligentdabidjan.info\/news\/wp-json\/wp\/v2\/tags?post=39951"}],"curies":[{"name":"wp","href":"https:\/\/api.w.org\/{rel}","templated":true}]}}