{"id":39954,"date":"2025-09-03T06:37:59","date_gmt":"2025-09-03T04:37:59","guid":{"rendered":"https:\/\/www.lintelligentdabidjan.info\/news\/?p=39954"},"modified":"2025-09-03T06:38:03","modified_gmt":"2025-09-03T04:38:03","slug":"action-sociale-les-jumeaux-dosso-collectent-plus-de-200-poches-de-sang","status":"publish","type":"post","link":"https:\/\/www.lintelligentdabidjan.info\/news\/action-sociale-les-jumeaux-dosso-collectent-plus-de-200-poches-de-sang\/","title":{"rendered":"Action sociale-  Les jumeaux Dosso collectent plus de 200 poches de sang"},"content":{"rendered":"<p><em><strong>Selon  une note d\u2019information parvenue \u00e0 notre r\u00e9daction, les jumeaux Dosso ont c\u00e9l\u00e9br\u00e9 leur anniversaire de mani\u00e8re exceptionnelle en organisant une collecte de sang, le samedi 30 ao\u00fbt 2025, au Centre hospitalier universitaire d\u2019Abidjan-Cocody.<\/strong><\/em><\/p>\n<p>Cette initiative visait \u00e0 sensibiliser leur entourage et leur communaut\u00e9 sur l&#8217;importance du don de sang. \u00ab Au-del\u00e0 de la c\u00e9l\u00e9bration personnelle, il s\u2019agit d\u2019encourager un \u00e9lan collectif de solidarit\u00e9 et de montrer que chaque occasion peut \u00eatre transform\u00e9e en opportunit\u00e9 d\u2019impact positif \u00bb, a d\u00e9clar\u00e9 Le\u00efla Dosso. Elle a ajout\u00e9 que leur objectif \u00e9tait de contribuer, \u00e0 leur \u00e9chelle, \u00e0 renforcer les stocks de sang qui sauvent quotidiennement des vies. Pour les jumeaux, c\u00e9l\u00e9brer la vie ne se limitait pas \u00e0 souffler des bougies, mais \u00e0 poser un geste concret capable de sauver des vies. \u00ab Le don de sang est un acte simple mais porteur d\u2019espoir, et c\u2019est cette conviction qui nous a inspir\u00e9s \u00bb, a-t-elle soulign\u00e9. Gr\u00e2ce \u00e0 la mobilisation de leurs proches et amis, les jumeaux Dosso ont r\u00e9ussi \u00e0 collecter un peu plus de 200 poches de sang lors de cette action sociale. \u00ab Cette premi\u00e8re exp\u00e9rience nous a confort\u00e9s dans l\u2019id\u00e9e que c\u00e9l\u00e9brer peut aussi rimer avec solidarit\u00e9 \u00bb, a poursuivi Le\u00efla. Elle a \u00e9galement exprim\u00e9 leur intention de renouveler ce type d&#8217;action, que ce soit \u00e0 travers d&#8217;autres collectes de sang ou des activit\u00e9s sociales et caritatives pour soutenir diverses causes. \u00ab L\u2019id\u00e9e est d\u2019installer une tradition d\u2019impact autour de nos c\u00e9l\u00e9brations \u00bb, a-t-elle conclu.<\/p>\n<p><strong>Tour\u00e9 Abdoulaye avec A. Traor\u00e9<\/strong><\/p>\n","protected":false},"excerpt":{"rendered":"<p>Selon une note d\u2019information parvenue \u00e0 notre r\u00e9daction, les jumeaux Dosso ont c\u00e9l\u00e9br\u00e9 leur anniversaire de mani\u00e8re exceptionnelle en organisant une collecte de sang, le samedi 30 ao\u00fbt 2025, au Centre hospitalier universitaire d\u2019Abidjan-Cocody. Cette initiative visait \u00e0 sensibiliser leur entourage et leur communaut\u00e9 sur l&#8217;importance du don de sang. \u00ab Au-del\u00e0 de la c\u00e9l\u00e9bration [&hellip;]<\/p>\n","protected":false},"author":4,"featured_media":39955,"comment_status":"closed","ping_status":"closed","sticky":false,"template":"","format":"standard","meta":{"_monsterinsights_skip_tracking":false,"_monsterinsights_sitenote_active":false,"_monsterinsights_sitenote_note":"","_monsterinsights_sitenote_category":0,"footnotes":""},"categories":[2,3],"tags":[802,6079,6078,6080],"class_list":["post-39954","post","type-post","status-publish","format-standard","has-post-thumbnail","hentry","category-featured","category-societe","tag-action-sociale","tag-collectent","tag-les-jumeaux-dosso","tag-poches-de-sang"],"_links":{"self":[{"href":"https:\/\/www.lintelligentdabidjan.info\/news\/wp-json\/wp\/v2\/posts\/39954","targetHints":{"allow":["GET"]}}],"collection":[{"href":"https:\/\/www.lintelligentdabidjan.info\/news\/wp-json\/wp\/v2\/posts"}],"about":[{"href":"https:\/\/www.lintelligentdabidjan.info\/news\/wp-json\/wp\/v2\/types\/post"}],"author":[{"embeddable":true,"href":"https:\/\/www.lintelligentdabidjan.info\/news\/wp-json\/wp\/v2\/users\/4"}],"replies":[{"embeddable":true,"href":"https:\/\/www.lintelligentdabidjan.info\/news\/wp-json\/wp\/v2\/comments?post=39954"}],"version-history":[{"count":1,"href":"https:\/\/www.lintelligentdabidjan.info\/news\/wp-json\/wp\/v2\/posts\/39954\/revisions"}],"predecessor-version":[{"id":39956,"href":"https:\/\/www.lintelligentdabidjan.info\/news\/wp-json\/wp\/v2\/posts\/39954\/revisions\/39956"}],"wp:featuredmedia":[{"embeddable":true,"href":"https:\/\/www.lintelligentdabidjan.info\/news\/wp-json\/wp\/v2\/media\/39955"}],"wp:attachment":[{"href":"https:\/\/www.lintelligentdabidjan.info\/news\/wp-json\/wp\/v2\/media?parent=39954"}],"wp:term":[{"taxonomy":"category","embeddable":true,"href":"https:\/\/www.lintelligentdabidjan.info\/news\/wp-json\/wp\/v2\/categories?post=39954"},{"taxonomy":"post_tag","embeddable":true,"href":"https:\/\/www.lintelligentdabidjan.info\/news\/wp-json\/wp\/v2\/tags?post=39954"}],"curies":[{"name":"wp","href":"https:\/\/api.w.org\/{rel}","templated":true}]}}