{"id":39981,"date":"2025-09-05T07:34:06","date_gmt":"2025-09-05T05:34:06","guid":{"rendered":"https:\/\/www.lintelligentdabidjan.info\/news\/?p=39981"},"modified":"2025-09-05T07:40:11","modified_gmt":"2025-09-05T05:40:11","slug":"lintelligent-en-pdf-interview-sadibou-marong-reporters-sans-frontieres-afrique-subsaharienne-desinformation-election-et-liberte-de-la-presse-ce-quon-peut-dire-sur-la-cote-d","status":"publish","type":"post","link":"https:\/\/www.lintelligentdabidjan.info\/news\/lintelligent-en-pdf-interview-sadibou-marong-reporters-sans-frontieres-afrique-subsaharienne-desinformation-election-et-liberte-de-la-presse-ce-quon-peut-dire-sur-la-cote-d\/","title":{"rendered":"L&#8217;Intelligent en PDF:    Interview-Sadibou Marong, Reporters sans fronti\u00e8res Afrique subsaharienne : \u00ab D\u00e9sinformation, \u00e9lection et libert\u00e9 de la presse : ce qu\u2019on peut dire sur la C\u00f4te d\u2019Ivoire \u00bb"},"content":{"rendered":"<p><strong>\u00c0 l&#8217;approche de l\u2019\u00e9lection pr\u00e9sidentielle de 2025 en C\u00f4te d\u2019Ivoire, Reporters sans fronti\u00e8res (RSF) insiste sur la n\u00e9cessit\u00e9 de prot\u00e9ger les journalistes, souvent expos\u00e9s aux menaces, agressions et pressions politiques. Dans une interview accord\u00e9e \u00e0 l\u2019Intelligent d\u2019Abidjan et \u00e0 l\u2019Intelligent.Tv, Sadibou Marong directeur du bureau de Reporters sans fronti\u00e8res pour l&#8217;Afrique subsaharienne, livre ses recommandations pour un climat m\u00e9diatique apais\u00e9, fond\u00e9 sur la responsabilit\u00e9 et la libert\u00e9 d\u2019informer.<\/strong><\/p>\n<p>Interview \u00e0 d\u00e9couvrir dans vos kiosques et en ligne sur&#8230;<\/p>\n<p><a href=\"https:\/\/news.abidjan.net\/titrologie\/39-lintelligent-dabidjan\/articles\" target=\"_blank\">https:\/\/news.abidjan.net\/titrologie\/39-lintelligent-dabidjan\/articles<\/a><\/p>\n<p>\u00c0 lire \u00e9galement moments historiques pour Air C\u00f4te d\u2019Ivoire , de Toulouse \u00e0 Abidjan avec la Premi\u00e8re Dame Dominique Ouattara, Cheick A\u00efma Ousmane Diakit\u00e9 et Vagondo Diomand\u00e9 lancent un appel \u00e0 l&#8217;occasion du Mahouloud 2025 , Emerse Fa\u00e9 et son groupe pour la premi\u00e8re place du groupe F aux \u00c9liminatoires du Mondial 2026.<\/p>\n<p>Cliquez pour les d\u00e9tails<\/p>\n<p><a href=\"https:\/\/www.afrikipresse.fr\/abonnement\" target=\"_blank\">https:\/\/www.afrikipresse.fr\/abonnement<\/a><\/p>\n<p>\u00c0 voir aussi Ma\u00efzan Koffi et Karim Ouattara renforcent la mobilisation au niveau du RHDP \u00e0 Bondoukou et le bilan du Festival ANE-SR\u00ca dans le canton Gbaloan-Sud.<\/p>\n<p><a href=\"https:\/\/www.pressecotedivoire.fr\/titrologie\" target=\"_blank\">https:\/\/www.pressecotedivoire.fr\/titrologie<\/a><\/p>\n","protected":false},"excerpt":{"rendered":"<p>\u00c0 l&#8217;approche de l\u2019\u00e9lection pr\u00e9sidentielle de 2025 en C\u00f4te d\u2019Ivoire, Reporters sans fronti\u00e8res (RSF) insiste sur la n\u00e9cessit\u00e9 de prot\u00e9ger les journalistes, souvent expos\u00e9s aux menaces, agressions et pressions politiques. Dans une interview accord\u00e9e \u00e0 l\u2019Intelligent d\u2019Abidjan et \u00e0 l\u2019Intelligent.Tv, Sadibou Marong directeur du bureau de Reporters sans fronti\u00e8res pour l&#8217;Afrique subsaharienne, livre ses recommandations [&hellip;]<\/p>\n","protected":false},"author":4,"featured_media":39982,"comment_status":"closed","ping_status":"closed","sticky":false,"template":"","format":"standard","meta":{"_monsterinsights_skip_tracking":false,"_monsterinsights_sitenote_active":false,"_monsterinsights_sitenote_note":"","_monsterinsights_sitenote_category":0,"footnotes":""},"categories":[2,3],"tags":[],"class_list":["post-39981","post","type-post","status-publish","format-standard","has-post-thumbnail","hentry","category-featured","category-societe"],"_links":{"self":[{"href":"https:\/\/www.lintelligentdabidjan.info\/news\/wp-json\/wp\/v2\/posts\/39981","targetHints":{"allow":["GET"]}}],"collection":[{"href":"https:\/\/www.lintelligentdabidjan.info\/news\/wp-json\/wp\/v2\/posts"}],"about":[{"href":"https:\/\/www.lintelligentdabidjan.info\/news\/wp-json\/wp\/v2\/types\/post"}],"author":[{"embeddable":true,"href":"https:\/\/www.lintelligentdabidjan.info\/news\/wp-json\/wp\/v2\/users\/4"}],"replies":[{"embeddable":true,"href":"https:\/\/www.lintelligentdabidjan.info\/news\/wp-json\/wp\/v2\/comments?post=39981"}],"version-history":[{"count":1,"href":"https:\/\/www.lintelligentdabidjan.info\/news\/wp-json\/wp\/v2\/posts\/39981\/revisions"}],"predecessor-version":[{"id":39983,"href":"https:\/\/www.lintelligentdabidjan.info\/news\/wp-json\/wp\/v2\/posts\/39981\/revisions\/39983"}],"wp:featuredmedia":[{"embeddable":true,"href":"https:\/\/www.lintelligentdabidjan.info\/news\/wp-json\/wp\/v2\/media\/39982"}],"wp:attachment":[{"href":"https:\/\/www.lintelligentdabidjan.info\/news\/wp-json\/wp\/v2\/media?parent=39981"}],"wp:term":[{"taxonomy":"category","embeddable":true,"href":"https:\/\/www.lintelligentdabidjan.info\/news\/wp-json\/wp\/v2\/categories?post=39981"},{"taxonomy":"post_tag","embeddable":true,"href":"https:\/\/www.lintelligentdabidjan.info\/news\/wp-json\/wp\/v2\/tags?post=39981"}],"curies":[{"name":"wp","href":"https:\/\/api.w.org\/{rel}","templated":true}]}}