{"id":40024,"date":"2025-09-08T04:35:34","date_gmt":"2025-09-08T02:35:34","guid":{"rendered":"https:\/\/www.lintelligentdabidjan.info\/news\/?p=40024"},"modified":"2025-09-08T13:01:50","modified_gmt":"2025-09-08T11:01:50","slug":"rentree-scolaire-2025-2026-la-jgeci-offre-72-kits-scolaires-aux-enfants-vulnerables","status":"publish","type":"post","link":"https:\/\/www.lintelligentdabidjan.info\/news\/rentree-scolaire-2025-2026-la-jgeci-offre-72-kits-scolaires-aux-enfants-vulnerables\/","title":{"rendered":"Rentr\u00e9e scolaire 2025-2026-   La JGECI offre 72 kits scolaires aux enfants vuln\u00e9rables"},"content":{"rendered":"<p><em><strong>La structure Jeune g\u00e9n\u00e9ration engag\u00e9e pour la C\u00f4te d\u2019Ivoire (JGECI) a organis\u00e9, le samedi 6 septembre 2025, \u00e0 Abobo, une c\u00e9r\u00e9monie de remise de kits scolaires destin\u00e9e \u00e0 72 enfants vuln\u00e9rables de la commune, dans l&#8217;optique de garantir une rentr\u00e9e scolaire digne et \u00e9quitable \u00e0 ces enfants.<\/strong><\/em><\/p>\n<p>Au total, 72 kits scolaires complets ont \u00e9t\u00e9 offerts \u00e0 des enfants identifi\u00e9s en situation de pr\u00e9carit\u00e9. La remise s&#8217;est d\u00e9roul\u00e9e en pr\u00e9sence de leaders communautaires et d&#8217;\u00e9tablissements locaux partenaires de cette action. Selon Djahou\u00e9 SAKO, pr\u00e9sident du JGECI, chaque kit comprend un sac \u00e0 dos, des cahiers, des stylos, des crayons, des r\u00e8gles, des gommes, des ardoises, un ensemble g\u00e9om\u00e9trique, ainsi qu&#8217;un mot d\u2019encouragement personnalis\u00e9. La valeur totale de ces dons est estim\u00e9e \u00e0 plus de 600 000 FCFA. \u00ab Cette c\u00e9r\u00e9monie est bien plus qu\u2019un geste mat\u00e9riel. Elle refl\u00e8te notre conviction profonde que chaque enfant m\u00e9rite une chance et que chaque jeune peut \u00eatre un vecteur de changement. En cette p\u00e9riode \u00e9lectorale, nous r\u00e9affirmons notre engagement pour une C\u00f4te d\u2019Ivoire unie, apais\u00e9e et tourn\u00e9e vers l\u2019avenir. Notre action est un appel silencieux \u00e0 la conscience collective. \u00c9duquer, c\u2019est construire la paix \u00bb, a d\u00e9clar\u00e9 Djahou\u00e9 SAKO. Poursuivant, le pr\u00e9sident de la JGECI a indiqu\u00e9 que cette action vise \u00e0 garantir une rentr\u00e9e scolaire digne et \u00e9quitable pour les enfants les plus d\u00e9favoris\u00e9s. Pour rappel, la Jeune g\u00e9n\u00e9ration engag\u00e9e pour la C\u00f4te d&#8217;Ivoire (JGECI) est un mouvement de jeunesse dont l&#8217;objectif est de favoriser la solidarit\u00e9 et le rassemblement au sein de la jeunesse ivoirienne.<\/p>\n<p><strong>Mamadou Ouattara avec Ly Abdul <\/strong><\/p>\n","protected":false},"excerpt":{"rendered":"<p>La structure Jeune g\u00e9n\u00e9ration engag\u00e9e pour la C\u00f4te d\u2019Ivoire (JGECI) a organis\u00e9, le samedi 6 septembre 2025, \u00e0 Abobo, une c\u00e9r\u00e9monie de remise de kits scolaires destin\u00e9e \u00e0 72 enfants vuln\u00e9rables de la commune, dans l&#8217;optique de garantir une rentr\u00e9e scolaire digne et \u00e9quitable \u00e0 ces enfants. Au total, 72 kits scolaires complets ont \u00e9t\u00e9 [&hellip;]<\/p>\n","protected":false},"author":4,"featured_media":40025,"comment_status":"closed","ping_status":"closed","sticky":false,"template":"","format":"standard","meta":{"_monsterinsights_skip_tracking":false,"_monsterinsights_sitenote_active":false,"_monsterinsights_sitenote_note":"","_monsterinsights_sitenote_category":0,"footnotes":""},"categories":[2,3],"tags":[6101,1263,6100,6099],"class_list":["post-40024","post","type-post","status-publish","format-standard","has-post-thumbnail","hentry","category-featured","category-societe","tag-enfants-vulnerables","tag-kits-scolaires","tag-la-jgeci","tag-rentree-scolaire-2025-2026"],"_links":{"self":[{"href":"https:\/\/www.lintelligentdabidjan.info\/news\/wp-json\/wp\/v2\/posts\/40024","targetHints":{"allow":["GET"]}}],"collection":[{"href":"https:\/\/www.lintelligentdabidjan.info\/news\/wp-json\/wp\/v2\/posts"}],"about":[{"href":"https:\/\/www.lintelligentdabidjan.info\/news\/wp-json\/wp\/v2\/types\/post"}],"author":[{"embeddable":true,"href":"https:\/\/www.lintelligentdabidjan.info\/news\/wp-json\/wp\/v2\/users\/4"}],"replies":[{"embeddable":true,"href":"https:\/\/www.lintelligentdabidjan.info\/news\/wp-json\/wp\/v2\/comments?post=40024"}],"version-history":[{"count":3,"href":"https:\/\/www.lintelligentdabidjan.info\/news\/wp-json\/wp\/v2\/posts\/40024\/revisions"}],"predecessor-version":[{"id":40043,"href":"https:\/\/www.lintelligentdabidjan.info\/news\/wp-json\/wp\/v2\/posts\/40024\/revisions\/40043"}],"wp:featuredmedia":[{"embeddable":true,"href":"https:\/\/www.lintelligentdabidjan.info\/news\/wp-json\/wp\/v2\/media\/40025"}],"wp:attachment":[{"href":"https:\/\/www.lintelligentdabidjan.info\/news\/wp-json\/wp\/v2\/media?parent=40024"}],"wp:term":[{"taxonomy":"category","embeddable":true,"href":"https:\/\/www.lintelligentdabidjan.info\/news\/wp-json\/wp\/v2\/categories?post=40024"},{"taxonomy":"post_tag","embeddable":true,"href":"https:\/\/www.lintelligentdabidjan.info\/news\/wp-json\/wp\/v2\/tags?post=40024"}],"curies":[{"name":"wp","href":"https:\/\/api.w.org\/{rel}","templated":true}]}}