{"id":40030,"date":"2025-09-08T04:41:35","date_gmt":"2025-09-08T02:41:35","guid":{"rendered":"https:\/\/www.lintelligentdabidjan.info\/news\/?p=40030"},"modified":"2025-09-08T04:42:01","modified_gmt":"2025-09-08T02:42:01","slug":"korhogo-non-karna-coulibaly-dote-lepp-gnalelekaha-dun-batiment-de-trois-classes-et-dun-bureau","status":"publish","type":"post","link":"https:\/\/www.lintelligentdabidjan.info\/news\/korhogo-non-karna-coulibaly-dote-lepp-gnalelekaha-dun-batiment-de-trois-classes-et-dun-bureau\/","title":{"rendered":"Korhogo \u2013 Non Karna Coulibaly dote l\u2019EPP Gnal\u00e8l\u00e8kaha d\u2019un b\u00e2timent de trois classes et d\u2019un bureau"},"content":{"rendered":"<p><strong>Le coordonnateur g\u00e9n\u00e9ral du Programme social du Gouvernement (PSGouv), Non Karna Coulibaly, par ailleurs Administrateur g\u00e9n\u00e9ral des Services financiers, a proc\u00e9d\u00e9 le vendredi 5 septembre 2025 \u00e0 la remise officielle d\u2019un b\u00e2timent flambant neuf de trois salles de classe et d\u2019un bureau du directeur \u00e0 l\u2019\u00c9cole primaire publique (EPP) de Gnal\u00e8l\u00e8kaha, dans le d\u00e9partement de Korhogo.<\/strong><\/p>\n<p>Financ\u00e9 sur fonds propres par Non Karna Coulibaly, fils de la localit\u00e9, \u00e0 hauteur de 35 millions de FCFA, cet ouvrage s\u2019inscrit dans sa volont\u00e9 d\u2019am\u00e9liorer les conditions de vie des populations, en particulier dans le domaine de l\u2019\u00e9ducation.<\/p>\n<p>Dans son intervention, le donateur a r\u00e9affirm\u00e9 son attachement \u00e0 l\u2019\u00e9cole, qu\u2019il consid\u00e8re comme \u00ab un pilier du d\u00e9veloppement local et national \u00bb.<\/p>\n<p>\u00ab L\u2019une de mes priorit\u00e9s reste de permettre \u00e0 chaque enfant d\u2019avoir acc\u00e8s \u00e0 l\u2019\u00e9cole dans des conditions dignes et favorables \u00e0 l\u2019apprentissage. Offrir des salles de classe adapt\u00e9es et s\u00e9curis\u00e9es, c\u2019est contribuer \u00e0 construire l\u2019avenir de nos enfants \u00bb, a-t-il d\u00e9clar\u00e9.<\/p>\n<p>Aux parents d\u2019\u00e9l\u00e8ves, Non Karna Coulibaly a lanc\u00e9 un appel \u00e0 la responsabilit\u00e9 collective :<\/p>\n<p>\u00ab Ce b\u00e2timent que nous vous remettons aujourd\u2019hui est un symbole fort de notre engagement en faveur de l\u2019\u00e9ducation. Nous comptons sur vous pour en prendre soin, pr\u00e9server les \u00e9quipements et encourager vos enfants \u00e0 fr\u00e9quenter l\u2019\u00e9cole avec assiduit\u00e9. L\u2019\u00e9ducation est l\u2019affaire de tous, et ensemble nous pouvons relever ce d\u00e9fi. \u00bb<\/p>\n<p><strong>Une r\u00e9ponse aux besoins pressants<\/strong><\/p>\n<p>Repr\u00e9sentant la ministre de l\u2019\u00c9ducation nationale et de l\u2019Alphab\u00e9tisation, Mariatou Kon\u00e9, le directeur r\u00e9gional, Brahima Traor\u00e9, a salu\u00e9 \u00ab un geste citoyen et g\u00e9n\u00e9reux \u00bb. Il a soulign\u00e9 que cette infrastructure contribuera \u00e0 d\u00e9sengorger les classes surcharg\u00e9es et \u00e0 am\u00e9liorer la qualit\u00e9 des apprentissages.<\/p>\n<p>Il a \u00e9galement insist\u00e9 sur la n\u00e9cessit\u00e9 de scolariser tous les enfants du village, rappelant que leur avenir passe par l\u2019\u00e9cole.<\/p>\n<p>Le nouveau b\u00e2timent est dot\u00e9 de tables-bancs, d\u2019un bureau fonctionnel pour le directeur et d\u2019un syst\u00e8me d\u2019alimentation en \u00e9nergie solaire. Cette autonomie \u00e9nerg\u00e9tique permet de garantir l\u2019\u00e9clairage en toute circonstance, cr\u00e9ant ainsi un cadre d\u2019\u00e9tude propice \u00e0 la r\u00e9ussite scolaire.<\/p>\n<p>La remise officielle de l\u2019ouvrage s\u2019est d\u00e9roul\u00e9e dans une ambiance festive. Femmes, jeunes et notables ont exprim\u00e9 leur reconnaissance \u00e0 travers chants, danses et b\u00e9n\u00e9dictions.<\/p>\n<p>Pour la communaut\u00e9 de Gnal\u00e8l\u00e8kaha, ce b\u00e2timent d\u00e9passe le simple cadre d\u2019une infrastructure scolaire : il repr\u00e9sente un investissement durable dans l\u2019avenir des enfants et dans le d\u00e9veloppement de toute la r\u00e9gion.<\/p>\n<p><strong>Nambac\u00e9r\u00e9 Jo\u00ebl <\/strong><\/p>\n","protected":false},"excerpt":{"rendered":"<p>Le coordonnateur g\u00e9n\u00e9ral du Programme social du Gouvernement (PSGouv), Non Karna Coulibaly, par ailleurs Administrateur g\u00e9n\u00e9ral des Services financiers, a proc\u00e9d\u00e9 le vendredi 5 septembre 2025 \u00e0 la remise officielle d\u2019un b\u00e2timent flambant neuf de trois salles de classe et d\u2019un bureau du directeur \u00e0 l\u2019\u00c9cole primaire publique (EPP) de Gnal\u00e8l\u00e8kaha, dans le d\u00e9partement de [&hellip;]<\/p>\n","protected":false},"author":4,"featured_media":40031,"comment_status":"closed","ping_status":"closed","sticky":false,"template":"","format":"standard","meta":{"_monsterinsights_skip_tracking":false,"_monsterinsights_sitenote_active":false,"_monsterinsights_sitenote_note":"","_monsterinsights_sitenote_category":0,"footnotes":""},"categories":[2,3],"tags":[326,6106,6105],"class_list":["post-40030","post","type-post","status-publish","format-standard","has-post-thumbnail","hentry","category-featured","category-societe","tag-korhogo","tag-lepp-gnalelekaha","tag-non-karna-coulibaly"],"_links":{"self":[{"href":"https:\/\/www.lintelligentdabidjan.info\/news\/wp-json\/wp\/v2\/posts\/40030","targetHints":{"allow":["GET"]}}],"collection":[{"href":"https:\/\/www.lintelligentdabidjan.info\/news\/wp-json\/wp\/v2\/posts"}],"about":[{"href":"https:\/\/www.lintelligentdabidjan.info\/news\/wp-json\/wp\/v2\/types\/post"}],"author":[{"embeddable":true,"href":"https:\/\/www.lintelligentdabidjan.info\/news\/wp-json\/wp\/v2\/users\/4"}],"replies":[{"embeddable":true,"href":"https:\/\/www.lintelligentdabidjan.info\/news\/wp-json\/wp\/v2\/comments?post=40030"}],"version-history":[{"count":1,"href":"https:\/\/www.lintelligentdabidjan.info\/news\/wp-json\/wp\/v2\/posts\/40030\/revisions"}],"predecessor-version":[{"id":40032,"href":"https:\/\/www.lintelligentdabidjan.info\/news\/wp-json\/wp\/v2\/posts\/40030\/revisions\/40032"}],"wp:featuredmedia":[{"embeddable":true,"href":"https:\/\/www.lintelligentdabidjan.info\/news\/wp-json\/wp\/v2\/media\/40031"}],"wp:attachment":[{"href":"https:\/\/www.lintelligentdabidjan.info\/news\/wp-json\/wp\/v2\/media?parent=40030"}],"wp:term":[{"taxonomy":"category","embeddable":true,"href":"https:\/\/www.lintelligentdabidjan.info\/news\/wp-json\/wp\/v2\/categories?post=40030"},{"taxonomy":"post_tag","embeddable":true,"href":"https:\/\/www.lintelligentdabidjan.info\/news\/wp-json\/wp\/v2\/tags?post=40030"}],"curies":[{"name":"wp","href":"https:\/\/api.w.org\/{rel}","templated":true}]}}