{"id":40033,"date":"2025-09-08T04:44:20","date_gmt":"2025-09-08T02:44:20","guid":{"rendered":"https:\/\/www.lintelligentdabidjan.info\/news\/?p=40033"},"modified":"2025-09-08T04:44:20","modified_gmt":"2025-09-08T02:44:20","slug":"dabakala-la-feespy-plaide-pour-des-elections-apaisees","status":"publish","type":"post","link":"https:\/\/www.lintelligentdabidjan.info\/news\/dabakala-la-feespy-plaide-pour-des-elections-apaisees\/","title":{"rendered":"Dabakala &#8211; La F\u00e9espy plaide pour des \u00e9lections apais\u00e9es"},"content":{"rendered":"<p><em><strong>La F\u00e9d\u00e9ration des \u00e9l\u00e8ves et \u00e9tudiants de la sous-pr\u00e9fecture de Yaoss\u00e9dougou (F\u00e9\u00e9spy), dans le d\u00e9partement de Dabakala, a organis\u00e9, le samedi 6 septembre 2025, la 5\u1d49 \u00e9dition de sa journ\u00e9e socio-culturelle, sportive et d\u2019excellence. Les festivit\u00e9s se sont d\u00e9roul\u00e9es \u00e0 l\u2019\u00e9cole primaire de Gb\u00ear\u00eakoro-Bambarasso, localit\u00e9 situ\u00e9e \u00e0 4 kilom\u00e8tres de Yaoss\u00e9dougou, en pr\u00e9sence des populations des neuf villages de la sous-pr\u00e9fecture.<\/strong><\/em><\/p>\n<p>Plac\u00e9e sous le th\u00e8me \u00ab La contribution de la jeunesse pour une \u00e9lection apais\u00e9e en C\u00f4te d\u2019Ivoire \u00bb, cette \u00e9dition a r\u00e9uni autorit\u00e9s administratives, \u00e9lus, cadres et notabilit\u00e9s, aux c\u00f4t\u00e9s des jeunes et des \u00e9l\u00e8ves.<\/p>\n<p>Dans son allocution, le pr\u00e9sident de la F\u00e9\u00e9spy, Tour\u00e9 Inza, a expliqu\u00e9 le choix du th\u00e8me.<\/p>\n<p>\u00ab Le th\u00e8me n\u2019a pas \u00e9t\u00e9 choisi au hasard. On parle d\u2019excellence, mais pour atteindre l\u2019excellence, il faut d\u2019abord la paix. Or, nous sommes en ann\u00e9e \u00e9lectorale. Nous voulons que les \u00e9lections se d\u00e9roulent dans la paix afin que nos \u00e9tudes ne soient pas perturb\u00e9es \u00bb, a-t-il soulign\u00e9.<\/p>\n<p>Il a, par ailleurs, invit\u00e9 les populations de la sous-pr\u00e9fecture \u00e0 la responsabilit\u00e9, \u00e0 la sagesse et \u00e0 l\u2019unit\u00e9.<\/p>\n<p>\u00ab Plus que jamais, il nous faut choisir le dialogue, le respect et la fraternit\u00e9. L\u2019\u00e9lection n\u2019est pas un conflit, mais un moyen pacifique d\u2019expression de notre volont\u00e9 collective. En refusant la violence et en privil\u00e9giant la coh\u00e9sion, nous assurerons un avenir stable pour notre pays \u00bb, a-t-il exhort\u00e9.<\/p>\n<p><strong>Des encouragements et des f\u00e9licitations<\/strong><\/p>\n<p>Le parrain de la c\u00e9r\u00e9monie, l\u2019honorable Coulibaly Aboubacary, a salu\u00e9 cette initiative qu\u2019il a qualifi\u00e9e de signe de maturit\u00e9.<\/p>\n<p>\u00ab Ces jeunes savent que la C\u00f4te d\u2019Ivoire a besoin de paix et de stabilit\u00e9 pour leur offrir des opportunit\u00e9s d\u2019emploi et de d\u00e9veloppement \u00bb, s\u2019est-il r\u00e9joui.<\/p>\n<p>De son c\u00f4t\u00e9, le pr\u00e9sident de la c\u00e9r\u00e9monie, le sous-pr\u00e9fet de Dabakala, Grah Jean Jacques, a insist\u00e9 sur la n\u00e9cessit\u00e9 de promouvoir la coh\u00e9sion sociale et l\u2019\u00e9ducation.<\/p>\n<p>\u00ab L\u2019\u00e9cole est le meilleur investissement. Peut-\u00eatre que certains parents n\u2019ont pas eu, \u00e0 leur \u00e9poque, les moyens de scolariser leurs enfants. Mais aujourd\u2019hui, il faut donner cette chance aux nouvelles g\u00e9n\u00e9rations. Chaque enfant scolaris\u00e9 est une promesse d\u2019avenir \u00bb, a-t-il affirm\u00e9.<\/p>\n<p>Tour\u00e9 Nambalassigu\u00e9, repr\u00e9sentant du R\u00e9seau des cadres de la sous-pr\u00e9fecture de Yaoss\u00e9dougou, a, quant \u00e0 lui, salu\u00e9 les performances scolaires enregistr\u00e9es ces deux derni\u00e8res ann\u00e9es. La sous-pr\u00e9fecture a obtenu un taux de r\u00e9ussite de 95 % au BEPC en 2024 et de 100 % en 2025, pla\u00e7ant ainsi son \u00e9tablissement en t\u00eate du Hambol deux ann\u00e9es cons\u00e9cutives.<\/p>\n<p>Il a profit\u00e9 de l\u2019occasion pour lancer un appel \u00e0 la mobilisation des cadres autour de l\u2019\u00e9ducation :<\/p>\n<p>\u00ab Nos enfants sont notre rel\u00e8ve. Investir dans leur formation, c\u2019est garantir un avenir assur\u00e9 pour notre r\u00e9gion. \u00bb<\/p>\n<p><strong>Nambac\u00e9r\u00e9 Jo\u00ebl <\/strong><\/p>\n","protected":false},"excerpt":{"rendered":"<p>La F\u00e9d\u00e9ration des \u00e9l\u00e8ves et \u00e9tudiants de la sous-pr\u00e9fecture de Yaoss\u00e9dougou (F\u00e9\u00e9spy), dans le d\u00e9partement de Dabakala, a organis\u00e9, le samedi 6 septembre 2025, la 5\u1d49 \u00e9dition de sa journ\u00e9e socio-culturelle, sportive et d\u2019excellence. Les festivit\u00e9s se sont d\u00e9roul\u00e9es \u00e0 l\u2019\u00e9cole primaire de Gb\u00ear\u00eakoro-Bambarasso, localit\u00e9 situ\u00e9e \u00e0 4 kilom\u00e8tres de Yaoss\u00e9dougou, en pr\u00e9sence des populations [&hellip;]<\/p>\n","protected":false},"author":4,"featured_media":40034,"comment_status":"closed","ping_status":"closed","sticky":false,"template":"","format":"standard","meta":{"_monsterinsights_skip_tracking":false,"_monsterinsights_sitenote_active":false,"_monsterinsights_sitenote_note":"","_monsterinsights_sitenote_category":0,"footnotes":""},"categories":[2,3],"tags":[3313,5500,6107],"class_list":["post-40033","post","type-post","status-publish","format-standard","has-post-thumbnail","hentry","category-featured","category-societe","tag-dabakala","tag-elections-apaisees","tag-la-feespy"],"_links":{"self":[{"href":"https:\/\/www.lintelligentdabidjan.info\/news\/wp-json\/wp\/v2\/posts\/40033","targetHints":{"allow":["GET"]}}],"collection":[{"href":"https:\/\/www.lintelligentdabidjan.info\/news\/wp-json\/wp\/v2\/posts"}],"about":[{"href":"https:\/\/www.lintelligentdabidjan.info\/news\/wp-json\/wp\/v2\/types\/post"}],"author":[{"embeddable":true,"href":"https:\/\/www.lintelligentdabidjan.info\/news\/wp-json\/wp\/v2\/users\/4"}],"replies":[{"embeddable":true,"href":"https:\/\/www.lintelligentdabidjan.info\/news\/wp-json\/wp\/v2\/comments?post=40033"}],"version-history":[{"count":1,"href":"https:\/\/www.lintelligentdabidjan.info\/news\/wp-json\/wp\/v2\/posts\/40033\/revisions"}],"predecessor-version":[{"id":40035,"href":"https:\/\/www.lintelligentdabidjan.info\/news\/wp-json\/wp\/v2\/posts\/40033\/revisions\/40035"}],"wp:featuredmedia":[{"embeddable":true,"href":"https:\/\/www.lintelligentdabidjan.info\/news\/wp-json\/wp\/v2\/media\/40034"}],"wp:attachment":[{"href":"https:\/\/www.lintelligentdabidjan.info\/news\/wp-json\/wp\/v2\/media?parent=40033"}],"wp:term":[{"taxonomy":"category","embeddable":true,"href":"https:\/\/www.lintelligentdabidjan.info\/news\/wp-json\/wp\/v2\/categories?post=40033"},{"taxonomy":"post_tag","embeddable":true,"href":"https:\/\/www.lintelligentdabidjan.info\/news\/wp-json\/wp\/v2\/tags?post=40033"}],"curies":[{"name":"wp","href":"https:\/\/api.w.org\/{rel}","templated":true}]}}