{"id":40039,"date":"2025-09-08T04:50:17","date_gmt":"2025-09-08T02:50:17","guid":{"rendered":"https:\/\/www.lintelligentdabidjan.info\/news\/?p=40039"},"modified":"2025-09-08T04:50:17","modified_gmt":"2025-09-08T02:50:17","slug":"lintelligent-en-pdf-celebration-des-75-ans-des-chiffres-qui-imposent-le-respect-pour-le-port-dabidjan-devoiles","status":"publish","type":"post","link":"https:\/\/www.lintelligentdabidjan.info\/news\/lintelligent-en-pdf-celebration-des-75-ans-des-chiffres-qui-imposent-le-respect-pour-le-port-dabidjan-devoiles\/","title":{"rendered":"L&#8217;Intelligent en PDF:       C\u00e9l\u00e9bration des 75 ans   Des chiffres qui imposent le respect pour le Port d&#8217;Abidjan  d\u00e9voil\u00e9s"},"content":{"rendered":"<p><strong>Le directeur g\u00e9n\u00e9ral du Port autonome d\u2019Abidjan, Hien Yacouba SIE, a anim\u00e9 une conf\u00e9rence de presse le vendredi 5 septembre 2025, au si\u00e8ge de l\u2019institution \u00e0 Abidjan-Treichville. Cette rencontre avec les m\u00e9dias visait \u00e0 pr\u00e9senter les festivit\u00e9s du 75e anniversaire du Port d\u2019Abidjan et \u00e0 retracer son parcours. Des chiffres qui imposent le respect pour le Port d&#8217;Abidjan ont \u00e9t\u00e9 d\u00e9voil\u00e9s. <\/strong><\/p>\n<p>Article \u00e0 d\u00e9couvrir dans vos kiosques et en ligne sur&#8230;<\/p>\n<p><a href=\"https:\/\/news.abidjan.net\/titrologie\/39-lintelligent-dabidjan\/articles\" target=\"_blank\" rel=\"noopener\">https:\/\/news.abidjan.net\/titrologie\/39-lintelligent-dabidjan\/articles<\/a><\/p>\n<p>\u00c0 lire \u00e9galement le compte rendu de l&#8217;inauguration du tron\u00e7on M&#8217;batto\u2013Anoumaba\u2013C\u00e9chi, l\u2019\u00e9lectrification c\u00e9l\u00e9bree , Alassane Ouattara honor\u00e9 par le Canton Pongala Nord \u00e0 Boundiali, ce que Amed\u00e9 Kouakou a dit \u00e0 des jeunes du G\u00f4h-Djiboua, Ouattara et Bacongo au c\u0153ur d\u2019une jeunesse unie pour la paix lors du tournoi Zadi Dj\u00e9dj\u00e9 \u00e0 Gagnoa, Chaque citoyen doit avoir acc\u00e8s \u00e0 Internet, o\u00f9 qu\u2019il vive, selon Kalil Konat\u00e9 .<\/p>\n<p>Cliquez pour les d\u00e9tails<\/p>\n<p><a href=\"https:\/\/www.afrikipresse.fr\/abonnement\" target=\"_blank\" rel=\"noopener\">https:\/\/www.afrikipresse.fr\/abonnement<\/a><\/p>\n<p>\u00c0 voir aussi la Tribune Nasseneba Tour\u00e9 attrist\u00e9e par les femmes qui pr\u00e9disent le chaos et la victoire en marche, \u00e0 la Pr\u00e9sidentielle 202 selon Harlette Badou.<\/p>\n<p><a href=\"https:\/\/www.pressecotedivoire.fr\/titrologie\" target=\"_blank\" rel=\"noopener\">https:\/\/www.pressecotedivoire.fr\/titrologie<\/a><\/p>\n","protected":false},"excerpt":{"rendered":"<p>Le directeur g\u00e9n\u00e9ral du Port autonome d\u2019Abidjan, Hien Yacouba SIE, a anim\u00e9 une conf\u00e9rence de presse le vendredi 5 septembre 2025, au si\u00e8ge de l\u2019institution \u00e0 Abidjan-Treichville. Cette rencontre avec les m\u00e9dias visait \u00e0 pr\u00e9senter les festivit\u00e9s du 75e anniversaire du Port d\u2019Abidjan et \u00e0 retracer son parcours. Des chiffres qui imposent le respect pour [&hellip;]<\/p>\n","protected":false},"author":4,"featured_media":40040,"comment_status":"closed","ping_status":"closed","sticky":false,"template":"","format":"standard","meta":{"_monsterinsights_skip_tracking":false,"_monsterinsights_sitenote_active":false,"_monsterinsights_sitenote_note":"","_monsterinsights_sitenote_category":0,"footnotes":""},"categories":[2,3],"tags":[],"class_list":["post-40039","post","type-post","status-publish","format-standard","has-post-thumbnail","hentry","category-featured","category-societe"],"_links":{"self":[{"href":"https:\/\/www.lintelligentdabidjan.info\/news\/wp-json\/wp\/v2\/posts\/40039","targetHints":{"allow":["GET"]}}],"collection":[{"href":"https:\/\/www.lintelligentdabidjan.info\/news\/wp-json\/wp\/v2\/posts"}],"about":[{"href":"https:\/\/www.lintelligentdabidjan.info\/news\/wp-json\/wp\/v2\/types\/post"}],"author":[{"embeddable":true,"href":"https:\/\/www.lintelligentdabidjan.info\/news\/wp-json\/wp\/v2\/users\/4"}],"replies":[{"embeddable":true,"href":"https:\/\/www.lintelligentdabidjan.info\/news\/wp-json\/wp\/v2\/comments?post=40039"}],"version-history":[{"count":1,"href":"https:\/\/www.lintelligentdabidjan.info\/news\/wp-json\/wp\/v2\/posts\/40039\/revisions"}],"predecessor-version":[{"id":40041,"href":"https:\/\/www.lintelligentdabidjan.info\/news\/wp-json\/wp\/v2\/posts\/40039\/revisions\/40041"}],"wp:featuredmedia":[{"embeddable":true,"href":"https:\/\/www.lintelligentdabidjan.info\/news\/wp-json\/wp\/v2\/media\/40040"}],"wp:attachment":[{"href":"https:\/\/www.lintelligentdabidjan.info\/news\/wp-json\/wp\/v2\/media?parent=40039"}],"wp:term":[{"taxonomy":"category","embeddable":true,"href":"https:\/\/www.lintelligentdabidjan.info\/news\/wp-json\/wp\/v2\/categories?post=40039"},{"taxonomy":"post_tag","embeddable":true,"href":"https:\/\/www.lintelligentdabidjan.info\/news\/wp-json\/wp\/v2\/tags?post=40039"}],"curies":[{"name":"wp","href":"https:\/\/api.w.org\/{rel}","templated":true}]}}