{"id":40071,"date":"2025-09-10T06:22:33","date_gmt":"2025-09-10T04:22:33","guid":{"rendered":"https:\/\/www.lintelligentdabidjan.info\/news\/?p=40071"},"modified":"2025-09-10T06:55:12","modified_gmt":"2025-09-10T04:55:12","slug":"sante-la-medecine-traditionnelle-desormais-autorisee-dans-les-hopitaux-publics-ivoiriens","status":"publish","type":"post","link":"https:\/\/www.lintelligentdabidjan.info\/news\/sante-la-medecine-traditionnelle-desormais-autorisee-dans-les-hopitaux-publics-ivoiriens\/","title":{"rendered":"Sant\u00e9 &#8211;  La m\u00e9decine traditionnelle d\u00e9sormais autoris\u00e9e dans les h\u00f4pitaux publics ivoiriens"},"content":{"rendered":"<p><em><strong>Longtemps marginalis\u00e9e malgr\u00e9 son ancrage profond dans les pratiques de sant\u00e9 des populations, la m\u00e9decine traditionnelle ivoirienne obtient enfin une reconnaissance officielle. En effet,un arr\u00eat\u00e9 minist\u00e9riel autorise d\u00e9sormais son exercice au sein des \u00e9tablissements publics de sant\u00e9. Une d\u00e9cision historique qui ouvre la voie \u00e0 une collaboration entre m\u00e9decine traditionnelle et m\u00e9decine moderne.<br \/>\n<\/strong><\/em><\/p>\n<p>Ma\u00eetre Aboutou Koffi, naturoth\u00e9rapeute et d\u00e9fenseur de cette pratique ancestrale, a r\u00e9v\u00e9l\u00e9 l\u2019information lors d\u2019une conf\u00e9rence de presse organis\u00e9e le vendredi 03 septembre 2025 dans ses locaux \u00e0 Cocody Riviera sous le th\u00e8me \u00ab La collaboration entre m\u00e9decine traditionnelle et m\u00e9decine moderne dans l\u2019arsenal th\u00e9rapeutique ivoirien \u00bb.<\/p>\n<p>Le conf\u00e9rencier a annonc\u00e9 que cette avanc\u00e9e repose sur un arr\u00eat\u00e9 minist\u00e9riel sign\u00e9 le 2 f\u00e9vrier 2021 par le pr\u00e9sident du conseil \u00e9conomique, social, environnemental et culturel Dr Aka Aou\u00e9l\u00e9 alors ministre de la Sant\u00e9.<\/p>\n<p>Ce texte, r\u00e9f\u00e9renc\u00e9 N\u00b000016\/MSP\/cab, cr\u00e9e une Unit\u00e9 de M\u00e9decine Traditionnelle (UMT), en pr\u00e9cisant ses attributions, sa composition, son organisation et son fonctionnement.<\/p>\n<p>\u00ab La C\u00f4te d\u2019Ivoire reconna\u00eet et r\u00e9habilite sa m\u00e9decine traditionnelle \u00bb, s\u2019est r\u00e9joui Me Aboutou Koffi, tout en d\u00e9plorant que cette d\u00e9cision soit rest\u00e9e m\u00e9connue pendant plusieurs ann\u00e9es. \u00ab J\u2019ai eu connaissance de cet arr\u00eat\u00e9 quatre ans apr\u00e8s sa signature. Aujourd\u2019hui, je me dois de partager l\u2019information avec toute la C\u00f4te d\u2019Ivoire, le monde entier et l\u2019humanit\u00e9 \u00bb, a-t-il d\u00e9clar\u00e9.<\/p>\n<p><strong>Vers une int\u00e9gration dans les h\u00f4pitaux publics<\/strong><\/p>\n<p>Selon le naturoth\u00e9rapeute, cette reconnaissance permettra aux patients de consulter librement des praticiens de m\u00e9decine traditionnelle sans crainte de stigmatisation : \u00ab Aujourd\u2019hui, l\u2019\u00c9tat nous autorise. La m\u00e9decine traditionnelle est la m\u00e9decine de tous les jours. Nous sommes 14 000 tradi-praticiens en C\u00f4te d\u2019Ivoire. C\u2019est ensemble que nous allons gu\u00e9rir les malades \u00bb.<\/p>\n<p>Il a \u00e9galement lanc\u00e9 un appel aux autorit\u00e9s pour que cette d\u00e9cision se mat\u00e9rialise concr\u00e8tement \u00e0 travers l\u2019ouverture de b\u00e2timents d\u00e9di\u00e9s dans les h\u00f4pitaux publics, afin d\u2019y installer les futures Unit\u00e9s de M\u00e9decine Traditionnelle (UMT).<\/p>\n<p><strong>Une expertise d\u00e9j\u00e0 \u00e9prouv\u00e9e<\/strong><\/p>\n<p>Me Aboutou Koffi n\u2019est pas \u00e9tranger au syst\u00e8me hospitalier moderne. Il a exerc\u00e9 pendant pr\u00e8s de quatre ans au sein du Centre Hospitalier Universitaire (CHU) de Treichville. Fort de cette double exp\u00e9rience, il incarne cette volont\u00e9 d\u2019unir deux approches th\u00e9rapeutiques longtemps per\u00e7ues comme antagonistes.<\/p>\n<p>Cette d\u00e9cision minist\u00e9rielle pourrait bien marquer un tournant dans le syst\u00e8me de sant\u00e9 ivoirien, en valorisant les savoirs endog\u00e8nes tout en encourageant un dialogue ouvert avec la m\u00e9decine conventionnelle.<\/p>\n<p><strong>G\u00e9rard Batoua avec sercom<\/strong><\/p>\n","protected":false},"excerpt":{"rendered":"<p>Longtemps marginalis\u00e9e malgr\u00e9 son ancrage profond dans les pratiques de sant\u00e9 des populations, la m\u00e9decine traditionnelle ivoirienne obtient enfin une reconnaissance officielle. En effet,un arr\u00eat\u00e9 minist\u00e9riel autorise d\u00e9sormais son exercice au sein des \u00e9tablissements publics de sant\u00e9. Une d\u00e9cision historique qui ouvre la voie \u00e0 une collaboration entre m\u00e9decine traditionnelle et m\u00e9decine moderne. Ma\u00eetre Aboutou [&hellip;]<\/p>\n","protected":false},"author":4,"featured_media":40072,"comment_status":"closed","ping_status":"closed","sticky":false,"template":"","format":"standard","meta":{"_monsterinsights_skip_tracking":false,"_monsterinsights_sitenote_active":false,"_monsterinsights_sitenote_note":"","_monsterinsights_sitenote_category":0,"footnotes":""},"categories":[2,3],"tags":[6129,6130,495],"class_list":["post-40071","post","type-post","status-publish","format-standard","has-post-thumbnail","hentry","category-featured","category-societe","tag-hopitaux-publics-ivoiriens","tag-la-medecine-traditionnelle","tag-sante"],"_links":{"self":[{"href":"https:\/\/www.lintelligentdabidjan.info\/news\/wp-json\/wp\/v2\/posts\/40071","targetHints":{"allow":["GET"]}}],"collection":[{"href":"https:\/\/www.lintelligentdabidjan.info\/news\/wp-json\/wp\/v2\/posts"}],"about":[{"href":"https:\/\/www.lintelligentdabidjan.info\/news\/wp-json\/wp\/v2\/types\/post"}],"author":[{"embeddable":true,"href":"https:\/\/www.lintelligentdabidjan.info\/news\/wp-json\/wp\/v2\/users\/4"}],"replies":[{"embeddable":true,"href":"https:\/\/www.lintelligentdabidjan.info\/news\/wp-json\/wp\/v2\/comments?post=40071"}],"version-history":[{"count":2,"href":"https:\/\/www.lintelligentdabidjan.info\/news\/wp-json\/wp\/v2\/posts\/40071\/revisions"}],"predecessor-version":[{"id":40079,"href":"https:\/\/www.lintelligentdabidjan.info\/news\/wp-json\/wp\/v2\/posts\/40071\/revisions\/40079"}],"wp:featuredmedia":[{"embeddable":true,"href":"https:\/\/www.lintelligentdabidjan.info\/news\/wp-json\/wp\/v2\/media\/40072"}],"wp:attachment":[{"href":"https:\/\/www.lintelligentdabidjan.info\/news\/wp-json\/wp\/v2\/media?parent=40071"}],"wp:term":[{"taxonomy":"category","embeddable":true,"href":"https:\/\/www.lintelligentdabidjan.info\/news\/wp-json\/wp\/v2\/categories?post=40071"},{"taxonomy":"post_tag","embeddable":true,"href":"https:\/\/www.lintelligentdabidjan.info\/news\/wp-json\/wp\/v2\/tags?post=40071"}],"curies":[{"name":"wp","href":"https:\/\/api.w.org\/{rel}","templated":true}]}}