{"id":40074,"date":"2025-09-10T06:36:46","date_gmt":"2025-09-10T04:36:46","guid":{"rendered":"https:\/\/www.lintelligentdabidjan.info\/news\/?p=40074"},"modified":"2025-09-10T06:38:59","modified_gmt":"2025-09-10T04:38:59","slug":"lintelligent-en-pdf-interview-dr-acko-ubrich-venceslas-mes-verites-sur-la-maladie-dalzheimer-la-geriatrie-et-la-gerontologie","status":"publish","type":"post","link":"https:\/\/www.lintelligentdabidjan.info\/news\/lintelligent-en-pdf-interview-dr-acko-ubrich-venceslas-mes-verites-sur-la-maladie-dalzheimer-la-geriatrie-et-la-gerontologie\/","title":{"rendered":"L&#8217;Intelligent en PDF:    Interview-Dr Acko Ubrich Venceslas : &#8221; Mes v\u00e9rit\u00e9s sur la maladie d&#8217;Alzheimer, la g\u00e9riatrie et la g\u00e9rontologie"},"content":{"rendered":"<p><strong>Au sein du CHU de Cocody Angr\u00e9, Dr Acko Ubrich Venceslas, Ma\u00eetre de Conf\u00e9rences Agr\u00e9g\u00e9 en G\u00e9riatrie et Enseignant-Chercheur \u00e0 l\u2019Universit\u00e9 F\u00e9lix Houphou\u00ebt-Boigny, a accord\u00e9 une interview \u00e0 L\u2019Intelligent d\u2019Abidjan. Il a dit ses v\u00e9rit\u00e9s sur la maladie d&#8217;Alzheimer, la g\u00e9riatrie et la g\u00e9rontologie. <\/strong><\/p>\n<p>Une Interview \u00e0 d\u00e9couvrir dans vos kiosques et en ligne sur&#8230;<\/p>\n<p><a href=\"https:\/\/news.abidjan.net\/titrologie\/39-lintelligent-dabidjan\/articles\" target=\"_blank\" rel=\"noopener\">https:\/\/news.abidjan.net\/titrologie\/39-lintelligent-dabidjan\/articles<\/a><\/p>\n<p>\u00c0 lire aussi Beugr\u00e9 Mamb\u00e9 appelle \u00e0 l&#8217;action contre la fi\u00e8vre de Lassa, Les 2 Yako de la Premi\u00e8re Dame Dominique Ouattara, Fran\u00e7oise Remarck et Amadou Kon\u00e9 lancent la r\u00e9fection du Centre culturel Jacques Aka \u00e0 Bouak\u00e9,ce que le Pr\u00e9fet de Yamoussoukro Gando Coulibaly et Dano Dj\u00e9dj\u00e9 ont dit apr\u00e8s la publication de la liste d\u00e9finitive des candidats \u00e0 la pr\u00e9sidentielle 2025.<\/p>\n<p>Cliquez pour les d\u00e9tails<\/p>\n<p><a href=\"https:\/\/www.afrikipresse.fr\/abonnement\" target=\"_blank\" rel=\"noopener\">https:\/\/www.afrikipresse.fr\/abonnement<\/a><\/p>\n<p>\u00c0 voir \u00e9galement le compte rendu du match C\u00f4te d&#8217;Ivoire-Gabon \u00e0 Franceville.<\/p>\n<p><a href=\"https:\/\/www.pressecotedivoire.fr\/titrologie\" target=\"_blank\" rel=\"noopener\">https:\/\/www.pressecotedivoire.fr\/titrologie<\/a><\/p>\n<p>&nbsp;<\/p>\n<p>&nbsp;<\/p>\n<p>&nbsp;<\/p>\n","protected":false},"excerpt":{"rendered":"<p>Au sein du CHU de Cocody Angr\u00e9, Dr Acko Ubrich Venceslas, Ma\u00eetre de Conf\u00e9rences Agr\u00e9g\u00e9 en G\u00e9riatrie et Enseignant-Chercheur \u00e0 l\u2019Universit\u00e9 F\u00e9lix Houphou\u00ebt-Boigny, a accord\u00e9 une interview \u00e0 L\u2019Intelligent d\u2019Abidjan. Il a dit ses v\u00e9rit\u00e9s sur la maladie d&#8217;Alzheimer, la g\u00e9riatrie et la g\u00e9rontologie. Une Interview \u00e0 d\u00e9couvrir dans vos kiosques et en ligne sur&#8230; [&hellip;]<\/p>\n","protected":false},"author":4,"featured_media":40075,"comment_status":"closed","ping_status":"closed","sticky":false,"template":"","format":"standard","meta":{"_monsterinsights_skip_tracking":false,"_monsterinsights_sitenote_active":false,"_monsterinsights_sitenote_note":"","_monsterinsights_sitenote_category":0,"footnotes":""},"categories":[2,3],"tags":[],"class_list":["post-40074","post","type-post","status-publish","format-standard","has-post-thumbnail","hentry","category-featured","category-societe"],"_links":{"self":[{"href":"https:\/\/www.lintelligentdabidjan.info\/news\/wp-json\/wp\/v2\/posts\/40074","targetHints":{"allow":["GET"]}}],"collection":[{"href":"https:\/\/www.lintelligentdabidjan.info\/news\/wp-json\/wp\/v2\/posts"}],"about":[{"href":"https:\/\/www.lintelligentdabidjan.info\/news\/wp-json\/wp\/v2\/types\/post"}],"author":[{"embeddable":true,"href":"https:\/\/www.lintelligentdabidjan.info\/news\/wp-json\/wp\/v2\/users\/4"}],"replies":[{"embeddable":true,"href":"https:\/\/www.lintelligentdabidjan.info\/news\/wp-json\/wp\/v2\/comments?post=40074"}],"version-history":[{"count":3,"href":"https:\/\/www.lintelligentdabidjan.info\/news\/wp-json\/wp\/v2\/posts\/40074\/revisions"}],"predecessor-version":[{"id":40078,"href":"https:\/\/www.lintelligentdabidjan.info\/news\/wp-json\/wp\/v2\/posts\/40074\/revisions\/40078"}],"wp:featuredmedia":[{"embeddable":true,"href":"https:\/\/www.lintelligentdabidjan.info\/news\/wp-json\/wp\/v2\/media\/40075"}],"wp:attachment":[{"href":"https:\/\/www.lintelligentdabidjan.info\/news\/wp-json\/wp\/v2\/media?parent=40074"}],"wp:term":[{"taxonomy":"category","embeddable":true,"href":"https:\/\/www.lintelligentdabidjan.info\/news\/wp-json\/wp\/v2\/categories?post=40074"},{"taxonomy":"post_tag","embeddable":true,"href":"https:\/\/www.lintelligentdabidjan.info\/news\/wp-json\/wp\/v2\/tags?post=40074"}],"curies":[{"name":"wp","href":"https:\/\/api.w.org\/{rel}","templated":true}]}}