{"id":40084,"date":"2025-09-11T05:06:34","date_gmt":"2025-09-11T03:06:34","guid":{"rendered":"https:\/\/www.lintelligentdabidjan.info\/news\/?p=40084"},"modified":"2025-09-11T05:06:41","modified_gmt":"2025-09-11T03:06:41","slug":"en-visite-en-cote-divoire-diene-keita-directrice-executive-de-lunfpa-visite-linfas","status":"publish","type":"post","link":"https:\/\/www.lintelligentdabidjan.info\/news\/en-visite-en-cote-divoire-diene-keita-directrice-executive-de-lunfpa-visite-linfas\/","title":{"rendered":"En visite en C\u00f4te d\u2019Ivoire-   Diene Keita, directrice ex\u00e9cutive de l\u2019Unfpa visite l\u2019Infas"},"content":{"rendered":"<p><strong>La nouvelle directrice ex\u00e9cutive du Fonds des Nations Unies pour la population (Unfpa) et Sous-secr\u00e9taire g\u00e9n\u00e9rale des Nations Unies, Diene Keita a visit\u00e9, le mardi 09 septembre 2025, l\u2019Institut National de Formation des Agents de Sant\u00e9 (Infas), d&#8217;Abidjan-Treichville.<\/strong><\/p>\n<p>Lors de sa visite, Diene Keita a soulign\u00e9 l&#8217;importance de l\u2019Institut National de Formation des Agents de Sant\u00e9 (Infas), qui est un centre d&#8217;excellence formant des jeunes femmes et hommes \u00e0 sauver des vies, tant dans les zones urbaines que recul\u00e9es. \u00ab Votre centre est consid\u00e9r\u00e9 comme un centre d&#8217;excellence. Les jeunes hommes et les jeunes femmes qui sortent de ce centre ont pour mission exceptionnelle de sauver des vies. Et ces vies sont sauv\u00e9es aussi bien dans les grands centres urbains que dans les centres les plus \u00e9loign\u00e9s. Notre d\u00e9fi commun, le Fonds des Nations Unies pour la population et le gouvernement de C\u00f4te d&#8217;Ivoire, c\u2019est de nous assurer de mettre ensemble tous nos efforts pour que ce centre, ces \u00e9l\u00e8ves, donc ces ressources humaines, puissent accomplir cette t\u00e2che le mieux possible et que vous continuiez ce qu&#8217;on appelle le cycle de formation continue, parce qu&#8217;il ne s&#8217;agit pas d&#8217;\u00eatre form\u00e9 \u00bb, a-t-elle d\u00e9clar\u00e9, avant d\u2019insister sur la n\u00e9cessit\u00e9 de continuer \u00e0 se former dans un monde digitalis\u00e9. Repr\u00e9sentant le ministre de la Sant\u00e9, de l\u2019Hygi\u00e8ne publique et de la Couverture maladie universelle, le directeur de cabinet, Dr Aka Koffi Charles, a expliqu\u00e9 que la vision du gouvernement ivoirien est de r\u00e9duire le taux de d\u00e9c\u00e8s maternel, n\u00e9onatal et infantile. \u00ab L\u2019un de nos indicateurs phares que nous recherchons, c&#8217;est la r\u00e9duction du taux de d\u00e9c\u00e8s maternel, n\u00e9onatal et infantile. C\u2019est vrai que le gouvernement a d\u00e9cid\u00e9 de renforcer les capacit\u00e9s par la cr\u00e9ation d&#8217;h\u00f4pitaux de r\u00e9f\u00e9rence, d&#8217;h\u00f4pitaux r\u00e9gionaux et d&#8217;h\u00f4pitaux d\u00e9partementaux. Mais tout cela n&#8217;aurait pas de sens si nous n&#8217;avons pas l&#8217;agent de sant\u00e9 en qualit\u00e9 et en quantit\u00e9 \u00bb, a-t-il indiqu\u00e9, saluant ainsi l&#8217;accompagnement de l\u2019Unfpa qui permet d&#8217;aller dans le sens de la qualit\u00e9.<\/p>\n<p>B\u00e9n\u00e9ficiaires du projet Swedd, une initiative de l\u2019Unfpa et de la Banque mondiale, Maka Yarpeu Gabin, enseignant \u00e0 l&#8217;Infas et porte-parole des trois cohortes de Master, a affirm\u00e9 que gr\u00e2ce au projet, ils sont devenus des agents de transformation. \u00ab La formation que nous avons re\u00e7ue en management des services de sant\u00e9 au Mali, en p\u00e9dagogie en C\u00f4te d&#8217;Ivoire, et en sant\u00e9 de la reproduction au Niger a \u00e9t\u00e9 bien plus qu&#8217;un simple apprentissage. Cette formation enti\u00e8rement gratuite nous a ouvert les portes d&#8217;une expertise de niveau international. Nous avons acquis des comp\u00e9tences que nous n&#8217;osions m\u00eame pas r\u00eaver : concevoir des programmes d&#8217;enseignement r\u00e9volutionnaires, ma\u00eetriser les m\u00e9thodes p\u00e9dagogiques les plus avanc\u00e9es, manager des \u00e9quipes et surtout, sauver des vies de m\u00e8res et d&#8217;enfants avec une expertise renouvel\u00e9e \u00bb, a-t-il soulign\u00e9.<\/p>\n<p>La Directrice de l\u2019Infas, Professeur M\u00e9liane N\u2019Dhatz-Ebagnitchi\u00e9 \u00c9pse Sanogo, a exprim\u00e9 sa reconnaissance pour cette visite. Puis elle a soulign\u00e9 l\u2019appui continu dont b\u00e9n\u00e9ficie l\u2019institution.<\/p>\n<p><strong>Tour\u00e9 Abdoulaye avec A. Traor\u00e9<\/strong><\/p>\n","protected":false},"excerpt":{"rendered":"<p>La nouvelle directrice ex\u00e9cutive du Fonds des Nations Unies pour la population (Unfpa) et Sous-secr\u00e9taire g\u00e9n\u00e9rale des Nations Unies, Diene Keita a visit\u00e9, le mardi 09 septembre 2025, l\u2019Institut National de Formation des Agents de Sant\u00e9 (Infas), d&#8217;Abidjan-Treichville. Lors de sa visite, Diene Keita a soulign\u00e9 l&#8217;importance de l\u2019Institut National de Formation des Agents de [&hellip;]<\/p>\n","protected":false},"author":4,"featured_media":40085,"comment_status":"closed","ping_status":"closed","sticky":false,"template":"","format":"standard","meta":{"_monsterinsights_skip_tracking":false,"_monsterinsights_sitenote_active":false,"_monsterinsights_sitenote_note":"","_monsterinsights_sitenote_category":0,"footnotes":""},"categories":[2,3],"tags":[77,6134,6131,6133,6132],"class_list":["post-40084","post","type-post","status-publish","format-standard","has-post-thumbnail","hentry","category-featured","category-societe","tag-cote-divoire","tag-diene-keita","tag-directrice-executive","tag-linfas","tag-lunfpa"],"_links":{"self":[{"href":"https:\/\/www.lintelligentdabidjan.info\/news\/wp-json\/wp\/v2\/posts\/40084","targetHints":{"allow":["GET"]}}],"collection":[{"href":"https:\/\/www.lintelligentdabidjan.info\/news\/wp-json\/wp\/v2\/posts"}],"about":[{"href":"https:\/\/www.lintelligentdabidjan.info\/news\/wp-json\/wp\/v2\/types\/post"}],"author":[{"embeddable":true,"href":"https:\/\/www.lintelligentdabidjan.info\/news\/wp-json\/wp\/v2\/users\/4"}],"replies":[{"embeddable":true,"href":"https:\/\/www.lintelligentdabidjan.info\/news\/wp-json\/wp\/v2\/comments?post=40084"}],"version-history":[{"count":1,"href":"https:\/\/www.lintelligentdabidjan.info\/news\/wp-json\/wp\/v2\/posts\/40084\/revisions"}],"predecessor-version":[{"id":40086,"href":"https:\/\/www.lintelligentdabidjan.info\/news\/wp-json\/wp\/v2\/posts\/40084\/revisions\/40086"}],"wp:featuredmedia":[{"embeddable":true,"href":"https:\/\/www.lintelligentdabidjan.info\/news\/wp-json\/wp\/v2\/media\/40085"}],"wp:attachment":[{"href":"https:\/\/www.lintelligentdabidjan.info\/news\/wp-json\/wp\/v2\/media?parent=40084"}],"wp:term":[{"taxonomy":"category","embeddable":true,"href":"https:\/\/www.lintelligentdabidjan.info\/news\/wp-json\/wp\/v2\/categories?post=40084"},{"taxonomy":"post_tag","embeddable":true,"href":"https:\/\/www.lintelligentdabidjan.info\/news\/wp-json\/wp\/v2\/tags?post=40084"}],"curies":[{"name":"wp","href":"https:\/\/api.w.org\/{rel}","templated":true}]}}